{"id":1109,"date":"2021-06-08T10:05:45","date_gmt":"2021-06-08T07:05:45","guid":{"rendered":"https:\/\/www.kadindayanismasi.net\/?p=1109"},"modified":"2021-06-08T11:40:12","modified_gmt":"2021-06-08T08:40:12","slug":"ankarada-bir-feminist-okuma-grubu-deneyimi-cetin-cevizler","status":"publish","type":"post","link":"https:\/\/www.kadindayanismasi.net\/index.php\/2021\/06\/08\/ankarada-bir-feminist-okuma-grubu-deneyimi-cetin-cevizler\/","title":{"rendered":"Ankara&#8217;da bir feminist okuma grubu deneyimi: \u00c7etin Cevizler"},"content":{"rendered":"<p>Kad\u0131n Dayan\u0131\u015fmas\u0131 olarak ge\u00e7en haftalarda \u00c7etin Cevizler\u2019in okuma toplant\u0131lar\u0131na konuk olduk, Clara Zetkin&#8217;in Se\u00e7me Yaz\u0131lar\u0131 \u00fczerinden g\u00fczel bir sohbet ger\u00e7ekle\u015ftirdik. \u00c7etin Cevizler de kim diyen okurlar\u0131m\u0131z i\u00e7in kendileriyle yapt\u0131\u011f\u0131m\u0131z s\u00f6yle\u015fiyi payla\u015f\u0131yoruz. Ayr\u0131ca \u00c7etin Cevizler&#8217;in bloguna <a href=\"https:\/\/baksucetincevizlere.blogspot.com\/?m=1\">buradan<\/a> ula\u015fabilirsiniz.<\/p>\n<p>\u00c7etin Cevizler, \u00fc\u00e7 seneden uzun bir s\u00fcredir devam eden Ankara merkezli bir okuma ve dayan\u0131\u015fma grubu. Gelin kendilerinden dinleyelim:<\/p>\n<blockquote><p><em>\u201c3 sene \u00f6nce ataerkiyle, toplumsal cinsiyet rolleriyle, kad\u0131na y\u00f6nelik her t\u00fcrl\u00fc \u015fiddetle derdi olan kad\u0131nlar olarak toplan\u0131p olu\u015fturdu\u011fumuz kad\u0131n okuma grubumuz yoluna devam etti ve art\u0131k bir ismi bile var: &#8216;\u00c7etin Cevizler&#8217;! \u00c7etin Cevizler olarak derdi bizim derdimizle bir olan b\u00fct\u00fcn kad\u0131nlara merhaba diyoruz! Kad\u0131n dayan\u0131\u015fmas\u0131n\u0131n verdi\u011fi g\u00fc\u00e7le daha da b\u00fcy\u00fcd\u00fck ve art\u0131k deneyimlerimizi ve g\u00f6r\u00fc\u015flerimizi ilgilenen herkesle payla\u015fmak istedik. Bu sebeple i\u015fte buraday\u0131z.\u201d<\/em><\/p><\/blockquote>\n<p><strong>Kad\u0131n Dayan\u0131\u015fmas\u0131:<\/strong> <strong>Ho\u015f geldiniz! Ger\u00e7ekten \u00e7ok g\u00fc\u00e7l\u00fc bir mesajla yola \u00e7\u0131km\u0131\u015fs\u0131n\u0131z ve \u00fc\u00e7 seneyi devirdi\u011finiz bir grubunuz var. Bu istikrar\u0131n kendisi bile \u00e7ok ilham verici do\u011frusu! Bize yollar\u0131n\u0131z\u0131n nas\u0131l kesi\u015fti\u011fini, nas\u0131l ba\u015flad\u0131\u011f\u0131n\u0131z\u0131 anlatarak ba\u015flayabilir misiniz? Okuma listelerinizi neye g\u00f6re nas\u0131l belirliyorsunuz?<\/strong><\/p>\n<p><strong>Arakne:<\/strong> Merhaba! Bu g\u00fczel s\u00f6yle\u015fi daveti i\u00e7in te\u015fekk\u00fcrler \u00f6ncelikle. K\u0131saca yola nas\u0131l \u00e7\u0131kt\u0131\u011f\u0131m\u0131z\u0131 anlatacak olursak tam bir kad\u0131n dayan\u0131\u015fmas\u0131 hik\u00e2yesinden bahsetmi\u015f oluruz asl\u0131nda. \u00dc\u00e7 sene \u00f6nce \u00d6zge ile tan\u0131\u015ft\u0131\u011f\u0131m\u0131z g\u00fcn (hatta ilk tan\u0131\u015fma nedenimiz de \u201cbir \u015feyler yapmak i\u00e7indi\u201d) dedik ki, madem kad\u0131n sorunuyla ilgili bizim de bir derdimiz var, bunu neden ba\u015fka kad\u0131nlarla bir olup tart\u0131\u015fmaya a\u00e7m\u0131yoruz? Bir okuma grubu olu\u015fturman\u0131n hem teorik bilgimizi geli\u015ftirece\u011fini, hem de buralarda ger\u00e7ekle\u015fecek deneyim payla\u015f\u0131m\u0131yla pratikten kopmayaca\u011f\u0131m\u0131z\u0131 d\u00fc\u015f\u00fcnd\u00fck. Bu hevesle yak\u0131n arkada\u015f grubumuza haber verdik ve kad\u0131n sorunuyla ilgilenenler kat\u0131lmak istediklerini s\u00f6ylediler. Herkes ilgi alan\u0131na g\u00f6re kitap \u00f6nerilerinde bulundu ve \u201cfeminizm\u201d, \u201ckad\u0131n ve cinsellik\u201d, \u201cOsmanl\u0131 kad\u0131n hareketi\u201d, \u201ckad\u0131n ve medya\u201d, \u201ckad\u0131n ve psikoloji\u201d, \u201cqueer\u201d, \u201ckad\u0131n ve sosyal politika\u201d ve \u201cteori\u201d gibi pek \u00e7ok farkl\u0131 ba\u015fl\u0131k alt\u0131nda kitaplar\u0131m\u0131z\u0131 belirleyerek okumalara ba\u015flad\u0131k. Bazen Engels\u2019ten girdik Aksu Bora\u2019dan \u00e7\u0131kt\u0131k, bazen Acar-Savran\u2019\u0131 dinledik bazen Foucault\u2019yu. Bazen \u0130sko\u00e7ya\u2019da kad\u0131nlar\u0131n hijyenik pedlere \u00fccretsiz ula\u015f\u0131m hakk\u0131 kazanmas\u0131na sevindik, bazen g\u00fcne \u0130stanbul S\u00f6zle\u015fmesi\u2019nin feshi haberiyle uyand\u0131\u011f\u0131m\u0131zda \u00f6fkemizi dillendirdik. Bazen azald\u0131k, bazen \u00e7o\u011fald\u0131k ama samimi bir adanm\u0131\u015fl\u0131kla yolumuza devam ettik diyebiliriz ve sonunda da \u00c7etin Cevizler olduk.<\/p>\n<p><strong>Luna:<\/strong> Merhaba. Ben gruba ikinci senesinde kat\u0131labildim. Grubu kuranlardan biri olan Arakne&#8217;nin daveti ile haberim oldu. Sabit i\u015fimi b\u0131rakmak \u00fczereydim ve kad\u0131n arkada\u015flar\u0131mla birlikte okuma yapma fikri \u00e7ok romantik geldi. Ama sonras\u0131nda g\u00f6rd\u00fcm ki biz burada ciddi bir i\u015f yap\u0131yoruz ve bu \u00e7ok g\u00fczel. Senenin ilk toplant\u0131s\u0131nda ise herkes \u00fczerine d\u00fc\u015f\u00fcnd\u00fc\u011f\u00fc ya da merak etti\u011fi konu ba\u015fl\u0131klar\u0131nda (masallarda kad\u0131n ya da Osmanl\u0131&#8217;da kad\u0131n gibi) kad\u0131n\u0131 ele alan kitap \u00f6nerileri ya da destekleyici makaleler ile geliyor ve birlikte okuma s\u0131kl\u0131\u011f\u0131na ve s\u0131ras\u0131na karar veriyoruz.<\/p>\n<p><strong>\u0130nci Deniz:<\/strong> Ho\u015f bulduk. Gruptaki ikinci y\u0131l\u0131m. Ankara\u2019ya geldim ve onlarla tan\u0131\u015ft\u0131m. Yoklu\u011funu y\u00fcre\u011fimin derinliklerinde hissetti\u011fim, tan\u0131mlayamad\u0131\u011f\u0131m, tan\u0131\u015f\u0131p ayn\u0131 masan\u0131n etraf\u0131nda birbirimizi anlayabilmenin g\u00f6r\u00fcnmez a\u011f\u0131 ile s\u0131k\u0131 s\u0131k\u0131ya sar\u0131ld\u0131\u011f\u0131m\u0131 hissetti\u011fimde tamamlanm\u0131\u015f gibiydim. <em>Birka\u00e7 kere toplant\u0131lar\u0131m\u0131za kat\u0131l\u0131rsan\u0131z istikrar\u0131m\u0131z\u0131n nedenini anlayabilirsiniz. Her toplanmam\u0131zda ufkum geni\u015fliyor ve farkl\u0131 bak\u0131\u015f a\u00e7\u0131lar\u0131 ile \u00f6nyarg\u0131lar\u0131m\u0131 birer birer k\u0131r\u0131yorum.<\/em> \u0130ki sene \u00f6nceki kad\u0131n de\u011filim art\u0131k!<\/p>\n<p><strong>\u00d6zge:<\/strong> Merhaba. \u00dc\u00e7 y\u0131l \u00f6nce kad\u0131n \u00e7al\u0131\u015fmalar\u0131 alan\u0131nda y\u00fcksek lisans \u00f6\u011frencisi olmak i\u00e7in s\u0131nava girecektim ve bir g\u00fcn \u00f6nce Arakne ile tan\u0131\u015ft\u0131m ve ona ne yapmam gerekti\u011fini sordum, nelerden bahsetmem gerekti\u011fini dan\u0131\u015ft\u0131m. Akademide bilinmesi gereken noktalar\u0131 hap gibi al\u0131p s\u0131nav\u0131 ge\u00e7ebilece\u011fimi san\u0131yordum san\u0131r\u0131m. Tabii ki olmad\u0131 \ud83d\ude42 S\u0131navda ba\u015far\u0131s\u0131z oldum ama feminist m\u00fccadelem daha yeni ba\u015fl\u0131yordu&#8230; O g\u00fcn o fak\u00fclteye \u00f6\u011frenci olarak girememem, kendi kad\u0131n olma m\u00fccadelemi per\u00e7inledi ve bug\u00fcn \u00fc\u00e7 y\u0131ld\u0131r kendimi geli\u015ftirip \u00f6\u011frenebildi\u011fim, \u00f6\u011frendiklerimi y\u00fczlerce kad\u0131na iletebildi\u011fim ya\u015fayan bir fak\u00fcltenin \u00f6\u011frencisiyim. Ben bu kad\u0131nlar sayesinde teoride de\u011fil pratikte okuyorum, \u00f6\u011freniyorum, ara\u015ft\u0131r\u0131yorum ve b\u00fcy\u00fcyorum! Bir s\u0131n\u0131fta bir \u00f6\u011fretene soramayaca\u011f\u0131m \u015feylerin hepsini ben bu kad\u0131nlarla kahkahalarla konu\u015fuyor, tart\u0131\u015f\u0131yor ve \u00f6\u011freniyorum. Velhas\u0131l-\u0131 kelam, sonras\u0131nda Arakne ile dedik ki neden kendi okumalar\u0131m\u0131z\u0131 kendimiz yapm\u0131yoruz ki? Bunun i\u00e7in bir kurula, bir okula, bir fak\u00fclteye ihtiya\u00e7 yok! O g\u00fcn \u00e7ok yak\u0131n \u00e7evremizle bu fikrimizi payla\u015ft\u0131k ve o g\u00fcnden bu yana bir araya gelip okuyup konu\u015fuyoruz, bildiklerimizi payla\u015f\u0131yoruz ve birlikte b\u00fcy\u00fcyoruz.<\/p>\n<blockquote><p>Buradaki kad\u0131nlar olarak \u00e7o\u011fumuz farkl\u0131 mesleklere, farkl\u0131 sosyal \u00e7evrelere ve farkl\u0131 bak\u0131\u015f a\u00e7\u0131lar\u0131na sahibiz. T\u00fcm bu farkl\u0131l\u0131klar derdimizin bir oldu\u011funu sanki daha da vurgulad\u0131.<\/p><\/blockquote>\n<p><strong>Benimad\u0131mvar:<\/strong> Merhaba, bundan \u00fc\u00e7 sene \u00f6nce yolumuz \u00d6zge ile kesi\u015fti, sonras\u0131nda da \u00c7etin Cevizler&#8217;le. Ba\u015flarda elbette bir ad\u0131m\u0131z yoktu. \u00dc\u00e7\u00fcnc\u00fc senemizde birlikte bir isim verdik kendimize. Bu k\u00fc\u00e7\u00fck gruba ilk dahil oldu\u011fumda feminizm \u00fczerine baz\u0131 kitaplar okuyup onlar \u00fczerine tart\u0131\u015faca\u011f\u0131m\u0131z bir kitap kul\u00fcb\u00fc olarak d\u00fc\u015f\u00fcnm\u00fc\u015ft\u00fcm. \u00c7ok daha fazlas\u0131n\u0131 payla\u015ft\u0131k ve tart\u0131\u015ft\u0131k. Okuduklar\u0131m\u0131z bizlere zemin olu\u015fturdu ve t\u00fcm bunlar \u00fczerine bir\u00e7ok soru sorduk. Ger\u00e7ek bir bilin\u00e7 y\u00fckseltme yolculu\u011fu ba\u015flad\u0131 b\u00f6ylece. Buradaki kad\u0131nlar olarak \u00e7o\u011fumuz farkl\u0131 mesleklere, farkl\u0131 sosyal \u00e7evrelere ve farkl\u0131 bak\u0131\u015f a\u00e7\u0131lar\u0131na sahibiz. T\u00fcm bu farkl\u0131l\u0131klar derdimizin bir oldu\u011funu sanki daha da vurgulad\u0131. Nas\u0131l desem, burada derdimizin ortak olmas\u0131 bizi birbirimize kar\u015f\u0131 daha da \u015feffafla\u015ft\u0131rd\u0131. B\u00f6yle g\u00fczel olduk.<\/p>\n<p><strong>\u0130stiridye Kabu\u011fu:<\/strong> Ben gruba \u00e7ok yeni kat\u0131lanlardan\u0131m. Yakla\u015f\u0131k be\u015f ayd\u0131r grupla birlikte okuma yap\u0131yorum. Gruptan Luna ile tan\u0131\u015f\u0131yoruz, onun \u00f6nerisiyle gruba kat\u0131ld\u0131m. Yakla\u015f\u0131k 15 senedir ki\u015fisel geli\u015fim \u00e7al\u0131\u015fmalar\u0131n\u0131n i\u00e7indeyim. Bunun \u00f6nemli bir k\u0131sm\u0131 drama y\u00f6ntemiyle dezavantajl\u0131 b\u00f6lgelerde kad\u0131nlarla g\u00f6n\u00fcll\u00fc grup \u00e7al\u0131\u015fmalar\u0131 yapmaktay\u0131m. Ama\u00e7 kad\u0131nlar\u0131m\u0131zda pozitif duygu durum de\u011fi\u015fikli\u011fi yaratmak, bak\u0131\u015f a\u00e7\u0131lar\u0131n\u0131 de\u011fi\u015ftirmelerine destek olmak. Ayr\u0131ca bireysel yapt\u0131\u011f\u0131m \u00e7al\u0131\u015fmalar\u0131m da var. Tabii pandemi ile birlikte her \u015fey ask\u0131da bekliyoruz. Ancak kendimizi geli\u015ftirme \u00f6m\u00fcr boyu devam ediyor. Bu s\u00fcre\u00e7te yap\u0131lan okumalar, de\u011fi\u015fik y\u00f6nlerden kad\u0131na bak\u0131\u015f\u0131m\u0131 geli\u015ftiriyor. Ya\u015f olarak arkada\u015flar\u0131mdan b\u00fcy\u00fc\u011f\u00fcm. O y\u00fczden gen\u00e7lerin bak\u0131\u015f a\u00e7\u0131s\u0131, olaylar\u0131 izleme \u015fekli \u00e7ok k\u0131ymetli benim i\u00e7in.<\/p>\n<p><strong>Bliss:<\/strong> Arakne ile \u00e7ok uzun y\u0131llara dayanan dostlu\u011fumuz sayesinde bu gruptan haberim oldu. \u0130lk toplant\u0131lar\u0131ndan birine Ankara\u2019da kat\u0131labilmi\u015ftim. Herkesin okudu\u011fu, haftan\u0131n kitab\u0131n\u0131 okumamama ra\u011fmen konu\u015fulan konular, kad\u0131nlarla bir arada olma hissiyat\u0131 \u00e7ok g\u00fczel gelmi\u015fti. Fakat \u0130stanbul\u2019da ya\u015fad\u0131\u011f\u0131m i\u00e7in periyodik toplant\u0131lara kat\u0131lamad\u0131m. Pandeminin bize getirdi\u011fi en b\u00fcy\u00fck fark\u0131ndal\u0131k olan dijital platformda toplanabilme f\u0131rsat\u0131 ile gruba dahil oldum ve o ilk toplant\u0131daki hissiyat\u0131m katlanarak artt\u0131. &#8220;Birlikte daha g\u00fc\u00e7l\u00fcy\u00fcz&#8221; s\u00f6z\u00fcn\u00fcn anlam\u0131n\u0131 her toplant\u0131m\u0131zda iliklerime kadar hissediyorum. Daha ilk y\u0131l\u0131m oldu\u011fu i\u00e7in kitap se\u00e7me a\u015famas\u0131nda bulunamad\u0131m fakat se\u00e7ilen kitaplar ve konular o kadar ilgi \u00e7ekici ve hayat\u0131n i\u00e7inden ki, geli\u015fim kendili\u011finden ger\u00e7ekle\u015fiyor. Toplant\u0131larda ayn\u0131 kitab\u0131 okuyan ki\u015filerin farkl\u0131 bak\u0131\u015f a\u00e7\u0131lar\u0131n\u0131 dinlemek insan\u0131 inan\u0131lmaz geli\u015ftiriyor. <em>Ayr\u0131ca okudu\u011fum kitaplardan, konu\u015fulanlardan etraf\u0131mdaki kad\u0131nlara da bahsetmekten kendimi alam\u0131yorum ve yeni \u00f6\u011frendi\u011fim bilgilerle baz\u0131lar\u0131n\u0131n hayat\u0131na dokundu\u011fumu hissedebilmek beni daha da mutlu ediyor<\/em>. \u0130yi ki vars\u0131n\u0131z \u00c7etin Cevizler \ud83d\ude42<\/p>\n<p><strong>KD:<\/strong> <strong>Pandemi nas\u0131l etkiledi peki? Y\u00fcz y\u00fcze g\u00f6r\u00fc\u015femiyor olman\u0131n olumsuz etkileriyle nas\u0131l m\u00fccadele ettiniz?<\/strong><\/p>\n<p><strong>Luna:<\/strong> Galiba pandemi bizi olumlu y\u00f6nde etkiledi. Yan yanayken oda\u011f\u0131m\u0131z daha kolay da\u011f\u0131l\u0131yordu ama \u015fimdi online olarak daha disiplinli ilerliyoruz sanki. Ve tabii ki daha b\u00fcy\u00fck katk\u0131s\u0131 di\u011fer \u015fehirlerden arkada\u015flar\u0131m\u0131z\u0131n da kat\u0131labilmesi oldu, sizin gibi.<\/p>\n<p><strong>Arakne:<\/strong> Luna\u2019n\u0131n dedi\u011fi gibi, bu olumsuz toplumsal durum bizim aleyhimize i\u015flemedi ve g\u00f6r\u00fc\u015fmelerimizi kesintisiz bir \u015fekilde s\u00fcrd\u00fcrd\u00fck. Elbette bazen bir sar\u0131lmaya ya da 3 boyutlu bir mimi\u011fe ihtiya\u00e7 duyuyor insan (ki \u00e7o\u011fu zaman ki\u015fisel dertlerimizi de payla\u015ft\u0131\u011f\u0131m\u0131z i\u00e7in bu tarz insani dokunu\u015flar iyi hissettiriyor) ama payla\u015f\u0131mlar\u0131 i\u00e7ten yapabildi\u011fimiz s\u00fcrece bu sorunu a\u015ft\u0131\u011f\u0131m\u0131z\u0131 da fark ettik. Belki eylemlerin ruhundan uzak kald\u0131k ama istedi\u011fimizde, bilgisayar\u0131 a\u00e7\u0131nca ula\u015fabilece\u011fimiz kad\u0131n dostlar\u0131m\u0131z\u0131n olmas\u0131n\u0131 bilmek yaln\u0131z hissetmememizi sa\u011flad\u0131.<\/p>\n<p><strong>\u00d6zge:<\/strong> Asl\u0131nda pandemi bizi hem nicel hem de nitel anlamda b\u00fcy\u00fctt\u00fc. Nicel olarak ba\u015fka ba\u015fka \u015fehirlere, ba\u015fka ba\u015fka kad\u0131nlara ula\u015ft\u0131k, birbirimizin ya\u015fad\u0131\u011f\u0131 odalar\u0131 g\u00f6rd\u00fck, birbirimize evimizi a\u00e7t\u0131k, k\u00fc\u00e7\u00fck bir kareden ibaret gibi g\u00f6r\u00fcnen arka planlar\u0131m\u0131zdan birbirimizi tan\u0131d\u0131k. Posterlerimiz, foto\u011fraflar\u0131m\u0131z, kitaplar\u0131m\u0131z, bitkilerimiz bize yolda\u015f oldu, bize bizi anlatt\u0131. Birbirimizden haberdar olduk, d\u00f6rt duvar i\u00e7ine kapand\u0131\u011f\u0131m\u0131z bu g\u00fcnlerde i\u00e7eceklerimizi al\u0131p sanki ayn\u0131 masadaym\u0131\u015f gibi kahkaha att\u0131k, tart\u0131\u015ft\u0131k, konu\u015ftuk. Birbirimize diziler, filmler ve kitaplar \u00f6nerdik. Sanki hep birlikte izledik, okuduk. &#8220;Hey, k\u0131zlar benim bir derdim var. Siz bununla nas\u0131l ba\u015fa \u00e7\u0131k\u0131yorsunuz?&#8221; dedik, mesafeleri kald\u0131r\u0131p \u00e7ar\u015famba ak\u015famlar\u0131n\u0131 birbirimize arma\u011fan ettik ve hep bir araya geldik. Nitel anlamda b\u00fcy\u00fcmeyi ise \u015f\u00f6yle a\u00e7\u0131klayabilirim. Art\u0131k daha etkili toplant\u0131lar y\u00fcr\u00fct\u00fcyoruz, demem o ki eski normalde belirlenen saatte ve yerde olmak herkes i\u00e7in m\u00fcmk\u00fcn olmuyordu. Uzayan i\u015flerimiz, trafik sorunu, mesai sonras\u0131 a\u00e7l\u0131k ve yorgunluk hissi, son dolmu\u015f ya da metro saati, o g\u00fcn\u00fcn hava durumu, evlerimize varabilme ve bir nebze dinlenebilme iste\u011fi, bulu\u015ftu\u011fumuz kafenin o g\u00fcn o vakitte g\u00fcr\u00fclt\u00fcl\u00fc olup olmamas\u0131 elbette etkilili\u011fi d\u00fc\u015f\u00fcren de\u011fi\u015fkenlerdi. Ama yeni normalde biz bu durumu \u00e7evrimi\u00e7i toplant\u0131lar ile avantaja \u00e7evirdik ve d\u0131\u015f etkenlere ba\u011fl\u0131 kalmadan saatlerce sohbet edebiliyoruz. Haz\u0131rlamaya vaktimiz olursa sunumlarla okumalar\u0131m\u0131z\u0131 somutla\u015ft\u0131r\u0131yoruz. Pandemi d\u00f6neminde internetin hayat\u0131m\u0131z\u0131n merkezine yerle\u015fmesi ile birlikte yeni i\u015flere de giri\u015ftik. Bu konu\u015ftuklar\u0131m\u0131z, bu kitaplar, bu fikirler bizde kalmas\u0131n, herkes ne yapt\u0131\u011f\u0131m\u0131z\u0131 bilsin dedik ve blog kurma fikrini hayata ge\u00e7irdik. \u00c7evrimi\u00e7i toplu etkinlikler planlay\u0131p b\u00fcy\u00fcyelim, daha fazla insana ula\u015fal\u0131m, biz ne yap\u0131yoruz anlatal\u0131m dedik. \u00c7\u00fcnk\u00fc bizi, ne yapt\u0131\u011f\u0131m\u0131z\u0131 merak edenler var, biliyoruz. Bu etkinlik daha ger\u00e7ekle\u015fmedi ama en k\u0131sa zamanda sizleri de aram\u0131zda g\u00f6rmekten mutluluk duyaca\u011f\u0131m\u0131z bir etkinlik planl\u0131yor olaca\u011f\u0131z.<\/p>\n<p><strong>Benimad\u0131mvar:<\/strong> Pandemi bizlere ciddi anlamda zaman kazand\u0131rd\u0131. Bazen vakitlice toparlanam\u0131yor, evlerimize varmak i\u00e7in de erken ayr\u0131lmak durumunda kal\u0131yorduk. \u015eimdi \u00f6yle de\u011fil, belirlenen g\u00fcnden \u00e7ok \u015fa\u015fmadan, s\u00fcresiz konu\u015fuyoruz. Elbette arkada\u015flar\u0131m\u0131 bir masada g\u00f6rmek ve birlikte kadeh kald\u0131rmak en b\u00fcy\u00fck isteklerimden biri.<\/p>\n<p><strong>Bliss:<\/strong> Fiziken bir arada olman\u0131n s\u0131cakl\u0131\u011f\u0131 tabii ki ba\u015fka fakat arkada\u015flar\u0131m\u0131n da belirtti\u011fi gibi asl\u0131nda daha kolay bir araya gelebilir olduk.<\/p>\n<blockquote><p>D\u00fcnyadaki kad\u0131n hareketinden \u00f6\u011frendi\u011fimiz \u201cbilin\u00e7 y\u00fckseltme gruplar\u0131n\u0131n\u201d nas\u0131l i\u015fledi\u011fini tam da bu toplant\u0131larda deneyimledik. Bakt\u0131k ki burada \u00f6\u011frendi\u011fimiz koskoca makro teorilerden kendi hayat\u0131m\u0131za dair \u00e7\u0131kar\u0131mlarda bulunuyoruz ya da tamamen ki\u015fisel zannetti\u011fimiz meselelerin kamusall\u0131\u011f\u0131n\u0131 fark ediyoruz, yani \u201cki\u015fisel olan politiktir\u201d diyoruz.<\/p><\/blockquote>\n<p><strong>KD:<\/strong> <strong>Blogunuzda \u201cki\u015fisel olan politiktir\u201d diyorsunuz. Ger\u00e7ekten de politik-teorik okumalar yaparken asl\u0131nda bir yandan da kendi ki\u015fisel \u00f6yk\u00fclerimizi didikliyor oluyoruz. Bu a\u00e7\u0131dan grubunuzun kendi hayatlar\u0131n\u0131za ve ba\u015fka kad\u0131nlarla, toplumla olan ili\u015fkilerinize nas\u0131l bir etkisi oldu?<\/strong><\/p>\n<p><strong>Luna:<\/strong> Grubumdaki her bir kad\u0131n benim i\u00e7in ayr\u0131 bir ilham kayna\u011f\u0131. Neredeyse her toplant\u0131da benim hi\u00e7 bakmad\u0131\u011f\u0131m bir yerden biri muhakkak bak\u0131yor ve bana el sall\u0131yor. Onlarla \u00f6\u011frenmek \u00e7ok g\u00fczel. Ve dedi\u011finiz \u00e7ok do\u011fru, kendi ki\u015fisel \u00f6yk\u00fclerimizi didikliyoruz, bu apayr\u0131 bir deneyim. Orada kendimi g\u00fcvende ve duyulur hissediyorum ve bunu \u00e7ok \u00f6nemsiyorum. Birbirimize alanlar a\u00e7\u0131yoruz. Benim zorland\u0131\u011f\u0131m bir meseleden rahatl\u0131kla bahsedebilen bir arkada\u015f\u0131m sayesinde ben de art\u0131k o alanda sesimi geli\u015ftirmeye ba\u015fl\u0131yorum. Estes\u2019in \u015fiirinde bahsetti\u011fi gibi <em>ben de b\u00fct\u00fcn kad\u0131nlar\u0131n seslerini geri almalar\u0131n\u0131 diliyorum. Bizim yapt\u0131\u011f\u0131m\u0131z gibi<\/em>. Bunun \u00f6nemli bir ad\u0131m oldu\u011funu d\u00fc\u015f\u00fcn\u00fcyorum.<\/p>\n<p><strong>\u0130nci Deniz:<\/strong> Kendi \u00f6yk\u00fcm\u00fc didiklemekle kalmay\u0131p ailemdeki, i\u015fyerindeki, arkada\u015f \u00e7evremdeki kad\u0131nlar\u0131n da \u00f6yk\u00fclerini didiklemeleri i\u00e7in bizim oralar\u0131n tabiriyle &#8220;d\u00fcrtme&#8221; ihtiyac\u0131 hissediyorum. Bazen g\u00f6revimmi\u015f gibi hissediyorum. Her birimizin farkl\u0131 bak\u0131\u015f a\u00e7\u0131lar\u0131na sahip olmas\u0131 nedeniyle hem birbirimizi tamaml\u0131yoruz hem de bu bak\u0131\u015f a\u00e7\u0131s\u0131 ile bakmam\u0131\u015ft\u0131k diyebiliyoruz. Ba\u015fka kad\u0131nlarla veya toplumla olan ili\u015fkime bakt\u0131\u011f\u0131mda ise ailemde k\u0131r\u0131lmaz dedi\u011fim \u00f6nyarg\u0131lar bir bir k\u0131r\u0131ld\u0131, art\u0131k onlar da ba\u015fkalar\u0131n\u0131n \u00f6nyarg\u0131lar\u0131n\u0131 k\u0131rmak i\u00e7in \u00e7abal\u0131yorlar. Kad\u0131n\u0131n psikolojik, duygusal, zihinsel, fiziksel vb. a\u00e7\u0131dan kendini ke\u015ffetmesinin ard\u0131ndan ilkbaharda ye\u015feren a\u011fa\u00e7lar gibi de\u011fi\u015fim k\u00f6kl\u00fc oluyor. Birka\u00e7 ay sonra yapraklar\u0131n topra\u011fa geri d\u00f6nse de bahar her zaman gelecek.<\/p>\n<p><strong>Arakne:<\/strong> \u00d6zellikle d\u00fcnyadaki kad\u0131n hareketinden \u00f6\u011frendi\u011fimiz \u201cbilin\u00e7 y\u00fckseltme gruplar\u0131n\u0131n\u201d nas\u0131l i\u015fledi\u011fini tam da bu toplant\u0131larda deneyimledik. Bakt\u0131k ki burada \u00f6\u011frendi\u011fimiz koskoca makro teorilerden kendi hayat\u0131m\u0131za dair \u00e7\u0131kar\u0131mlarda bulunuyoruz ya da tamamen ki\u015fisel zannetti\u011fimiz meselelerin kamusall\u0131\u011f\u0131n\u0131 fark ediyoruz, yani \u201cki\u015fisel olan politiktir\u201d diyoruz. Kendi ad\u0131ma \u015funu net bir \u015fekilde diyebilirim ki 8 Mart\u2019larda \u201cKurtulu\u015f yok tek ba\u015f\u0131na, ya hep beraber ya hi\u00e7birimiz\u201d diye hayk\u0131r\u0131rken ya da d\u00f6vizlere \u201cKad\u0131n kad\u0131n\u0131n kurdu de\u011fil yurdudur\u201d yazarken bu s\u00f6ylemlerin i\u00e7ini tam anlam\u0131yla doldurabildi\u011fimi bilmek benim i\u00e7in \u00e7ok de\u011ferli. Kad\u0131n, erkek ya da LGBT\u0130+ bireyler aras\u0131nda s\u0131rf toplumsal cinsiyetlerinden kaynaklanan negatif ayr\u0131mlar\u0131n yap\u0131lmad\u0131\u011f\u0131, herkes i\u00e7in mevcut haklara e\u015fit ula\u015f\u0131m\u0131n oldu\u011fu ve yeni haklara ula\u015fmak i\u00e7in birlikte m\u00fccadele edildi\u011fi, erkek adalet de\u011fil ger\u00e7ek adaletin i\u015fledi\u011fi, eril \u015fiddet y\u00fcz\u00fcnden kimsenin can\u0131n\u0131n yanmad\u0131\u011f\u0131 bir gelecek i\u00e7in toplumsal d\u00f6n\u00fc\u015f\u00fcm \u015fart diyorsak e\u011fer bu d\u00f6n\u00fc\u015f\u00fcm i\u00e7in gerekli dinamikleri kendi hayat\u0131m\u0131zda harekete ge\u00e7irebilmeli, yeri geldi\u011fi zaman da dayan\u0131\u015fmay\u0131 b\u00fcy\u00fct\u00fcp de\u011fi\u015fimin tetikleyicisi olabilmeliyiz. Bunu kad\u0131nlarla birlikte ger\u00e7ekle\u015ftirebilece\u011fimi bilmek bana cidden muazzam bir mutluluk veriyor.<\/p>\n<p><strong>\u00d6zge:<\/strong> Kitaplarda her zaman anlayabildi\u011fimiz terimler olmuyor, bazen bir \u015feyler havada kalabiliyor. E\u011fitim fak\u00fcltesi mezunu bir \u00f6\u011fretmen i\u00e7in alan\u0131 d\u0131\u015f\u0131nda temel bir bilgi birikimi isteyen okumalar (siyaset, psikoloji, sosyoloji gibi) geldi\u011finde elbette \u00e7ok zorlay\u0131c\u0131 hatta bazen s\u0131k\u0131c\u0131 bile olabiliyor, ama bu terimler hayat\u0131m\u0131zda canl\u0131 kanl\u0131 yerini bulunca her \u015fey yerli yerine oturuyor. Aaaa diyoruz bu, bu muymu\u015f? Bunun ad\u0131 cam tavan m\u0131ym\u0131\u015f, bu yapt\u0131\u011f\u0131m\u0131z yeniden \u00fcretim miymi\u015f diyoruz. O terimleri hayatlar\u0131m\u0131zda bulup \u00e7\u0131karmak i\u00e7in \u00e7abal\u0131yor, geriye gidip d\u00fc\u015f\u00fcn\u00fcyoruz. Annelerimiz ile ili\u015fkilerimizi, kad\u0131n y\u00f6neticilerimiz ile olan ili\u015fkilerimizi, arkada\u015fl\u0131k ili\u015fkilerimizi, her \u015feyi didik didik ediyoruz sizin tabirinizle. Ve hem kendimiz hem de toplum ile ilgili birtak\u0131m \u00e7\u0131kar\u0131mlar yapabiliyoruz. &#8220;Ki\u015fisel olan politiktir&#8221; demenin ne demek oldu\u011funu bilin\u00e7 y\u00fckseltme grubumuzda kad\u0131n arkada\u015flar\u0131m ile ya\u015fayarak \u00f6\u011frendim. \u00d6nceden ya\u015fad\u0131\u011f\u0131m her \u015feyin sadece benim ba\u015f\u0131ma geldi\u011fini san\u0131rd\u0131m, bunlar\u0131n bir ba\u015fkas\u0131 i\u00e7in nas\u0131l bir de\u011feri olabilir ki diye d\u00fc\u015f\u00fcn\u00fcrd\u00fcm. Hi\u00e7bir zaman benim ba\u015f\u0131ma gelen iyi ya da k\u00f6t\u00fc bir deneyimin ba\u015fka bir kad\u0131n\u0131n tutunmak isteyece\u011fi bir umut \u0131\u015f\u0131\u011f\u0131 veya onun ad\u0131m atabilmesi i\u00e7in itici bir g\u00fc\u00e7 olabilece\u011fini d\u00fc\u015f\u00fcnmemi\u015ftim. Ama yan\u0131lm\u0131\u015f\u0131m. Benim ya\u015fad\u0131\u011f\u0131m \u015fey de elbette bir ba\u015fkas\u0131 i\u00e7in k\u0131ymetli bir deneyim olabilirmi\u015f. Bu sadece benim ba\u015f\u0131ma gelmemi\u015f diyebilirim, ben de ba\u015fka deneyimlerden yard\u0131m alabilirim. Birbirimizin neler ya\u015fad\u0131\u011f\u0131ndan haberdar olmazsak, anlatmazsak, i\u00e7imize atar kendi kendimize atlatmaya \u00e7al\u0131\u015f\u0131rsak bu hi\u00e7bir yere varmaz. Ayn\u0131 dertten g\u00fczel canlar\u0131 s\u0131k\u0131lan iki kad\u0131n\u0131n bile birbirinden haberdar olmadan uyumalar\u0131n\u0131, uyanmalar\u0131n\u0131, ya\u015famalar\u0131n\u0131 ve \u00f6lmelerini istemiyorum. Bu tam anlam\u0131yla &#8220;domino etkisi&#8221;. Ya\u015fad\u0131klar\u0131m\u0131z\u0131n \u00e7\u00f6z\u00fclmesi gerek. Konu\u015fa konu\u015fa, anlata anlata. Ya\u015fad\u0131\u011f\u0131m\u0131z, biriktirdi\u011fimiz her ne varsa bizi evde b\u0131rak\u0131p benzer ya\u015fant\u0131larla bulu\u015fmak i\u00e7in pencerelerimizden \u00e7\u0131k\u0131p gitti\u011finde birbirlerini bulduklar\u0131 i\u00e7in sevin\u00e7 ve kahkaha e\u015fli\u011finde g\u00f6ky\u00fcz\u00fcnde dans ettikleri vakit bunun politik oldu\u011funu anlayaca\u011f\u0131z.<\/p>\n<p><strong>Benimad\u0131mvar:<\/strong> Ki\u015fisel \u00f6yk\u00fclerimiz bizi birbirimize daha da yakla\u015ft\u0131r\u0131yor. Benim i\u00e7inden \u00e7\u0131kamad\u0131\u011f\u0131m bir soruna bir arkada\u015f\u0131m yorumda bulunuyor ya da kendi ya\u015fant\u0131s\u0131 ile \u00f6rneklendiriyor ve bu bana bak\u0131\u015f a\u00e7\u0131s\u0131 kazand\u0131r\u0131yor. Burada konu\u015ftu\u011fumuz ne varsa annemle, gruba dahil olmayan arkada\u015flar\u0131mla payla\u015f\u0131yorum. Onlar da birileriyle payla\u015f\u0131yor. B\u00f6yle b\u00f6yle yay\u0131l\u0131yor.<\/p>\n<p><strong>\u0130stiridye Kabu\u011fu:<\/strong> Evet, kesinlikle didikliyoruz. Zaten ki\u015fisel geli\u015fim \u00e7al\u0131\u015fmalar\u0131 yapt\u0131\u011f\u0131m i\u00e7in hayat\u0131m fark\u0131ndal\u0131k \u00fczerine \u00e7al\u0131\u015fmakla ge\u00e7iyor. Ayn\u0131 zamanda kendim de reformist biriyim. Grubumla okuma yapmaya ba\u015flad\u0131\u011f\u0131mda dilime daha \u00e7ok \u00f6zen g\u00f6stermeye ba\u015flad\u0131m, eril s\u00f6zleri unisex hale \u00e7eviriyorum. Dikkat ediyorum. Aram\u0131zda avukat oldu\u011fu i\u00e7in yasal bilgiler almak, geli\u015fmelerden haberdar olmak \u00f6nemli. \u0130stanbul S\u00f6zlesmesi, karakollarda ya\u015fananlar gibi saha bilgileri \u00e7ok k\u0131ymetli. Ayr\u0131ca birlikte yap\u0131labilecekler \u00fczerine konu\u015fmak, hedef belirlemek bana s\u00fcre\u00e7te \u00e7ok iyi geliyor.<\/p>\n<blockquote><p>H\u00e2l\u00e2 bir araday\u0131z, hi\u00e7bir \u015fey de\u011fi\u015fmedi! Bu yolu birlikte y\u00fcr\u00fcyoruz, el ele b\u00fcy\u00fcyoruz! Feminizm uzun yol, ne mutlu kad\u0131n dayan\u0131\u015fmas\u0131na!<\/p><\/blockquote>\n<p><strong>KD:<\/strong> <strong>Ankara\u2019da di\u011fer kad\u0131n gruplar\u0131yla ba\u011flant\u0131lar\u0131n\u0131z var m\u0131, \u00f6n\u00fcm\u00fczdeki d\u00f6neme y\u00f6nelik planlar\u0131n\u0131z neler?<\/strong><\/p>\n<p><strong>\u0130nci Deniz:<\/strong> \u0130lk ba\u015fta \u00e7ekincelerimiz olsa da s\u00f6yleyeceklerimiz birikti. Payla\u015fmak, tart\u0131\u015fmak, \u00f6\u011frendiklerimizi aktarmak i\u00e7in heyecan doluyum. Yeni payla\u015f\u0131mlar\u0131m\u0131z var olma s\u00fcrecinde, takipte kal\u0131n diyeyim.<\/p>\n<p><strong>Arakne:<\/strong> Organik bir ba\u011f\u0131m\u0131z olmasa da Ankara\u2019daki pek \u00e7ok kad\u0131n grubundan haberdar\u0131z. Her birimiz ayr\u0131 bir gruptan bilgi ald\u0131k\u00e7a birbirimize aktar\u0131yoruz. Bu bazen bir edebiyat s\u00f6yle\u015fisi oluyor, bazen bir kad\u0131n cinayeti eylemi. Kad\u0131n filmleri etkinlikleri olunca kat\u0131lmaya \u00e7al\u0131\u015f\u0131yoruz, 8 Mart\u2019lar ve 25 Kas\u0131m\u2019larda farkl\u0131 kad\u0131n gruplar\u0131yla birlikte y\u00fcr\u00fcyoruz. Tabii ki bu hareketlilikler pandemiden dolay\u0131 olduk\u00e7a azald\u0131, omuz omuza duramamak bazen k\u00f6t\u00fc hissettiriyor. B\u00f6yle zamanlarda da kendi grubumuzdan g\u00fc\u00e7 al\u0131yoruz. Ge\u00e7enlerde sizinle yapt\u0131\u011f\u0131m\u0131z \u00e7evrimi\u00e7i toplant\u0131 sayesinde de moralimizi olduk\u00e7a y\u00fckseltmi\u015f durumday\u0131z. \u0130leriki zamanlar i\u00e7in bu ara olduk\u00e7a yo\u011fun bir g\u00fcndemimiz var, bu planlar\u0131n hangileri hayata ge\u00e7ebilecek bilemiyoruz ama \u00fcmitliyiz. Konu\u015ftuklar\u0131m\u0131z aram\u0131zda kalmas\u0131n istiyoruz, daha \u00e7ok ki\u015fiyle ileti\u015fime ge\u00e7ebilmek istiyoruz. Ufak e\u011fitim gruplar\u0131 d\u00fczenlemek ya da okullarda \u00e7ocuklara \u201ce\u015fit masallar\u201d okumak gibi tatl\u0131 planlar\u0131m\u0131z var. Bakal\u0131m, g\u00f6rece\u011fiz, umar\u0131m beraber g\u00fc\u00e7lenece\u011fiz.<\/p>\n<p><strong>\u00d6zge:<\/strong> Ankara \u00f6zelinde birlikte \u00e7al\u0131\u015ft\u0131\u011f\u0131m\u0131z \u00f6zel ve belirli bir grup yok ama etkinliklerini takip etti\u011fimiz gruplar, vak\u0131flar, dernekler, platformlar elbette var. Eski normalde, ayn\u0131 g\u00f6ky\u00fcz\u00fc alt\u0131nda ayn\u0131 dertten muzdarip olup ses y\u00fckseltti\u011fimiz, birlikte ba\u011f\u0131rd\u0131\u011f\u0131m\u0131z \u00e7ok kad\u0131n vard\u0131. 8 Mart\u2019ta birbirimizin pankart\u0131n\u0131 be\u011fenip foto\u011fraf \u00e7ektirdi\u011fimiz \u00e7ok kad\u0131n vard\u0131. Kimin hangi dernekten oldu\u011funu bilmezdim ama hepimizin derdinin bir oldu\u011funu bilirdim. Her <em>&#8220;D\u00fcnya yerinden oynar, kad\u0131nlar \u00f6zg\u00fcr olsa&#8221;<\/em> diye ba\u011f\u0131rd\u0131\u011f\u0131m\u0131zda hepimiz birbirimize bak\u0131p g\u00fclerdik. \u00c7ok \u00f6zledi\u011fimi fark ettim. \u00d6zl\u00fcyorum ama umutsuz de\u011filim \u00e7\u00fcnk\u00fc yeni normalde de bir numara ve \u015fifre ile bulu\u015fup bir araya gelebiliyoruz, sesimizi y\u00fckseltebiliyoruz. H\u00e2l\u00e2 bir araday\u0131z, hi\u00e7bir \u015fey de\u011fi\u015fmedi! Bu yolu birlikte y\u00fcr\u00fcyoruz, el ele b\u00fcy\u00fcyoruz! Feminizm uzun yol, ne mutlu kad\u0131n dayan\u0131\u015fmas\u0131na!<\/p>\n<p><strong>Benimad\u0131mvar:<\/strong> \u00c7ok fazla plan\u0131m\u0131z, fikrimiz var. \u00c7ok heyecanl\u0131y\u0131z bu konu\u015ftuklar\u0131m\u0131z\u0131 daha fazla insanla payla\u015fmak i\u00e7in. Bunun i\u00e7in her f\u0131rsatta uygun zaman ve y\u00f6ntemler \u00fczerine konu\u015fuyoruz.<\/p>\n","protected":false},"excerpt":{"rendered":"<p>Kad\u0131n Dayan\u0131\u015fmas\u0131 olarak ge\u00e7en haftalarda \u00c7etin Cevizler\u2019in okuma toplant\u0131lar\u0131na konuk olduk, Clara Zetkin&#8217;in Se\u00e7me Yaz\u0131lar\u0131 \u00fczerinden g\u00fczel bir sohbet ger\u00e7ekle\u015ftirdik. \u00c7etin Cevizler de kim diyen okurlar\u0131m\u0131z i\u00e7in kendileriyle yapt\u0131\u011f\u0131m\u0131z s\u00f6yle\u015fiyi payla\u015f\u0131yoruz. Ayr\u0131ca \u00c7etin Cevizler&#8217;in bloguna buradan ula\u015fabilirsiniz. \u00c7etin Cevizler, \u00fc\u00e7 seneden uzun bir s\u00fcredir devam eden Ankara merkezli bir okuma ve dayan\u0131\u015fma grubu. Gelin kendilerinden [&hellip;]<\/p>\n","protected":false},"author":4,"featured_media":1113,"comment_status":"closed","ping_status":"closed","sticky":false,"template":"","format":"standard","meta":{"footnotes":""},"categories":[126,100],"tags":[123,124,176,105],"class_list":["post-1109","post","type-post","status-publish","format-standard","has-post-thumbnail","hentry","category-politika","category-soylesi","tag-feminist-hareket","tag-feminist-mucadele","tag-kadin-dayanismasi","tag-pandemi"],"_links":{"self":[{"href":"https:\/\/www.kadindayanismasi.net\/index.php\/wp-json\/wp\/v2\/posts\/1109","targetHints":{"allow":["GET"]}}],"collection":[{"href":"https:\/\/www.kadindayanismasi.net\/index.php\/wp-json\/wp\/v2\/posts"}],"about":[{"href":"https:\/\/www.kadindayanismasi.net\/index.php\/wp-json\/wp\/v2\/types\/post"}],"author":[{"embeddable":true,"href":"https:\/\/www.kadindayanismasi.net\/index.php\/wp-json\/wp\/v2\/users\/4"}],"replies":[{"embeddable":true,"href":"https:\/\/www.kadindayanismasi.net\/index.php\/wp-json\/wp\/v2\/comments?post=1109"}],"version-history":[{"count":17,"href":"https:\/\/www.kadindayanismasi.net\/index.php\/wp-json\/wp\/v2\/posts\/1109\/revisions"}],"predecessor-version":[{"id":1153,"href":"https:\/\/www.kadindayanismasi.net\/index.php\/wp-json\/wp\/v2\/posts\/1109\/revisions\/1153"}],"wp:featuredmedia":[{"embeddable":true,"href":"https:\/\/www.kadindayanismasi.net\/index.php\/wp-json\/wp\/v2\/media\/1113"}],"wp:attachment":[{"href":"https:\/\/www.kadindayanismasi.net\/index.php\/wp-json\/wp\/v2\/media?parent=1109"}],"wp:term":[{"taxonomy":"category","embeddable":true,"href":"https:\/\/www.kadindayanismasi.net\/index.php\/wp-json\/wp\/v2\/categories?post=1109"},{"taxonomy":"post_tag","embeddable":true,"href":"https:\/\/www.kadindayanismasi.net\/index.php\/wp-json\/wp\/v2\/tags?post=1109"}],"curies":[{"name":"wp","href":"https:\/\/api.w.org\/{rel}","templated":true}]}}