{"id":1165,"date":"2021-06-20T16:40:41","date_gmt":"2021-06-20T13:40:41","guid":{"rendered":"https:\/\/www.kadindayanismasi.net\/?p=1165"},"modified":"2021-06-20T16:49:32","modified_gmt":"2021-06-20T13:49:32","slug":"bu-kez-maltepeden-seslendik-istanbul-sozlesmesinden-vazgecmiyoruz","status":"publish","type":"post","link":"https:\/\/www.kadindayanismasi.net\/index.php\/2021\/06\/20\/bu-kez-maltepeden-seslendik-istanbul-sozlesmesinden-vazgecmiyoruz\/","title":{"rendered":"Bu kez Maltepe\u2019den seslendik: \u0130stanbul S\u00f6zle\u015fmesi\u2019nden vazge\u00e7miyoruz!"},"content":{"rendered":"<p>\u0130stanbul S\u00f6zle\u015fmesi aylar \u00f6ncesinden tart\u0131\u015fmaya a\u00e7\u0131lm\u0131\u015f ve 20 Mart gecesi Tek Adam rejimi T\u00fcrkiye&#8217;nin \u0130stanbul S\u00f6zle\u015fmesi&#8217;nden \u00e7ekildi\u011fini a\u00e7\u0131klam\u0131\u015ft\u0131. Kad\u0131nlar olarak o g\u00fcnden bug\u00fcne bu karar\u0131 kabul etmiyor ve m\u00fccadeleye devam ediyoruz.<\/p>\n<p>Kad\u0131nlar ve LGBT\u0130+&#8217;lar, 19 Haziran Cumartesi g\u00fcn\u00fc \u0130stanbul Maltepe\u2019de \u201c\u0130stanbul S\u00f6zle\u015fmesi\u2019nden Vazge\u00e7miyoruz\u201d Mitingi&#8217;nde bulu\u015ftu. Kad\u0131n ve LGBT\u0130+ \u00f6rg\u00fctleri, emek ve meslek \u00f6rg\u00fctleri, siyasi parti, dernek, inisiyatif ve platformlardan olu\u015fan, Kad\u0131n Dayan\u0131\u015fmas\u0131&#8217;n\u0131n da aralar\u0131nda oldu\u011fu 130&#8217;un \u00fczerinde kurumun \u00e7a\u011fr\u0131s\u0131 ile ger\u00e7ekle\u015ftirilen mitinge sadece \u0130stanbul&#8217;dan de\u011fil, T\u00fcrkiye\u2019nin pek \u00e7ok ilinden kat\u0131l\u0131m ger\u00e7ekle\u015fti.<\/p>\n<p>K\u00fcrs\u00fcden S\u00f6zle\u015fme\u2019ye y\u00f6nelik s\u00f6z konusu karar\u0131n sadece kad\u0131nlar\u0131n de\u011fil t\u00fcm toplumun meselesi oldu\u011fu vurgulanarak; temel hak ve \u00f6zg\u00fcrl\u00fcklerini kullanmak, demokratik bir hukuk devletinde e\u015fit, \u00f6zg\u00fcr ve \u015fiddetten uzak bir ya\u015fam s\u00fcrmek isteyen herkesin bu karar\u0131n muhatab\u0131 oldu\u011fu belirtildi. Miting bile\u015fenleri, \u0130stanbul S\u00f6zle\u015fmesi\u2019nden \u00e7ekilme karar\u0131na kar\u015f\u0131 harekete ge\u00e7meye ve \u0130stanbul S\u00f6zle\u015fmesi\u2019nin hi\u00e7 kimseye ayr\u0131m yap\u0131lmaks\u0131z\u0131n toplumun t\u00fcm bireylerine uygulanmas\u0131 konusunda \u0131srarc\u0131 olmaya \u00e7a\u011fr\u0131 yapt\u0131.<\/p>\n<p>&#8220;\u0130stanbul S\u00f6zle\u015fmesi\u2019nden vazge\u00e7miyoruz&#8221;, &#8220;\u0130stanbul S\u00f6zle\u015fmesi Bizim&#8221;, &#8220;Susmuyoruz, korkmuyoruz, itaat etmiyoruz&#8221;, &#8220;Jin Jiyan Azad\u00ee&#8221; sloganlar\u0131yla alana giren kad\u0131nlar, HDP \u0130zmir \u0130l Ba\u015fkanl\u0131\u011f\u0131&#8217;na yap\u0131lan silahl\u0131 sald\u0131r\u0131da katledilen Deniz Poyraz i\u00e7in de &#8220;Deniz Poyraz \u00f6l\u00fcms\u00fczd\u00fcr&#8221; diyerek tepki ve \u00fcz\u00fcnt\u00fclerini dile getirdiler.<\/p>\n<div id='gallery-1' class='gallery galleryid-1165 gallery-columns-4 gallery-size-thumbnail'><figure class='gallery-item'>\n\t\t\t<div class='gallery-icon landscape'>\n\t\t\t\t<a href='https:\/\/www.kadindayanismasi.net\/index.php\/2021\/06\/20\/bu-kez-maltepeden-seslendik-istanbul-sozlesmesinden-vazgecmiyoruz\/photo5942826804890940888\/'><img loading=\"lazy\" decoding=\"async\" width=\"150\" height=\"150\" src=\"https:\/\/www.kadindayanismasi.net\/wp-content\/uploads\/2021\/06\/photo5942826804890940888-150x150.jpg\" class=\"attachment-thumbnail size-thumbnail\" alt=\"\" srcset=\"https:\/\/www.kadindayanismasi.net\/wp-content\/uploads\/2021\/06\/photo5942826804890940888-150x150.jpg 150w, https:\/\/www.kadindayanismasi.net\/wp-content\/uploads\/2021\/06\/photo5942826804890940888-75x75.jpg 75w\" sizes=\"auto, (max-width: 150px) 100vw, 150px\" \/><\/a>\n\t\t\t<\/div><\/figure><figure class='gallery-item'>\n\t\t\t<div class='gallery-icon landscape'>\n\t\t\t\t<a href='https:\/\/www.kadindayanismasi.net\/index.php\/2021\/06\/20\/bu-kez-maltepeden-seslendik-istanbul-sozlesmesinden-vazgecmiyoruz\/photo5942826804890940892\/'><img loading=\"lazy\" decoding=\"async\" width=\"150\" height=\"150\" src=\"https:\/\/www.kadindayanismasi.net\/wp-content\/uploads\/2021\/06\/photo5942826804890940892-150x150.jpg\" class=\"attachment-thumbnail size-thumbnail\" alt=\"\" srcset=\"https:\/\/www.kadindayanismasi.net\/wp-content\/uploads\/2021\/06\/photo5942826804890940892-150x150.jpg 150w, https:\/\/www.kadindayanismasi.net\/wp-content\/uploads\/2021\/06\/photo5942826804890940892-75x75.jpg 75w\" sizes=\"auto, (max-width: 150px) 100vw, 150px\" \/><\/a>\n\t\t\t<\/div><\/figure><figure class='gallery-item'>\n\t\t\t<div class='gallery-icon landscape'>\n\t\t\t\t<a href='https:\/\/www.kadindayanismasi.net\/index.php\/2021\/06\/20\/bu-kez-maltepeden-seslendik-istanbul-sozlesmesinden-vazgecmiyoruz\/photo5942826804890940898\/'><img loading=\"lazy\" decoding=\"async\" width=\"150\" height=\"150\" src=\"https:\/\/www.kadindayanismasi.net\/wp-content\/uploads\/2021\/06\/photo5942826804890940898-150x150.jpg\" class=\"attachment-thumbnail size-thumbnail\" alt=\"\" srcset=\"https:\/\/www.kadindayanismasi.net\/wp-content\/uploads\/2021\/06\/photo5942826804890940898-150x150.jpg 150w, https:\/\/www.kadindayanismasi.net\/wp-content\/uploads\/2021\/06\/photo5942826804890940898-75x75.jpg 75w\" sizes=\"auto, (max-width: 150px) 100vw, 150px\" \/><\/a>\n\t\t\t<\/div><\/figure><figure class='gallery-item'>\n\t\t\t<div class='gallery-icon landscape'>\n\t\t\t\t<a href='https:\/\/www.kadindayanismasi.net\/index.php\/2021\/06\/20\/bu-kez-maltepeden-seslendik-istanbul-sozlesmesinden-vazgecmiyoruz\/photo5942826804890940893\/'><img loading=\"lazy\" decoding=\"async\" width=\"150\" height=\"150\" src=\"https:\/\/www.kadindayanismasi.net\/wp-content\/uploads\/2021\/06\/photo5942826804890940893-150x150.jpg\" class=\"attachment-thumbnail size-thumbnail\" alt=\"\" srcset=\"https:\/\/www.kadindayanismasi.net\/wp-content\/uploads\/2021\/06\/photo5942826804890940893-150x150.jpg 150w, https:\/\/www.kadindayanismasi.net\/wp-content\/uploads\/2021\/06\/photo5942826804890940893-75x75.jpg 75w\" sizes=\"auto, (max-width: 150px) 100vw, 150px\" \/><\/a>\n\t\t\t<\/div><\/figure><figure class='gallery-item'>\n\t\t\t<div class='gallery-icon landscape'>\n\t\t\t\t<a href='https:\/\/www.kadindayanismasi.net\/index.php\/2021\/06\/20\/bu-kez-maltepeden-seslendik-istanbul-sozlesmesinden-vazgecmiyoruz\/photo5942826804890940894\/'><img loading=\"lazy\" decoding=\"async\" width=\"150\" height=\"150\" src=\"https:\/\/www.kadindayanismasi.net\/wp-content\/uploads\/2021\/06\/photo5942826804890940894-150x150.jpg\" class=\"attachment-thumbnail size-thumbnail\" alt=\"\" srcset=\"https:\/\/www.kadindayanismasi.net\/wp-content\/uploads\/2021\/06\/photo5942826804890940894-150x150.jpg 150w, https:\/\/www.kadindayanismasi.net\/wp-content\/uploads\/2021\/06\/photo5942826804890940894-75x75.jpg 75w\" sizes=\"auto, (max-width: 150px) 100vw, 150px\" \/><\/a>\n\t\t\t<\/div><\/figure><figure class='gallery-item'>\n\t\t\t<div class='gallery-icon landscape'>\n\t\t\t\t<a href='https:\/\/www.kadindayanismasi.net\/index.php\/2021\/06\/20\/bu-kez-maltepeden-seslendik-istanbul-sozlesmesinden-vazgecmiyoruz\/photo5942826804890940897\/'><img loading=\"lazy\" decoding=\"async\" width=\"150\" height=\"150\" src=\"https:\/\/www.kadindayanismasi.net\/wp-content\/uploads\/2021\/06\/photo5942826804890940897-150x150.jpg\" class=\"attachment-thumbnail size-thumbnail\" alt=\"\" srcset=\"https:\/\/www.kadindayanismasi.net\/wp-content\/uploads\/2021\/06\/photo5942826804890940897-150x150.jpg 150w, https:\/\/www.kadindayanismasi.net\/wp-content\/uploads\/2021\/06\/photo5942826804890940897-75x75.jpg 75w\" sizes=\"auto, (max-width: 150px) 100vw, 150px\" \/><\/a>\n\t\t\t<\/div><\/figure><figure class='gallery-item'>\n\t\t\t<div class='gallery-icon landscape'>\n\t\t\t\t<a href='https:\/\/www.kadindayanismasi.net\/index.php\/2021\/06\/20\/bu-kez-maltepeden-seslendik-istanbul-sozlesmesinden-vazgecmiyoruz\/photo5942826804890940889\/'><img loading=\"lazy\" decoding=\"async\" width=\"150\" height=\"150\" src=\"https:\/\/www.kadindayanismasi.net\/wp-content\/uploads\/2021\/06\/photo5942826804890940889-150x150.jpg\" class=\"attachment-thumbnail size-thumbnail\" alt=\"\" srcset=\"https:\/\/www.kadindayanismasi.net\/wp-content\/uploads\/2021\/06\/photo5942826804890940889-150x150.jpg 150w, https:\/\/www.kadindayanismasi.net\/wp-content\/uploads\/2021\/06\/photo5942826804890940889-75x75.jpg 75w\" sizes=\"auto, (max-width: 150px) 100vw, 150px\" \/><\/a>\n\t\t\t<\/div><\/figure><figure class='gallery-item'>\n\t\t\t<div class='gallery-icon portrait'>\n\t\t\t\t<a href='https:\/\/www.kadindayanismasi.net\/index.php\/2021\/06\/20\/bu-kez-maltepeden-seslendik-istanbul-sozlesmesinden-vazgecmiyoruz\/photo5942826804890940887\/'><img loading=\"lazy\" decoding=\"async\" width=\"150\" height=\"150\" src=\"https:\/\/www.kadindayanismasi.net\/wp-content\/uploads\/2021\/06\/photo5942826804890940887-150x150.jpg\" class=\"attachment-thumbnail size-thumbnail\" alt=\"\" srcset=\"https:\/\/www.kadindayanismasi.net\/wp-content\/uploads\/2021\/06\/photo5942826804890940887-150x150.jpg 150w, https:\/\/www.kadindayanismasi.net\/wp-content\/uploads\/2021\/06\/photo5942826804890940887-75x75.jpg 75w\" sizes=\"auto, (max-width: 150px) 100vw, 150px\" \/><\/a>\n\t\t\t<\/div><\/figure>\n\t\t<\/div>\n\n<p>\u0130stanbul LGBT\u0130+ Onur Haftas\u0131 da eyleme kendi pankart\u0131yla kat\u0131ld\u0131. G\u00f6kku\u015fa\u011f\u0131 ve trans bayraklar\u0131n\u0131n yer ald\u0131\u011f\u0131 pankartta \u015f\u00f6yle yaz\u0131yordu: \u201c<i>Kazanlar\u0131 kaynat\u0131yoruz, dolduruyoruz i\u00e7ine \/ <\/i><i>Bir dolu \u00f6fkeyi, a\u011f\u0131z dolusu gull\u00fcm ve hakl\u0131 direni\u015fi \/ <\/i><i>Ate\u015fleri yak\u0131yoruz, at\u0131yoruz i\u00e7ine \/ <\/i><i>T\u00fcm hassasiyetleri, bir tutam aile yap\u0131s\u0131 ve bilimum nefreti \/ <\/i><i>Kayna kazan\u0131m kayna, yan ate\u015fim yan!<\/i>\u201d<\/p>\n<p>Kortejlerin miting alan\u0131nda bulu\u015fmas\u0131 sonras\u0131 ortak metin, aralar\u0131nda D\u0130SK Kad\u0131n Komisyonu&#8217;ndan Olcay Ozak, katledilen Seda Kurt\u2019un annesi Bedia Akar, Mutlu Kaya&#8217;n\u0131n k\u0131z karde\u015fi Song\u00fcl Kaya ve katledilen \u0130stanbul Ayd\u0131n \u00dcniversitesi \u00f6\u011fretim \u00fcyesi Aylin S\u00f6zer\u2019in \u00f6\u011frencileri ad\u0131na Rev\u015fan Ayd\u0131nar\u0131\u011f\u2019\u0131n da bulundu\u011fu miting kat\u0131l\u0131mc\u0131lar\u0131 taraf\u0131ndan okundu.<\/p>\n<p>A\u00e7\u0131klamada, &#8220;\u015eiddetin, kad\u0131n katliam\u0131n\u0131n, tecav\u00fcz ve tacizlerin artarak s\u00fcrd\u00fc\u011f\u00fc, kad\u0131na kar\u015f\u0131 t\u00fcm \u015fiddet bi\u00e7imlerinin s\u0131radanla\u015ft\u0131r\u0131ld\u0131\u011f\u0131, LGBT\u0130+\u2019lar\u0131n sistematik olarak hedef g\u00f6sterildi\u011fi bir ortamda, s\u00f6zle\u015fmenin kald\u0131r\u0131lmas\u0131n\u0131 g\u00fcndeme getirmek t\u00fcm bu su\u00e7lara zemin haz\u0131rlamak&#8221; oldu\u011fu ifade edildi ve &#8220;M\u00fccadeleyle kazand\u0131\u011f\u0131m\u0131z, art\u0131k b\u00fct\u00fcn toplumun kabul etti\u011fi haklar\u0131m\u0131z\u0131n bir tekinden bile vazge\u00e7meyece\u011fiz,&#8221; dendi.<\/p>\n<p>Eylemde Kalben, Deniz Tekin, P\u0131nar Ayd\u0131nlar, \u0130stanbul Kad\u0131n Orkestras\u0131 ve Rew\u015fan sahne ald\u0131. Kalben, \u201c<em>D\u00fcnyada beyaz, heteroseks\u00fcel, iktidar sahibi bir erkek olmayan\u0131n d\u0131\u015f\u0131ndaki t\u00fcm insanlar\u0131n ezildi\u011fi d\u00fczenin de\u011fi\u015fmesi, b\u00fct\u00fcn insanlar\u0131n cinsiyetlerinden ba\u011f\u0131ms\u0131z olarak e\u015fit ya\u015fayabilmeleri, kimliklerinden ba\u011f\u0131ms\u0131z olarak \u00f6zg\u00fcr ya\u015fayabilmeleri, e\u011fitim alabilmeleri, \u00e7al\u0131\u015fabilmeleri, ekmeklerini kazanabilmeleri, ekonomi var edebilmeleri ve kendi v\u00fccudumuzla, kendi ruhumuzla ilgili kanunlar\u0131 yaparken bizlerin de kanun yap\u0131c\u0131lar aras\u0131nda olmas\u0131 tam da \u015fu anda \u00e7ok de\u011ferli. O y\u00fczden \u0130stanbul S\u00f6zle\u015fmesi&#8217;nden asla vazge\u00e7miyoruz,<\/em>\u201d dedi.<\/p>\n<p>Biz de Kad\u0131n Dayan\u0131\u015fmas\u0131 olarak &#8220;M\u00fccadeleyle kazand\u0131klar\u0131m\u0131zdan, Tek Adam karar\u0131yla vazge\u00e7meyiz&#8221; diyerek alandayd\u0131k. T\u00fcm renklerimizle, co\u015fkumuzla, isyan\u0131m\u0131zla hayat\u0131m\u0131z ve haklar\u0131m\u0131z i\u00e7in 1 Temmuz&#8217;a kadar, 1 Temmuz&#8217;da ve 1 Temmuz&#8217;dan sonra da sokaklarda yan yana olmaya devam edece\u011fiz!<\/p>\n<p>\u0130stanbul S\u00f6zle\u015fmesi\u2019ne sahip \u00e7\u0131kmak isteyen t\u00fcm kad\u0131nlar\u0131 1 Temmuz\u2019da Taksim T\u00fcnel\u2019e davet ediyoruz!<\/p>\n","protected":false},"excerpt":{"rendered":"<p>\u0130stanbul S\u00f6zle\u015fmesi aylar \u00f6ncesinden tart\u0131\u015fmaya a\u00e7\u0131lm\u0131\u015f ve 20 Mart gecesi Tek Adam rejimi T\u00fcrkiye&#8217;nin \u0130stanbul S\u00f6zle\u015fmesi&#8217;nden \u00e7ekildi\u011fini a\u00e7\u0131klam\u0131\u015ft\u0131. Kad\u0131nlar olarak o g\u00fcnden bug\u00fcne bu karar\u0131 kabul etmiyor ve m\u00fccadeleye devam ediyoruz. Kad\u0131nlar ve LGBT\u0130+&#8217;lar, 19 Haziran Cumartesi g\u00fcn\u00fc \u0130stanbul Maltepe\u2019de \u201c\u0130stanbul S\u00f6zle\u015fmesi\u2019nden Vazge\u00e7miyoruz\u201d Mitingi&#8217;nde bulu\u015ftu. Kad\u0131n ve LGBT\u0130+ \u00f6rg\u00fctleri, emek ve meslek \u00f6rg\u00fctleri, siyasi parti, [&hellip;]<\/p>\n","protected":false},"author":3,"featured_media":1166,"comment_status":"closed","ping_status":"closed","sticky":false,"template":"","format":"standard","meta":{"footnotes":""},"categories":[126],"tags":[135,149,159,146,181],"class_list":["post-1165","post","type-post","status-publish","format-standard","has-post-thumbnail","hentry","category-politika","tag-istanbul-sozlesmesi","tag-kadin-hareketi","tag-kadin-mucadelesi","tag-lgbti","tag-miting"],"_links":{"self":[{"href":"https:\/\/www.kadindayanismasi.net\/index.php\/wp-json\/wp\/v2\/posts\/1165","targetHints":{"allow":["GET"]}}],"collection":[{"href":"https:\/\/www.kadindayanismasi.net\/index.php\/wp-json\/wp\/v2\/posts"}],"about":[{"href":"https:\/\/www.kadindayanismasi.net\/index.php\/wp-json\/wp\/v2\/types\/post"}],"author":[{"embeddable":true,"href":"https:\/\/www.kadindayanismasi.net\/index.php\/wp-json\/wp\/v2\/users\/3"}],"replies":[{"embeddable":true,"href":"https:\/\/www.kadindayanismasi.net\/index.php\/wp-json\/wp\/v2\/comments?post=1165"}],"version-history":[{"count":7,"href":"https:\/\/www.kadindayanismasi.net\/index.php\/wp-json\/wp\/v2\/posts\/1165\/revisions"}],"predecessor-version":[{"id":1185,"href":"https:\/\/www.kadindayanismasi.net\/index.php\/wp-json\/wp\/v2\/posts\/1165\/revisions\/1185"}],"wp:featuredmedia":[{"embeddable":true,"href":"https:\/\/www.kadindayanismasi.net\/index.php\/wp-json\/wp\/v2\/media\/1166"}],"wp:attachment":[{"href":"https:\/\/www.kadindayanismasi.net\/index.php\/wp-json\/wp\/v2\/media?parent=1165"}],"wp:term":[{"taxonomy":"category","embeddable":true,"href":"https:\/\/www.kadindayanismasi.net\/index.php\/wp-json\/wp\/v2\/categories?post=1165"},{"taxonomy":"post_tag","embeddable":true,"href":"https:\/\/www.kadindayanismasi.net\/index.php\/wp-json\/wp\/v2\/tags?post=1165"}],"curies":[{"name":"wp","href":"https:\/\/api.w.org\/{rel}","templated":true}]}}