{"id":1199,"date":"2021-07-15T20:23:36","date_gmt":"2021-07-15T17:23:36","guid":{"rendered":"https:\/\/www.kadindayanismasi.net\/?p=1199"},"modified":"2021-07-15T20:23:36","modified_gmt":"2021-07-15T17:23:36","slug":"brezilya-kadin-cinayetlerine-karsi-mucadele-devam-ediyor","status":"publish","type":"post","link":"https:\/\/www.kadindayanismasi.net\/index.php\/2021\/07\/15\/brezilya-kadin-cinayetlerine-karsi-mucadele-devam-ediyor\/","title":{"rendered":"Brezilya: Kad\u0131n cinayetlerine kar\u015f\u0131 m\u00fccadele devam ediyor"},"content":{"rendered":"<p><em>Bu yaz\u0131n\u0131n orijinali, \u0130\u015f\u00e7ilerin Uluslararas\u0131 Birli\u011fi-D\u00f6rd\u00fcnc\u00fc Enternasyonal\u2019in yay\u0131n organ\u0131 Correspondencia Internacional\u2019in (Uluslararas\u0131 Haberle\u015fme)\u00a0<strong>Pandemi ve Kapitalist Kriz Kar\u015f\u0131s\u0131nda Kad\u0131nlar<\/strong>\u00a0ba\u015fl\u0131kl\u0131 \u00f6zel say\u0131s\u0131nda yay\u0131mlanm\u0131\u015ft\u0131r.<\/em><\/p>\n<p><em>Yazar: Rana Agarriberri \u2013 Sosyalist \u0130\u015f\u00e7i Ak\u0131m\u0131 (Brezilya)<\/em><\/p>\n<p><em>\u00c7eviri: Kad\u0131n Dayan\u0131\u015fmas\u0131<\/em><\/p>\n<p>May\u0131s ay\u0131nda Brezilya adaleti, kad\u0131nlar\u0131n hayatlar\u0131n\u0131 savunmak ad\u0131na, Luis Felipe Manvailer\u2019i 31 y\u0131l hapis cezas\u0131na \u00e7arpt\u0131rd\u0131 ve bu, \u00fclke \u00e7ap\u0131nda ger\u00e7ekle\u015fen b\u00fcy\u00fck kad\u0131n seferberlikleri sayesinde m\u00fcmk\u00fcn oldu.<\/p>\n<p>Luis Felipe ve Tatiane \u00e7iftinin ya\u015fad\u0131\u011f\u0131 binan\u0131n Temmuz 2018 tarihli kamera g\u00f6r\u00fcnt\u00fcleri, Tatiane\u2019nin bo\u011fulmadan ve ya\u015fad\u0131klar\u0131 apartman dairesinin penceresinden a\u015fa\u011f\u0131 at\u0131lmadan hemen \u00f6nce maruz kald\u0131\u011f\u0131 fiziksel \u015fiddeti a\u00e7\u0131k\u00e7a belgeliyor. Bu ceza, bir kad\u0131n cinayeti sonras\u0131 verilen ilk mahk\u00fbmiyet de\u011fil, ancak ev i\u00e7i \u015fiddetin h\u00e2l\u00e2 mahrem bir sorun olarak \u00fcst\u00fcn\u00fcn kapat\u0131ld\u0131\u011f\u0131n\u0131 a\u00e7\u0131k\u00e7a ortaya koydu\u011fu i\u00e7in bas\u0131n ve toplum nezdinde b\u00fcy\u00fck bir etkisi oldu: Tan\u0131klar olay anlar\u0131nda dayak sesleri ve Tatiane\u2019nin a\u011flama ve \u00e7\u0131\u011fl\u0131klar\u0131n\u0131 duyduklar\u0131n\u0131 yetkililere bildirmi\u015flerdi; ancak yetkililer duruma m\u00fcdahale etmediler.<\/p>\n<p>Feminist Bahar\u2019\u0131n* tam ortas\u0131nda, cinayetin ger\u00e7ekle\u015fti\u011fi Paran\u00e1 eyaletinin Guarapuava \u015fehrinde ve ayn\u0131 eyaletin ba\u015fkenti Curitiba\u2019da kad\u0131na y\u00f6nelik \u015fiddetle m\u00fccadele i\u00e7in olduk\u00e7a g\u00fc\u00e7l\u00fc eylemler ger\u00e7ekle\u015fti. Luis Felipe\u2019nin mahk\u00fbmiyetinin talep edilmesine ek olarak, kad\u0131na y\u00f6nelik \u015fiddete dair yeni yasal d\u00fczenlemelerin hayata ge\u00e7irilmesi i\u00e7in ciddi bask\u0131lar olu\u015fturuldu.<\/p>\n<p>Davan\u0131n h\u00e2kimi, ceza karar\u0131na, kad\u0131na y\u00f6nelik \u015fiddetin te\u015fvik edildi\u011fi bir ortam yaratan, kad\u0131n ve erkek aras\u0131ndaki g\u00fc\u00e7 asimetrisinin analizini de dahil etti. Ayr\u0131ca, olu\u015fturulan halk bask\u0131s\u0131 sonucunda davaya d\u00f6n\u00fck olarak \u201ckad\u0131n d\u00fc\u015fmanl\u0131\u011f\u0131\u201d terimini de kulland\u0131. Dava j\u00fcrisi i\u00e7erisinde sadece bir kad\u0131n olmas\u0131 da j\u00fcri bile\u015fimindeki bu e\u015fitsizli\u011fin sadece bu davada de\u011fil, di\u011fer kad\u0131n cinayeti davalar\u0131nda da sonucu etkileyebilecek bir etken olabilmesi a\u00e7\u0131s\u0131ndan \u00e7e\u015fitli tart\u0131\u015fmalara yol a\u00e7t\u0131. Bu mahk\u00fbmiyetin, Federal Y\u00fcksek Mahkeme\u2019nin kendilerine ihanet ettikleri i\u00e7in partnerlerini \u00f6ld\u00fcrd\u00fcklerini iddia eden kad\u0131n katillerinin cezas\u0131n\u0131 azaltmak i\u00e7in \u00f6ne s\u00fcr\u00fclen \u201cMe\u015fru Onur Savunmas\u0131\u201d maddesinin kullan\u0131lmas\u0131n\u0131 yasaklamas\u0131ndan iki ay sonra ger\u00e7ekle\u015fti\u011fini de unutmamak gerekiyor.<\/p>\n<p>Luis Felipe&#8217;nin mahk\u00fbmiyeti, \u00fclkede 2015 y\u0131l\u0131ndan beri h\u00fck\u00fcmetlere, haklar\u0131na y\u00f6nelik sald\u0131r\u0131lara, tecav\u00fcz k\u00fclt\u00fcr\u00fcne kar\u015f\u0131 ve k\u00fcrtaj hakk\u0131n\u0131 savunmak i\u00e7in seferber olan kad\u0131nlar\u0131n ayaklanmas\u0131n\u0131n do\u011frudan bir sonucudur. Feminist \u00f6rg\u00fctlerinin Bolsonaro h\u00fck\u00fcmetinin erkek egemen politikalar\u0131na kar\u015f\u0131 m\u00fccadeleyi g\u00fc\u00e7lendirmek i\u00e7in s\u00fcrekli seferberlikten vazge\u00e7memesi gerekiyor. Tatiane i\u00e7in ve hepimiz i\u00e7in m\u00fccadeleye devam ediyoruz!<\/p>\n<p><em>* Feminist Bahar, Brezilya\u2019da 2015 y\u0131l\u0131nda binlerce kad\u0131n\u0131n kamu sa\u011fl\u0131\u011f\u0131 hizmetlerinin cinsel \u015fiddet ma\u011fduru kad\u0131nlara destek sunmas\u0131n\u0131 zorla\u015ft\u0131ran ve \u00e7e\u015fitli k\u0131s\u0131tlamalar \u00f6ng\u00f6ren 5069\/2013 say\u0131l\u0131 yasa tasar\u0131s\u0131n\u0131 protesto etmek i\u00e7in sokaklara d\u00f6k\u00fcld\u00fc\u011f\u00fc s\u00fcrece verilen isim. Ayr\u0131ca \u00fclkede kad\u0131n hareketinin y\u00fckseli\u015fe ge\u00e7ti\u011fi son d\u00f6nemi ifade etmek i\u00e7in de kullan\u0131l\u0131yor.<\/em><\/p>\n","protected":false},"excerpt":{"rendered":"<p>Bu yaz\u0131n\u0131n orijinali, \u0130\u015f\u00e7ilerin Uluslararas\u0131 Birli\u011fi-D\u00f6rd\u00fcnc\u00fc Enternasyonal\u2019in yay\u0131n organ\u0131 Correspondencia Internacional\u2019in (Uluslararas\u0131 Haberle\u015fme)\u00a0Pandemi ve Kapitalist Kriz Kar\u015f\u0131s\u0131nda Kad\u0131nlar\u00a0ba\u015fl\u0131kl\u0131 \u00f6zel say\u0131s\u0131nda yay\u0131mlanm\u0131\u015ft\u0131r. Yazar: Rana Agarriberri \u2013 Sosyalist \u0130\u015f\u00e7i Ak\u0131m\u0131 (Brezilya) \u00c7eviri: Kad\u0131n Dayan\u0131\u015fmas\u0131 May\u0131s ay\u0131nda Brezilya adaleti, kad\u0131nlar\u0131n hayatlar\u0131n\u0131 savunmak ad\u0131na, Luis Felipe Manvailer\u2019i 31 y\u0131l hapis cezas\u0131na \u00e7arpt\u0131rd\u0131 ve bu, \u00fclke \u00e7ap\u0131nda ger\u00e7ekle\u015fen b\u00fcy\u00fck kad\u0131n [&hellip;]<\/p>\n","protected":false},"author":10,"featured_media":1206,"comment_status":"closed","ping_status":"closed","sticky":false,"template":"","format":"standard","meta":{"footnotes":""},"categories":[82],"tags":[183,124,117,103],"class_list":["post-1199","post","type-post","status-publish","format-standard","has-post-thumbnail","hentry","category-uluslararasi-mucadele","tag-brezilya","tag-feminist-mucadele","tag-iub-de","tag-uluslararasi-kadin-hareketi"],"_links":{"self":[{"href":"https:\/\/www.kadindayanismasi.net\/index.php\/wp-json\/wp\/v2\/posts\/1199","targetHints":{"allow":["GET"]}}],"collection":[{"href":"https:\/\/www.kadindayanismasi.net\/index.php\/wp-json\/wp\/v2\/posts"}],"about":[{"href":"https:\/\/www.kadindayanismasi.net\/index.php\/wp-json\/wp\/v2\/types\/post"}],"author":[{"embeddable":true,"href":"https:\/\/www.kadindayanismasi.net\/index.php\/wp-json\/wp\/v2\/users\/10"}],"replies":[{"embeddable":true,"href":"https:\/\/www.kadindayanismasi.net\/index.php\/wp-json\/wp\/v2\/comments?post=1199"}],"version-history":[{"count":7,"href":"https:\/\/www.kadindayanismasi.net\/index.php\/wp-json\/wp\/v2\/posts\/1199\/revisions"}],"predecessor-version":[{"id":1271,"href":"https:\/\/www.kadindayanismasi.net\/index.php\/wp-json\/wp\/v2\/posts\/1199\/revisions\/1271"}],"wp:featuredmedia":[{"embeddable":true,"href":"https:\/\/www.kadindayanismasi.net\/index.php\/wp-json\/wp\/v2\/media\/1206"}],"wp:attachment":[{"href":"https:\/\/www.kadindayanismasi.net\/index.php\/wp-json\/wp\/v2\/media?parent=1199"}],"wp:term":[{"taxonomy":"category","embeddable":true,"href":"https:\/\/www.kadindayanismasi.net\/index.php\/wp-json\/wp\/v2\/categories?post=1199"},{"taxonomy":"post_tag","embeddable":true,"href":"https:\/\/www.kadindayanismasi.net\/index.php\/wp-json\/wp\/v2\/tags?post=1199"}],"curies":[{"name":"wp","href":"https:\/\/api.w.org\/{rel}","templated":true}]}}