{"id":1214,"date":"2021-07-05T19:38:27","date_gmt":"2021-07-05T16:38:27","guid":{"rendered":"https:\/\/www.kadindayanismasi.net\/?p=1214"},"modified":"2021-07-05T19:38:27","modified_gmt":"2021-07-05T16:38:27","slug":"siranin-6284e-gelmemesi-icin","status":"publish","type":"post","link":"https:\/\/www.kadindayanismasi.net\/index.php\/2021\/07\/05\/siranin-6284e-gelmemesi-icin\/","title":{"rendered":"S\u0131ran\u0131n 6284&#8217;e gelmemesi i\u00e7in!"},"content":{"rendered":"\r\n<p>20 Mart gecesi Tek Adam rejimi taraf\u0131ndan al\u0131nan bir kararla T\u00fcrkiye\u2019nin \u0130stanbul S\u00f6zle\u015fmesi\u2019nden \u00e7ekilmesinden bu yana m\u00fccadelemiz \u00e7o\u011falarak devam ediyor. \u00d6n\u00fcm\u00fcze s\u00fcrekli yeni engeller \u00e7\u0131kar\u0131lsa da, kad\u0131nlar ve LGBT\u0130+&#8217;lar olarak sokaklar\u0131 doldurmaya devam ediyoruz. 19 Haziran Cumartesi g\u00fcn\u00fc \u201c\u0130stanbul S\u00f6zle\u015fmesi\u2019nden Vazge\u00e7miyoruz\u201d Mitingi\u2019nde farkl\u0131 illerden y\u00fczlerce kad\u0131n \u0130stanbul Maltepe\u2019de bulu\u015ftuk. 26 Haziran\u2019da Taksim\u2019de Onur Haftas\u0131\u2019n\u0131 kutlamak ve nefret cinayetlerini protesto etmek i\u00e7in kad\u0131n ve LGBT\u0130+ \u00f6rg\u00fctleri olarak t\u00fcm polis ablukas\u0131na ra\u011fmen bir araya geldik. Ve en son 1 Temmuz\u2019da Taksim T\u00fcnel\u2019de t\u00fcm \u00f6fkemiz ve isyan\u0131m\u0131z ile hep birlikte &#8220;\u0130stanbul S\u00f6zle\u015fmesi&#8217;nden Vazge\u00e7miyoruz! Bizim i\u00e7in bitmedi,&#8221; dedik ve son y\u0131llar\u0131n en kitlesel ve co\u015fkulu kad\u0131n ve LGBT\u0130+ eylemini ger\u00e7ekle\u015ftirdik.<\/p>\r\n\r\n\r\n\r\n<p>Bitmedi; \u00e7\u00fcnk\u00fc ne kad\u0131nlar\u0131n ne \u00e7ocuklar\u0131n ne de LGBT\u0130+&#8217;lar\u0131n hayatlar\u0131 iktidardakilerin hayatlar\u0131ndan daha \u00f6nemsiz. Onlar\u0131n haklar\u0131m\u0131z\u0131 ve hayatlar\u0131m\u0131z\u0131 hi\u00e7e saymas\u0131n\u0131 kabul etmeyece\u011fiz! Bir arada durmaya da devam edece\u011fiz; \u00e7\u00fcnk\u00fc biz haklar\u0131m\u0131za daha s\u0131k\u0131 sar\u0131ld\u0131k\u00e7a iktidardakiler \u00f6n\u00fcm\u00fcze yeni sald\u0131r\u0131 paketleri ile geliyorlar. \u0130stanbul S\u00f6zle\u015fmesi\u2019ni dayanak alan 6284 say\u0131l\u0131 yasan\u0131n da \u00e7ok uzun zamand\u0131r a\u011f\u0131r aksak, ittire kakt\u0131ra i\u015fletildi\u011fini biliyoruz. Ge\u00e7ti\u011fimiz haftalarda, Ku\u015fadas\u0131\u2019nda 13 ya\u015f\u0131ndaki bir gen\u00e7 k\u0131z\u0131 istismar eden iki ki\u015finin h\u00e2l\u00e2 tutuksuz olmas\u0131, Konya\u2019da kar\u0131s\u0131n\u0131 45 yerinden b\u0131\u00e7aklayan faile h\u00e2kimin, &#8220;\u00f6ld\u00fcr\u00fcrken mutlu olmad\u0131&#8221; indirimini vermesi, Elmal\u0131 Davas\u0131&#8217;n\u0131n san\u0131klar\u0131n\u0131n tutuksuz yarg\u0131lanmak \u00fczere serbest b\u0131rak\u0131lmas\u0131, infaz yasas\u0131 paketinin i\u00e7inde bile \u00e7ocuk istismar\u0131 d\u00fczenlemelerinin ge\u00e7irilmeye \u00e7al\u0131\u015fmas\u0131, t\u00fcm bunlar biz birbirimize kenetlenmeyi b\u0131rakt\u0131\u011f\u0131m\u0131z anda \u00f6n\u00fcm\u00fcze getirileceklerin habercisi.<\/p>\r\n\r\n\r\n\r\n<p><strong>\u0130ktidar\u0131n ajandas\u0131 bitmiyor!<\/strong><\/p>\r\n\r\n\r\n\r\n<p>\u0130ktidar\u0131n ajandas\u0131ndaki sald\u0131r\u0131 paketlerinden ilki 4. Yarg\u0131 Paketi. Bu paketle cinsel istismar, kasten \u00f6ld\u00fcrme gibi \u201ckatalog su\u00e7lar\u201dda tutuklama i\u00e7in \u201csomut delil\u201d \u015fart\u0131 getirilmek isteniyor. Ba\u015fka bir deyi\u015fle, kad\u0131n veya \u00e7ocuk e\u011fer istismar ya\u015fad\u0131\u011f\u0131na ili\u015fkin somut bir delil getiremezse, \u015f\u00fcpheli asla tutuklanamayacak! Demek oluyor ki \u015fiddete u\u011frad\u0131\u011f\u0131n\u0131zda savc\u0131l\u0131klar ve karakollarda \u015fiddetin belgesini soracaklar. Bu hem hukuk g\u00fcvenli\u011fi i\u00e7in b\u00fcy\u00fck bir kay\u0131p hem de kad\u0131nlar\u0131n 6284 ile kazan\u0131mlar\u0131na \u00f6nemli bir sald\u0131r\u0131 niteli\u011fi ta\u015f\u0131yor. Zira tutuklama zaten bir g\u00fcvenlik tedbiridir. Cinsel sald\u0131r\u0131 ve istismar su\u00e7lar\u0131nda su\u00e7lar\u0131n do\u011fas\u0131 gere\u011fi genelde somut delil bulunmaz. Kad\u0131na y\u00f6nelik su\u00e7larda en b\u00fcy\u00fck delil kad\u0131n\u0131n beyan\u0131d\u0131r. Kald\u0131 ki h\u00e2kimin tutuklamayla ilgili gerek\u00e7eli karar\u0131nda hangi nedenle, neye dayanarak bu karara vard\u0131\u011f\u0131n\u0131 a\u00e7\u0131k\u00e7a yazmas\u0131 gerekir. Cinsel istismar su\u00e7u i\u00e7in yaz\u0131l\u0131 gerek\u00e7enin \u00f6tesinde \u201csomut delil \u015fart\u0131\u201d aramak, istismarc\u0131lar\u0131n tutuklanmas\u0131n\u0131 daha da zorla\u015ft\u0131racak bir k\u0131stas olacakt\u0131r. Bu h\u00fck\u00fcmle asl\u0131nda 6284 say\u0131l\u0131 kanunda ma\u011fdurun beyan\u0131 hakk\u0131ndaki \u201cdelil ve belge aranmaz\u201d h\u00fckm\u00fc de \u00e7i\u011fnenmi\u015f oluyor.<\/p>\r\n\r\n\r\n\r\n<p>\u0130ktidar\u0131n ajandas\u0131ndaki ba\u015fka bir paket; bo\u015fanmalarda arabuluculuk gibi alternatif y\u00f6ntemlerle bo\u015fanman\u0131n zorla\u015ft\u0131r\u0131lmas\u0131. Sanki erkek \u015fiddetinin sebebi mal rejimi ya da \u015fiddet i\u00e7eren durumlarda bo\u015fanma davalar\u0131nda arabuluculu\u011fun engellenmesiymi\u015f gibi yakla\u015f\u0131mlarla konu tart\u0131\u015fmaya a\u00e7\u0131l\u0131yor. Bo\u015fanma s\u00fcrecinde arabuluculuk mekanizmas\u0131 \u0130stanbul S\u00f6zle\u015fmesi\u2019nde a\u00e7\u0131k\u00e7a yasaklanm\u0131\u015ft\u0131r ve genelde \u015fiddet ma\u011fdurunun yasal haklar\u0131ndan vazge\u00e7erek bo\u015fanmas\u0131 veya t\u00fcm\u00fcyle bo\u015fanma hakk\u0131n\u0131 kullanmaktan vazge\u00e7irilmesi i\u015flevinden ibarettir.<\/p>\r\n\r\n\r\n\r\n<p><strong>Kazan\u0131mlar\u0131m\u0131z\u0131 korumak i\u00e7in&#8230;<\/strong><\/p>\r\n\r\n\r\n\r\n<p>\u0130stanbul S\u00f6zle\u015fmesi&#8217;nden \u00e7ekilme karar\u0131 a\u00e7\u0131kland\u0131\u011f\u0131ndan beri neredeyse her g\u00fcn yeni bir sald\u0131r\u0131yla kar\u015f\u0131la\u015f\u0131yoruz. 6284 say\u0131l\u0131 kanun yokmu\u015f gibi davran\u0131l\u0131yor. \u015eiddetle m\u00fccadele i\u00e7in, o \u015fiddetin \u00e7o\u011fu zaman tek tan\u0131\u011f\u0131n\u0131n, ma\u011fduru olan kad\u0131n\u0131n beyan\u0131n\u0131n esas al\u0131nmas\u0131, bo\u015fanma s\u00fcrecinin bizzat \u015fiddete d\u00f6n\u00fc\u015fmemesi i\u00e7in iktidar\u0131n ajandas\u0131na dur dememiz gerekiyor. Hem iktidar\u0131n ajandas\u0131na kar\u015f\u0131 haklar\u0131m\u0131z\u0131 savunmak hem de daha e\u015fit ve \u00f6zg\u00fcr g\u00fcnleri var etmek i\u00e7in bir acil eylem plan\u0131na her zamankinden daha fazla ihtiyac\u0131m\u0131z var.<\/p>\r\n","protected":false},"excerpt":{"rendered":"<p>20 Mart gecesi Tek Adam rejimi taraf\u0131ndan al\u0131nan bir kararla T\u00fcrkiye\u2019nin \u0130stanbul S\u00f6zle\u015fmesi\u2019nden \u00e7ekilmesinden bu yana m\u00fccadelemiz \u00e7o\u011falarak devam ediyor. \u00d6n\u00fcm\u00fcze s\u00fcrekli yeni engeller \u00e7\u0131kar\u0131lsa da, kad\u0131nlar ve LGBT\u0130+&#8217;lar olarak sokaklar\u0131 doldurmaya devam ediyoruz. 19 Haziran Cumartesi g\u00fcn\u00fc \u201c\u0130stanbul S\u00f6zle\u015fmesi\u2019nden Vazge\u00e7miyoruz\u201d Mitingi\u2019nde farkl\u0131 illerden y\u00fczlerce kad\u0131n \u0130stanbul Maltepe\u2019de bulu\u015ftuk. 26 Haziran\u2019da Taksim\u2019de Onur Haftas\u0131\u2019n\u0131 kutlamak [&hellip;]<\/p>\n","protected":false},"author":2,"featured_media":1243,"comment_status":"closed","ping_status":"closed","sticky":false,"template":"","format":"standard","meta":{"footnotes":""},"categories":[126],"tags":[136,135],"class_list":["post-1214","post","type-post","status-publish","format-standard","has-post-thumbnail","hentry","category-politika","tag-136","tag-istanbul-sozlesmesi"],"_links":{"self":[{"href":"https:\/\/www.kadindayanismasi.net\/index.php\/wp-json\/wp\/v2\/posts\/1214","targetHints":{"allow":["GET"]}}],"collection":[{"href":"https:\/\/www.kadindayanismasi.net\/index.php\/wp-json\/wp\/v2\/posts"}],"about":[{"href":"https:\/\/www.kadindayanismasi.net\/index.php\/wp-json\/wp\/v2\/types\/post"}],"author":[{"embeddable":true,"href":"https:\/\/www.kadindayanismasi.net\/index.php\/wp-json\/wp\/v2\/users\/2"}],"replies":[{"embeddable":true,"href":"https:\/\/www.kadindayanismasi.net\/index.php\/wp-json\/wp\/v2\/comments?post=1214"}],"version-history":[{"count":9,"href":"https:\/\/www.kadindayanismasi.net\/index.php\/wp-json\/wp\/v2\/posts\/1214\/revisions"}],"predecessor-version":[{"id":1250,"href":"https:\/\/www.kadindayanismasi.net\/index.php\/wp-json\/wp\/v2\/posts\/1214\/revisions\/1250"}],"wp:featuredmedia":[{"embeddable":true,"href":"https:\/\/www.kadindayanismasi.net\/index.php\/wp-json\/wp\/v2\/media\/1243"}],"wp:attachment":[{"href":"https:\/\/www.kadindayanismasi.net\/index.php\/wp-json\/wp\/v2\/media?parent=1214"}],"wp:term":[{"taxonomy":"category","embeddable":true,"href":"https:\/\/www.kadindayanismasi.net\/index.php\/wp-json\/wp\/v2\/categories?post=1214"},{"taxonomy":"post_tag","embeddable":true,"href":"https:\/\/www.kadindayanismasi.net\/index.php\/wp-json\/wp\/v2\/tags?post=1214"}],"curies":[{"name":"wp","href":"https:\/\/api.w.org\/{rel}","templated":true}]}}