{"id":1285,"date":"2021-12-05T14:02:39","date_gmt":"2021-12-05T11:02:39","guid":{"rendered":"https:\/\/www.kadindayanismasi.net\/?p=1285"},"modified":"2021-12-05T14:05:34","modified_gmt":"2021-12-05T11:05:34","slug":"kadin-saglik-emekcileri-on-saflarda","status":"publish","type":"post","link":"https:\/\/www.kadindayanismasi.net\/index.php\/2021\/12\/05\/kadin-saglik-emekcileri-on-saflarda\/","title":{"rendered":"Kad\u0131n sa\u011fl\u0131k emek\u00e7ileri \u00f6n saflarda"},"content":{"rendered":"\n<p><em>Bu yaz\u0131n\u0131n orijinali, \u0130\u015f\u00e7ilerin Uluslararas\u0131 Birli\u011fi-D\u00f6rd\u00fcnc\u00fc Enternasyonal\u2019in yay\u0131n organ\u0131 Correspondencia Internacional\u2019in (Uluslararas\u0131 Haberle\u015fme)&nbsp;<strong>Pandemi ve Kapitalist Kriz Kar\u015f\u0131s\u0131nda Kad\u0131nlar<\/strong>&nbsp;ba\u015fl\u0131kl\u0131 \u00f6zel say\u0131s\u0131nda yay\u0131mlanm\u0131\u015ft\u0131r.<\/em><\/p>\n\n\n\n<p><em>Yazar: <\/em>Paola Mariani \u2013 Sosyalist Sol ve lsadora (Arjantin)<\/p>\n\n\n\n<p><em>\u00c7eviri: Kad\u0131n Dayan\u0131\u015fmas\u0131<\/em><\/p>\n\n\n\n<p>Pandemi, h\u00fck\u00fcmetlerin sistematik b\u00fct\u00e7e kesintileri ve \u00f6zelle\u015ftirmeler arac\u0131l\u0131\u011f\u0131yla halk sa\u011fl\u0131\u011f\u0131 sistemlerini kemer s\u0131kma politikalar\u0131na on y\u0131llard\u0131r nas\u0131l maruz b\u0131rakt\u0131\u011f\u0131n\u0131 ortaya koydu. Sa\u011fl\u0131k sisteminin bu krizi, d\u00fcnyan\u0131n bir\u00e7ok \u00fclkesinde sadece sistemlerde ya\u015fanan \u00e7\u00f6k\u00fc\u015flerle de\u011fil, ayn\u0131 zamanda sa\u011fl\u0131k \u00e7al\u0131\u015fanlar\u0131n\u0131n verdikleri b\u00fcy\u00fck m\u00fccadelelerle de ifade edilmekte. Ve esas olarak, kaynak veya b\u00fct\u00e7e sa\u011flanmaks\u0131z\u0131n pandemiyle sava\u015f\u0131yormu\u015f izlenimi vermeye \u00e7al\u0131\u015fan h\u00fck\u00fcmetlerin sorumluluklar\u0131n\u0131 if\u015fa etmekte. Verilen m\u00fccadelelerin \u00e7o\u011fu pek \u00e7ok di\u011fer talebin yan\u0131 s\u0131ra, temel olarak pandemi ile m\u00fccadelede koruyucu ekipman eksikli\u011fi, d\u00fc\u015f\u00fck \u00fccretler, g\u00fcvencesizlik ve i\u015fg\u00fcc\u00fc esnekli\u011fine kar\u015f\u0131 y\u00fckseliyor.<\/p>\n\n\n\n<p>Bu ba\u011flamda, farkl\u0131 istatistikler, kad\u0131nlar\u0131n sa\u011fl\u0131k \u00e7al\u0131\u015fanlar\u0131n\u0131n yakla\u015f\u0131k y\u00fczde 73\u2019\u00fcn\u00fc olu\u015fturdu\u011funu g\u00f6steriyor. Kad\u0131n sa\u011fl\u0131k emek\u00e7ileri, Fransa, \u0130spanya Devleti, Bolivya, Tunus, Arjantin, Panama ve daha pek \u00e7ok \u00fclkede \u00e7al\u0131\u015fma ko\u015fullar\u0131 i\u00e7in verilen b\u00fcy\u00fck m\u00fccadelelere, grevlere ve seferberliklere kat\u0131l\u0131yor ve \u00f6nc\u00fcl\u00fck ediyorlar.<\/p>\n\n\n\n<p>\u0130\u015f\u00e7ilerin Uluslararas\u0131 Birli\u011fi \u2013 D\u00f6rd\u00fcnc\u00fc Enternasyonal (\u0130UB-DE) olarak, h\u00fck\u00fcmetlerin d\u0131\u015f bor\u00e7lar\u0131 \u00f6dememesini, zenginlerin servetleri \u00fczerinden vergi al\u0131nmas\u0131n\u0131 ve bu \u015fekilde olu\u015fturulacak kayna\u011f\u0131n sa\u011fl\u0131k sistemi krizini ve ciddi sosyal sorunlar\u0131 \u00e7\u00f6zmek i\u00e7in kullan\u0131lmas\u0131n\u0131 talep ediyoruz. Ayn\u0131 zamanda, d\u00fcnyan\u0131n t\u00fcm \u00fclkelerinde acil bir toplu a\u015f\u0131lama plan\u0131n\u0131 garanti alt\u0131na almak i\u00e7in patentlerin kald\u0131r\u0131lmas\u0131n\u0131 ve a\u015f\u0131 \u00fcretiminin serbest b\u0131rak\u0131lmas\u0131n\u0131 savunuyoruz.<\/p>\n","protected":false},"excerpt":{"rendered":"<p>Bu yaz\u0131n\u0131n orijinali, \u0130\u015f\u00e7ilerin Uluslararas\u0131 Birli\u011fi-D\u00f6rd\u00fcnc\u00fc Enternasyonal\u2019in yay\u0131n organ\u0131 Correspondencia Internacional\u2019in (Uluslararas\u0131 Haberle\u015fme)&nbsp;Pandemi ve Kapitalist Kriz Kar\u015f\u0131s\u0131nda Kad\u0131nlar&nbsp;ba\u015fl\u0131kl\u0131 \u00f6zel say\u0131s\u0131nda yay\u0131mlanm\u0131\u015ft\u0131r. Yazar: Paola Mariani \u2013 Sosyalist Sol ve lsadora (Arjantin) \u00c7eviri: Kad\u0131n Dayan\u0131\u015fmas\u0131 Pandemi, h\u00fck\u00fcmetlerin sistematik b\u00fct\u00e7e kesintileri ve \u00f6zelle\u015ftirmeler arac\u0131l\u0131\u011f\u0131yla halk sa\u011fl\u0131\u011f\u0131 sistemlerini kemer s\u0131kma politikalar\u0131na on y\u0131llard\u0131r nas\u0131l maruz b\u0131rakt\u0131\u011f\u0131n\u0131 ortaya koydu. Sa\u011fl\u0131k [&hellip;]<\/p>\n","protected":false},"author":10,"featured_media":1291,"comment_status":"closed","ping_status":"closed","sticky":false,"template":"","format":"standard","meta":{"footnotes":""},"categories":[82],"tags":[117,105,170,103],"class_list":["post-1285","post","type-post","status-publish","format-standard","has-post-thumbnail","hentry","category-uluslararasi-mucadele","tag-iub-de","tag-pandemi","tag-saglik-calisanlari","tag-uluslararasi-kadin-hareketi"],"_links":{"self":[{"href":"https:\/\/www.kadindayanismasi.net\/index.php\/wp-json\/wp\/v2\/posts\/1285","targetHints":{"allow":["GET"]}}],"collection":[{"href":"https:\/\/www.kadindayanismasi.net\/index.php\/wp-json\/wp\/v2\/posts"}],"about":[{"href":"https:\/\/www.kadindayanismasi.net\/index.php\/wp-json\/wp\/v2\/types\/post"}],"author":[{"embeddable":true,"href":"https:\/\/www.kadindayanismasi.net\/index.php\/wp-json\/wp\/v2\/users\/10"}],"replies":[{"embeddable":true,"href":"https:\/\/www.kadindayanismasi.net\/index.php\/wp-json\/wp\/v2\/comments?post=1285"}],"version-history":[{"count":5,"href":"https:\/\/www.kadindayanismasi.net\/index.php\/wp-json\/wp\/v2\/posts\/1285\/revisions"}],"predecessor-version":[{"id":1388,"href":"https:\/\/www.kadindayanismasi.net\/index.php\/wp-json\/wp\/v2\/posts\/1285\/revisions\/1388"}],"wp:featuredmedia":[{"embeddable":true,"href":"https:\/\/www.kadindayanismasi.net\/index.php\/wp-json\/wp\/v2\/media\/1291"}],"wp:attachment":[{"href":"https:\/\/www.kadindayanismasi.net\/index.php\/wp-json\/wp\/v2\/media?parent=1285"}],"wp:term":[{"taxonomy":"category","embeddable":true,"href":"https:\/\/www.kadindayanismasi.net\/index.php\/wp-json\/wp\/v2\/categories?post=1285"},{"taxonomy":"post_tag","embeddable":true,"href":"https:\/\/www.kadindayanismasi.net\/index.php\/wp-json\/wp\/v2\/tags?post=1285"}],"curies":[{"name":"wp","href":"https:\/\/api.w.org\/{rel}","templated":true}]}}