{"id":1373,"date":"2021-12-20T14:00:37","date_gmt":"2021-12-20T11:00:37","guid":{"rendered":"https:\/\/www.kadindayanismasi.net\/?p=1373"},"modified":"2021-12-20T17:26:09","modified_gmt":"2021-12-20T14:26:09","slug":"cinsel-siddete-karsi-ifsalar-artiyor","status":"publish","type":"post","link":"https:\/\/www.kadindayanismasi.net\/index.php\/2021\/12\/20\/cinsel-siddete-karsi-ifsalar-artiyor\/","title":{"rendered":"Cinsel \u015fiddete kar\u015f\u0131 if\u015falar art\u0131yor"},"content":{"rendered":"\n<p><em>Bu yaz\u0131n\u0131n orijinali, \u0130\u015f\u00e7ilerin Uluslararas\u0131 Birli\u011fi-D\u00f6rd\u00fcnc\u00fc Enternasyonal\u2019in yay\u0131n organ\u0131 Correspondencia Internacional\u2019in (Uluslararas\u0131 Haberle\u015fme)&nbsp;<strong>Pandemi ve Kapitalist Kriz Kar\u015f\u0131s\u0131nda Kad\u0131nlar<\/strong>&nbsp;ba\u015fl\u0131kl\u0131 \u00f6zel say\u0131s\u0131nda yay\u0131mlanm\u0131\u015ft\u0131r.<\/em><\/p>\n\n\n\n<p><em>Yazar: Claudia Rodr\u00edguez Gilly \u2013 Sosyalizm ve \u00d6zg\u00fcrl\u00fck Partisi ve M\u00fccadele Eden Kad\u0131nlar \u00fcyesi (Venezuela)<\/em><\/p>\n\n\n\n<p><em>\u00c7eviri: Kad\u0131n Dayan\u0131\u015fmas\u0131<\/em><\/p>\n\n\n\n<p>\u00c7e\u015fitli \u00fclkelerde gittik\u00e7e daha fazla kad\u0131n cinsel \u015fiddete kar\u015f\u0131 \u00f6rg\u00fctleniyor ve harekete ge\u00e7iyor. Son y\u0131llarda, daha \u00f6nce \u00fczerinde durulmayan bu \u015fiddetin do\u011fal bir olgu olmad\u0131\u011f\u0131 a\u00e7\u0131\u011fa \u00e7\u0131kar\u0131ld\u0131 ve yak\u0131n zamanda bir \u015feyler de\u011fi\u015fti.<\/p>\n\n\n\n<p>2018\u2019in birka\u00e7 ay\u0131 boyunca, \u015eilili gen\u00e7 kad\u0131n \u00f6\u011frenciler \u00fcniversitelerde 15\u2019i a\u015fk\u0131n grev \u00f6rg\u00fctlediler. S\u00fcrekli artan cinsel istismar ve sald\u0131r\u0131lar\u0131n ve kad\u0131n cinayetlerinin cezas\u0131z kalmas\u0131n\u0131n son bulmas\u0131n\u0131, cinsiyet\u00e7i olmayan bir e\u011fitim plan\u0131 i\u00e7in m\u00fccadelenin \u00f6rg\u00fctlenmesini, \u00fccretsiz ve yasal k\u00fcrtaj hakk\u0131n\u0131n tan\u0131nmas\u0131n\u0131, kad\u0131nlara kar\u015f\u0131 ekonomik, siyasi ve aile, i\u015fyeri, sosyal hizmetler ve hukuk sistemi kaynakl\u0131 bask\u0131lar\u0131n son bulmas\u0131n\u0131 ve kapsay\u0131c\u0131 bir sosyal g\u00fcvence modeli olu\u015fturulmas\u0131n\u0131 talep ettiler.<\/p>\n\n\n\n<p>2018 y\u0131l\u0131 boyunca Panama\u2019da kad\u0131n \u00f6rg\u00fctleri, meclis \u00fcyesi Arquesio Arias\u2019\u0131n yarg\u0131lanmas\u0131n\u0131 isteyen taleplerle ve eylemlerle etkin bir \u015fekilde seferber oldu. Arias, Panamal\u0131 kad\u0131nlar\u0131n s\u00fcrekli m\u00fccadelesi ile milletvekilli\u011fi g\u00f6revinden uzakla\u015ft\u0131r\u0131ld\u0131 ve biri re\u015fit olmayan iki kad\u0131na kar\u015f\u0131 nitelikli cinsel istismar ve cinsel sald\u0131r\u0131 ile su\u00e7land\u0131. Son olarak, May\u0131s 2021\u2019de, kapitalist h\u00fck\u00fcmetlerin ataerkil adaleti yeterli su\u00e7 delili olmamas\u0131na istinaden, milletvekilini \u201csu\u00e7suz\u201d ilan etti. Bu durum, kararl\u0131l\u0131kla m\u00fccadeleyi s\u00fcrd\u00fcren feministlerin itiraz\u0131yla kar\u015f\u0131la\u015ft\u0131.<\/p>\n\n\n\n<p><p>Meksika feminist hareketi ile ba\u011flant\u0131l\u0131 olarak, Ocak 2021\u2019de Morena Partisi \u00fcyesi 100\u2019den fazla kad\u0131n, hakk\u0131nda aralar\u0131nda re\u015fit olmayan kad\u0131nlar\u0131n da oldu\u011fu be\u015f farkl\u0131 cinsel sald\u0131r\u0131 ve tecav\u00fcz su\u00e7lamas\u0131 olan Felix Salgado Macedonio\u2019nun Guerrero h\u00fck\u00fcmeti temsilcili\u011finin d\u00fc\u015f\u00fcr\u00fclmesi i\u00e7in parti \u00f6nderli\u011fine bir mektup sundu. Kad\u0131nlar parti i\u00e7i bir soru\u015fturmay\u0131 a\u00e7may\u0131 ba\u015farsalar da, kesin delil olmamas\u0131 nedeniyle Macedonio\u2019nun temsilcili\u011fi bu durumdan etkilenmedi. Fakat bu politikac\u0131n\u0131n itibar\u0131n\u0131n d\u00fc\u015f\u00fc\u015f\u00fcyle, may\u0131s ay\u0131nda mahkeme, vergi uyumsuzluklar\u0131 nedeniyle Macedonio\u2019nun vekilli\u011fini d\u00fc\u015f\u00fcrd\u00fc.<\/p>\n<p>Nisan 2021\u2019de Venezuela\u2019da kad\u0131nlar\u0131n ve LGBT\u0130+lar\u0131n y\u0131llarca sessiz kal\u0131p saklamak zorunda kald\u0131klar\u0131 cinsel taciz ve istismar beyanlar\u0131 \u00e7\u0131\u011f gibi akt\u0131. Bu olaylar \u00fczerine resmi a\u00e7\u0131klamalar, beyanlar, istifalar, i\u015ften \u00e7\u0131karmalar ve hatta biri lise \u00f6\u011fretmeni olan iki erke\u011fin intihar\u0131n\u0131 i\u00e7eren bir tepki zinciri ya\u015fand\u0131. Bu da Venezuela\u2019da \u00f6ng\u00f6r\u00fclemez bir durumun \u00f6n\u00fcn\u00fc a\u00e7t\u0131: Bir ba\u015fsavc\u0131 kendisi hakk\u0131nda soru\u015fturma a\u00e7mak zorunda kald\u0131, ayr\u0131ca pek \u00e7ok ayr\u0131 soru\u015fturma da a\u00e7\u0131ld\u0131 ve tutuklamalar oldu.<\/p><\/p>\n\n\n\n<p>Cinsel taciz ve \u015fiddet beyanlar\u0131 kar\u015f\u0131s\u0131nda kitlelerin \u201c<em>Yo Te Creo<\/em>\u201d (ed.n. \u201cSana \u0130nan\u0131yorum\u201d anlam\u0131na gelen ve cinsel taciz if\u015falar\u0131nda hayatta kalan\u0131n beyan\u0131na inanmay\u0131 ifade eden bu \u0130spanyolca c\u00fcmle, #MeToo benzeri bir ak\u0131ma d\u00f6n\u00fc\u015ft\u00fc) cevab\u0131n\u0131 vermeleri ilerici bir tutum. Cinsel sald\u0131r\u0131 ve tecav\u00fcz\u00fcn patriyarkal sistem kadar eskiye dayand\u0131\u011f\u0131 kan\u0131tlanm\u0131\u015f bir olgu. Bug\u00fcne kadar gen\u00e7 ya\u015fl\u0131 t\u00fcm kad\u0131nlar ve erkek \u00e7ocuklar tekrar ma\u011fdur olma, kendisine inan\u0131lmama veya su\u00e7lu hissettirilme korkusuyla bu sald\u0131r\u0131lara sessizce katlan\u0131yorlard\u0131 fakat bu bug\u00fcn de\u011fi\u015fmekte. Yukar\u0131da bahsedilen [kad\u0131n hareketinin] bas\u0131n\u00e7 uygulayan eylemleri ve bunlar\u0131n yayg\u0131nla\u015fmas\u0131, geleneksel olarak \u201cnormal\u201d alg\u0131lanm\u0131\u015f veya yok say\u0131lm\u0131\u015f erkek \u015fiddetini do\u011fal bir olgu olmaktan \u00e7\u0131karmakta.<\/p>\n\n\n\n<p>Biz kad\u0131nlar, \u00f6rg\u00fctlenerek ve seferber olarak daha ileri gidip, h\u00fck\u00fcmetlerden toplumsal cinsiyete dayal\u0131 \u015fiddete kar\u015f\u0131 bir program olu\u015fturmalar\u0131n\u0131 talep edebiliriz. B\u00fcy\u00fck ve \u00e7okuluslu \u015firketlerden vergiler toplanarak, d\u0131\u015f bor\u00e7lar\u0131n \u00f6demesi durdurularak ve askeri harcamalarla kolluk kuvvetleri harcamalar\u0131 kesilerek acilen bir ekonomik planlama yap\u0131lmal\u0131d\u0131r. Erkek \u015fiddeti ma\u011fdurlar\u0131n\u0131 s\u0131\u011f\u0131nmaevlerinde, kad\u0131nlar\u0131 ev i\u00e7i emekleri kar\u015f\u0131l\u0131\u011f\u0131nda mali yard\u0131mlarla destekleyecek bir plan. E\u015fde\u011fer i\u015fe e\u015fit \u00fccret ve kay\u0131ts\u0131z \u00e7al\u0131\u015fan kad\u0131nlar i\u00e7in pandemi d\u00f6neminde gelir g\u00fcvencesi i\u00e7in de m\u00fccadele etmek esas \u00f6nem ta\u015f\u0131yor.<\/p>\n\n\n\n<p>Kad\u0131nlar, kriz zamanlar\u0131nda e\u015fitsizliklerin daha da belirgin hale geldi\u011fini, kapitalist h\u00fck\u00fcmetlerin i\u015f\u00e7i s\u0131n\u0131f\u0131n\u0131 bast\u0131rd\u0131\u011f\u0131n\u0131, istihdam\u0131n azald\u0131\u011f\u0131n\u0131 ve asgari \u00fccretin yetersiz kald\u0131\u011f\u0131n\u0131 bilirler. Ve t\u00fcm bunlar, sa\u011fl\u0131k ve e\u011fitim sistemini \u00e7\u00f6kerten Covid-19 pandemisiyle birle\u015fmi\u015f durumda. Bu ko\u015fullar, bedenlerimizin ve eme\u011fimizin s\u00f6m\u00fcr\u00fcs\u00fcnden faydalanan her t\u00fcrl\u00fc ayr\u0131mc\u0131l\u0131k t\u00fcr\u00fcyle birlikte var olan cinsel taciz ve istismar\u0131n zeminini olu\u015fturuyor. Patriyarka ve kapitalizm birlikte \u00e7\u00f6kene kadar yap\u0131sal erkek \u015fiddetini g\u00f6r\u00fcn\u00fcr k\u0131lma yolundaki her kazan\u0131m, m\u00fccadele ve seferberlikle elde edilecek.<\/p>\n","protected":false},"excerpt":{"rendered":"<p>Bu yaz\u0131n\u0131n orijinali, \u0130\u015f\u00e7ilerin Uluslararas\u0131 Birli\u011fi-D\u00f6rd\u00fcnc\u00fc Enternasyonal\u2019in yay\u0131n organ\u0131 Correspondencia Internacional\u2019in (Uluslararas\u0131 Haberle\u015fme)&nbsp;Pandemi ve Kapitalist Kriz Kar\u015f\u0131s\u0131nda Kad\u0131nlar&nbsp;ba\u015fl\u0131kl\u0131 \u00f6zel say\u0131s\u0131nda yay\u0131mlanm\u0131\u015ft\u0131r. Yazar: Claudia Rodr\u00edguez Gilly \u2013 Sosyalizm ve \u00d6zg\u00fcrl\u00fck Partisi ve M\u00fccadele Eden Kad\u0131nlar \u00fcyesi (Venezuela) \u00c7eviri: Kad\u0131n Dayan\u0131\u015fmas\u0131 \u00c7e\u015fitli \u00fclkelerde gittik\u00e7e daha fazla kad\u0131n cinsel \u015fiddete kar\u015f\u0131 \u00f6rg\u00fctleniyor ve harekete ge\u00e7iyor. Son y\u0131llarda, daha [&hellip;]<\/p>\n","protected":false},"author":10,"featured_media":1375,"comment_status":"closed","ping_status":"closed","sticky":false,"template":"","format":"standard","meta":{"footnotes":""},"categories":[82],"tags":[131,107,139,140,103],"class_list":["post-1373","post","type-post","status-publish","format-standard","has-post-thumbnail","hentry","category-uluslararasi-mucadele","tag-cinsel-siddet","tag-erkek-siddeti","tag-ifsa","tag-taciz","tag-uluslararasi-kadin-hareketi"],"_links":{"self":[{"href":"https:\/\/www.kadindayanismasi.net\/index.php\/wp-json\/wp\/v2\/posts\/1373","targetHints":{"allow":["GET"]}}],"collection":[{"href":"https:\/\/www.kadindayanismasi.net\/index.php\/wp-json\/wp\/v2\/posts"}],"about":[{"href":"https:\/\/www.kadindayanismasi.net\/index.php\/wp-json\/wp\/v2\/types\/post"}],"author":[{"embeddable":true,"href":"https:\/\/www.kadindayanismasi.net\/index.php\/wp-json\/wp\/v2\/users\/10"}],"replies":[{"embeddable":true,"href":"https:\/\/www.kadindayanismasi.net\/index.php\/wp-json\/wp\/v2\/comments?post=1373"}],"version-history":[{"count":7,"href":"https:\/\/www.kadindayanismasi.net\/index.php\/wp-json\/wp\/v2\/posts\/1373\/revisions"}],"predecessor-version":[{"id":1433,"href":"https:\/\/www.kadindayanismasi.net\/index.php\/wp-json\/wp\/v2\/posts\/1373\/revisions\/1433"}],"wp:featuredmedia":[{"embeddable":true,"href":"https:\/\/www.kadindayanismasi.net\/index.php\/wp-json\/wp\/v2\/media\/1375"}],"wp:attachment":[{"href":"https:\/\/www.kadindayanismasi.net\/index.php\/wp-json\/wp\/v2\/media?parent=1373"}],"wp:term":[{"taxonomy":"category","embeddable":true,"href":"https:\/\/www.kadindayanismasi.net\/index.php\/wp-json\/wp\/v2\/categories?post=1373"},{"taxonomy":"post_tag","embeddable":true,"href":"https:\/\/www.kadindayanismasi.net\/index.php\/wp-json\/wp\/v2\/tags?post=1373"}],"curies":[{"name":"wp","href":"https:\/\/api.w.org\/{rel}","templated":true}]}}