{"id":1706,"date":"2022-05-04T17:27:28","date_gmt":"2022-05-04T14:27:28","guid":{"rendered":"https:\/\/www.kadindayanismasi.net\/?p=1706"},"modified":"2022-05-04T17:27:29","modified_gmt":"2022-05-04T14:27:29","slug":"cinsel-siddetin-milliyeti-olur-mu","status":"publish","type":"post","link":"https:\/\/www.kadindayanismasi.net\/index.php\/2022\/05\/04\/cinsel-siddetin-milliyeti-olur-mu\/","title":{"rendered":"Cinsel \u015fiddetin milliyeti olur mu?"},"content":{"rendered":"\n<p>Y\u00fcz y\u0131llard\u0131r kad\u0131nlar\u0131n ve \u00e7ocuklar\u0131n cinsel istismar ve sald\u0131r\u0131lara u\u011frad\u0131\u011f\u0131 bir d\u00fcnyada ya\u015f\u0131yoruz. Kad\u0131n \u00f6rg\u00fctleri d\u00fcnya \u00e7ap\u0131nda bu zulm\u00fcn bitmesi i\u00e7in y\u00fcz y\u0131ldan fazla zamand\u0131r m\u00fccadele ediyor. Buna ra\u011fmen T\u00fcrkiye\u2019de ya\u015fanan cinsel \u015fiddet olaylar\u0131nda, hen\u00fcz 10 y\u0131l \u00f6nce T\u00fcrkiye\u2019ye gelmeye ba\u015flanan m\u00fclteciler sorumlu g\u00f6sterilmeye ba\u015fland\u0131.<\/p>\n\n\n\n<p>2020 y\u0131l\u0131 Temmuz ay\u0131 verilerine g\u00f6re Suriyeli s\u0131\u011f\u0131nmac\u0131lar\u0131n y\u00fczde 70\u2019ini kad\u0131n ve \u00e7ocuklar olu\u015fturuyor.<a id=\"_ftnref1\" href=\"#_ftn1\">[1]<\/a> Afgan m\u00fclteciler i\u00e7in g\u00fcncel verilere ula\u015f\u0131lam\u0131yor ancak devaml\u0131 olarak, sosyal medyada da\u011f\u0131lan \u015faibeli bilgilerle Afgan erkeklerin Afgan kad\u0131nlardan daha fazla \u00fclkeye giri\u015f yapt\u0131\u011f\u0131 iddia ediliyor. Bunun nedeniyle ilgili ise kimse konu\u015fmuyor. Afganlar T\u00fcrkiye\u2019ye y\u00fcr\u00fcyerek geliyor. Bu s\u0131rada yola \u00e7\u0131kan Afgan kad\u0131nlar ise s\u0131n\u0131rlarda cinsel taciz ve sald\u0131r\u0131lara u\u011fruyor<a id=\"_ftnref2\" href=\"#_ftn2\">.[2]<\/a> Yani insanlar, Afgan erkeklerin cinsel sald\u0131r\u0131 potansiyeli oldu\u011funu iddia ederken Afgan kad\u0131nlar\u0131n hepimizle ortak bir korkuyla s\u0131n\u0131r \u00f6tesi yolculu\u011fa \u00e7\u0131kamad\u0131\u011f\u0131n\u0131 akl\u0131na dahi getirmiyor. Muhtemelen bu konuyu konu\u015fmaya ba\u015flad\u0131\u011f\u0131m\u0131zda Afgan kad\u0131nlar\u0131n g\u00fcvenli yollarla s\u0131\u011f\u0131nma i\u00e7in T\u00fcrkiye\u2019ye ve ba\u015fka \u00fclkelere getirilmesi talep edilecektir. Elbette ki bu \u00e7\u00f6z\u00fcm, konforunu bozdu\u011fu i\u00e7in Afgan erkeklere tecav\u00fczc\u00fc yaftas\u0131 yap\u0131\u015ft\u0131racak kadar ileriye gidebilen \u0131rk\u00e7\u0131lar\u0131n i\u015fine gelmemekte ve bu nedenle i\u015fin bu y\u00f6n\u00fc g\u00fcndem olamamakta.<\/p>\n\n\n\n<p>Bu i\u015fin daha da korkun\u00e7 yan\u0131, T\u00fcrkiye\u2019de s\u0131\u011f\u0131nmac\u0131lar\u0131n u\u011frad\u0131\u011f\u0131 cinsel sald\u0131r\u0131 ve istismar\u0131n konu\u015fulmamas\u0131d\u0131r. T\u00fcrkiye\u2019ye s\u0131\u011f\u0131nmac\u0131lar gelmeye ba\u015flad\u0131\u011f\u0131ndan beri on binlerce s\u0131\u011f\u0131nmac\u0131 \u00e7ocuk cinsel istismara u\u011frad\u0131 ve u\u011fruyor. Elde edilebilen verilerle bile bu durum kan\u0131tlanm\u0131\u015f durumda.<a id=\"_ftnref3\" href=\"#_ftn3\">[3]<\/a> \u00c7o\u011fu vaka kay\u0131tlara bile al\u0131nmamakta, zira sava\u015f ya da \u00e7at\u0131\u015fma ortam\u0131ndan ka\u00e7an s\u0131\u011f\u0131nmac\u0131lar\u0131n T\u00fcrkiye\u2019ye geldiklerinde uluslararas\u0131 hukuk ba\u011flam\u0131nda bir stat\u00fcleri dahi mevcut de\u011fil. \u0130ktidar kendine \u00f6zg\u00fc stat\u00fcler icat ederek, s\u0131\u011f\u0131nmac\u0131lar\u0131 insan onuruna yak\u0131\u015fmayan ko\u015fullarda ya\u015famaya mahk\u00fbm kalacaklar\u0131 ve k\u00f6lece \u00e7al\u0131\u015fma ko\u015fullar\u0131n\u0131 kabul edecekleri bir konuma itmekte. Bu vesileyle iktidar bir yandan T\u00fcrkiye&#8217;yi d\u00fcnya kapitalizminin ucuz i\u015fg\u00fcc\u00fc cennetlerinden biri haline getirmekte, bir yandan da \u0131rk\u00e7\u0131 k\u0131\u015fk\u0131rtmalar \u00fczerinden T\u00fcrkiyeli emek\u00e7ilerin aras\u0131nda suni bir b\u00f6l\u00fcnme yaratmaya gayret etmektedir. \u00d6zetle, yap\u0131lan bilimsel ara\u015ft\u0131rmalarda T\u00fcrk vatanda\u015f\u0131 ve m\u00fclteci \u00e7ocuklar\u0131n benzer \u015fekilde cinsel istismara maruz b\u0131rak\u0131ld\u0131\u011f\u0131 g\u00f6r\u00fclmektedir.<a id=\"_ftnref4\" href=\"#_ftn4\">[4]<\/a> Bir ba\u015fka deyi\u015fle, u\u011fran\u0131lan cinsel sald\u0131r\u0131 ve cinsel istismar\u0131n vatanda\u015fl\u0131\u011f\u0131, milliyeti ya da etnik kimli\u011fi yoktur. Tam tersine s\u0131\u011f\u0131nmac\u0131lar, arkalar\u0131nda kimsenin olmad\u0131\u011f\u0131 d\u00fc\u015f\u00fcncesiyle cinsel sald\u0131r\u0131lara daha fazla hedef olmaktad\u0131r.<\/p>\n\n\n\n<p>T\u00fcrkiye\u2019deki cinsel \u015fiddetin nedenini k\u00fclt\u00fcrle ve milliyetle a\u00e7\u0131klamaya kalk\u0131\u015fmak, faili s\u0131\u011f\u0131nmac\u0131 olmayan cinsel sald\u0131r\u0131 ve istismar olaylar\u0131n\u0131 g\u00f6rmezden gelmek demektir. Her g\u00fcn sabah programlar\u0131nda dedelerin torunlar\u0131na tecav\u00fcz etti\u011fine dair haberlerin yay\u0131mland\u0131\u011f\u0131 bir \u00fclkede ya\u015f\u0131yoruz. Cinsel \u015fiddete kar\u015f\u0131 \u0131rk, vatanda\u015fl\u0131k ve etnik kimlik g\u00f6zetmeden topyek\u00fbn m\u00fccadele etmek zorunday\u0131z. Aksi, bu m\u00fccadeleden ka\u00e7mak i\u00e7in ger\u00e7ekleri \u00e7arp\u0131tmak anlam\u0131na gelmektedir.<\/p>\n\n\n\n<p><a href=\"#_ftnref1\" id=\"_ftn1\">[1]<\/a> Refugees Association \u201cNumbers of Syrians in Turkey July 2020\u201d, https:\/\/multeciler.org.tr\/eng\/numbers-of-syrians-in-turkey-july-2020\/.<\/p>\n\n\n\n<p><a href=\"#_ftnref2\" id=\"_ftn2\">[2]<\/a> Stiftung PRO ASYL, \u201cThe Situation of Afghan Refugees in Turkey\u201d, Mart 2021, s. 23. https:\/\/www.proasyl.de\/wp-content\/uploads\/PA_Expert-Opinion_The-Situation-of-Afghan-Refugees-in-Turkey.pdf.<\/p>\n\n\n\n<p><a href=\"#_ftnref3\" id=\"_ftn3\">[3]<\/a> \u201cSuriyeli k\u0131z \u00e7ocuklar\u0131 T\u00fcrkiye&#8217;de cinsel istismar\u0131n en b\u00fcy\u00fck ma\u011fduru oldu: Art\u0131\u015f y\u00fczde 736\u201d, <a href=\"https:\/\/tr.euronews.com\/2019\/10\/26\/suriyeli-kiz-cocuklari-turkiyede-cinsel-istismarin-en-buyuk-magduru-oldu-artis-yuzde-736\">https:\/\/tr.euronews.com\/2019\/10\/26\/suriyeli-kiz-cocuklari-turkiyede-cinsel-istismarin-en-buyuk-magduru-oldu-artis-yuzde-736<\/a>; \u201c3 y\u0131lda 3 bin m\u00fclteci \u00e7ocuk cinsel istismara u\u011frad\u0131\u201d, https:\/\/ekmekvegul.net\/gundem\/3-yilda-3-bin-multeci-cocuk-cinsel-istismara-ugradi.<\/p>\n\n\n\n<p><a href=\"#_ftnref4\" id=\"_ftn4\">[4]<\/a> Kas\u0131m Karata\u015f\/Harun Aslan\/Asl\u0131han Burcu \u00d6zt\u00fcrk\/Hande Albayrak, \u201cCinsel \u0130stismara Maruz Kalan T\u00fcrk Vatanda\u015f\u0131 ve M\u00fclteci \u00c7ocuklar\u0131n Durumu\u201d, Anadolu \u00dcniversitesi Sosyal Bilimler Dergisi, C. 20, S. 4, 2020.<\/p>\n","protected":false},"excerpt":{"rendered":"<p>Y\u00fcz y\u0131llard\u0131r kad\u0131nlar\u0131n ve \u00e7ocuklar\u0131n cinsel istismar ve sald\u0131r\u0131lara u\u011frad\u0131\u011f\u0131 bir d\u00fcnyada ya\u015f\u0131yoruz. Kad\u0131n \u00f6rg\u00fctleri d\u00fcnya \u00e7ap\u0131nda bu zulm\u00fcn bitmesi i\u00e7in y\u00fcz y\u0131ldan fazla zamand\u0131r m\u00fccadele ediyor. Buna ra\u011fmen T\u00fcrkiye\u2019de ya\u015fanan cinsel \u015fiddet olaylar\u0131nda, hen\u00fcz 10 y\u0131l \u00f6nce T\u00fcrkiye\u2019ye gelmeye ba\u015flanan m\u00fclteciler sorumlu g\u00f6sterilmeye ba\u015fland\u0131. 2020 y\u0131l\u0131 Temmuz ay\u0131 verilerine g\u00f6re Suriyeli s\u0131\u011f\u0131nmac\u0131lar\u0131n y\u00fczde 70\u2019ini [&hellip;]<\/p>\n","protected":false},"author":18,"featured_media":1709,"comment_status":"closed","ping_status":"closed","sticky":false,"template":"","format":"standard","meta":{"footnotes":""},"categories":[126],"tags":[129,131,226],"class_list":["post-1706","post","type-post","status-publish","format-standard","has-post-thumbnail","hentry","category-politika","tag-cinsel-istismar","tag-cinsel-siddet","tag-multeci-haklari"],"_links":{"self":[{"href":"https:\/\/www.kadindayanismasi.net\/index.php\/wp-json\/wp\/v2\/posts\/1706","targetHints":{"allow":["GET"]}}],"collection":[{"href":"https:\/\/www.kadindayanismasi.net\/index.php\/wp-json\/wp\/v2\/posts"}],"about":[{"href":"https:\/\/www.kadindayanismasi.net\/index.php\/wp-json\/wp\/v2\/types\/post"}],"author":[{"embeddable":true,"href":"https:\/\/www.kadindayanismasi.net\/index.php\/wp-json\/wp\/v2\/users\/18"}],"replies":[{"embeddable":true,"href":"https:\/\/www.kadindayanismasi.net\/index.php\/wp-json\/wp\/v2\/comments?post=1706"}],"version-history":[{"count":3,"href":"https:\/\/www.kadindayanismasi.net\/index.php\/wp-json\/wp\/v2\/posts\/1706\/revisions"}],"predecessor-version":[{"id":1711,"href":"https:\/\/www.kadindayanismasi.net\/index.php\/wp-json\/wp\/v2\/posts\/1706\/revisions\/1711"}],"wp:featuredmedia":[{"embeddable":true,"href":"https:\/\/www.kadindayanismasi.net\/index.php\/wp-json\/wp\/v2\/media\/1709"}],"wp:attachment":[{"href":"https:\/\/www.kadindayanismasi.net\/index.php\/wp-json\/wp\/v2\/media?parent=1706"}],"wp:term":[{"taxonomy":"category","embeddable":true,"href":"https:\/\/www.kadindayanismasi.net\/index.php\/wp-json\/wp\/v2\/categories?post=1706"},{"taxonomy":"post_tag","embeddable":true,"href":"https:\/\/www.kadindayanismasi.net\/index.php\/wp-json\/wp\/v2\/tags?post=1706"}],"curies":[{"name":"wp","href":"https:\/\/api.w.org\/{rel}","templated":true}]}}