{"id":1962,"date":"2022-09-28T14:15:28","date_gmt":"2022-09-28T11:15:28","guid":{"rendered":"https:\/\/www.kadindayanismasi.net\/?p=1962"},"modified":"2022-09-28T14:22:26","modified_gmt":"2022-09-28T11:22:26","slug":"feminist-cagri-hayatlarimizi-geri-alalim","status":"publish","type":"post","link":"https:\/\/www.kadindayanismasi.net\/index.php\/2022\/09\/28\/feminist-cagri-hayatlarimizi-geri-alalim\/","title":{"rendered":"Feminist \u00e7a\u011fr\u0131: Hayatlar\u0131m\u0131z\u0131 geri alal\u0131m!"},"content":{"rendered":"\n<p><em><em>Avrupa Ukrayna\u2019yla Dayan\u0131\u015fma A\u011f\u0131&#8217;n\u0131n, Ukraynal\u0131 ve Polonyal\u0131 kad\u0131nlar ba\u015fta olmak \u00fczere t\u00fcm d\u00fcnyada k\u00fcrtaj hakk\u0131n\u0131 savunmak<\/em> i\u00e7in yay\u0131mlad\u0131\u011f\u0131 <a href=\"https:\/\/ukraine-solidarity.eu\/to-read\/feminist-appeal-lets-get-our-lives-back\">dayan\u0131\u015fma \u00e7a\u011fr\u0131s\u0131n\u0131n<\/a><\/em> <em>\u00e7evirisini okurlar\u0131m\u0131zla payla\u015f\u0131yoruz.<\/em><\/p>\n\n\n\n<p><em><strong>Yazar: <\/strong>ENSU (Avrupa Ukrayna\u2019yla Dayan\u0131\u015fma A\u011f\u0131)&nbsp;<\/em>I<em>&nbsp;<strong>\u00c7eviri:<\/strong>&nbsp;Kad\u0131n Dayan\u0131\u015fmas\u0131<\/em><\/p>\n\n\n\n<p>Son y\u0131llarda, kad\u0131nlar\u0131n ve LGBT\u0130+lar\u0131n \u00fcreme haklar\u0131n\u0131 hedef alan d\u00fczenli ve \u015fiddetli sald\u0131r\u0131lara tan\u0131k olduk. Feminist m\u00fccadelelerle kazan\u0131lan bu haklar \u015fimdi tehlikede. Kad\u0131nlara, feminist harekete ve bireysel olarak feministlere y\u00f6nelik fiziksel sald\u0131r\u0131lar dahil olmak \u00fczere toplumsal cinsiyete dayal\u0131 \u015fiddette e\u015fi benzeri g\u00f6r\u00fclmemi\u015f bir art\u0131\u015fa \u015fahitlik ediyoruz.<\/p>\n\n\n\n<p>Bu sald\u0131r\u0131lar, Avrupa\u2019da ve t\u00fcm di\u011fer k\u0131talarda patriyarkal ve kad\u0131n d\u00fc\u015fman\u0131 h\u00fck\u00fcmetler ile a\u015f\u0131r\u0131 sa\u011f ve k\u00f6ktendinci muhafazak\u00e2rlar taraf\u0131ndan yap\u0131l\u0131yor.<\/p>\n\n\n\n<p>Vladimir Putin, Donald Trump, Narendra Modi, Victor Orban ve Jair Bolsonaro gibi kad\u0131n d\u00fc\u015fman\u0131 d\u00fcnya liderleri dahil t\u00fcm d\u00fcnyada b\u00fcy\u00fcyen bu a\u015f\u0131r\u0131 sa\u011f\u0131n hedefi, kad\u0131nlar\u0131n ve LGBT\u0130+lar\u0131n bedenlerini ve \u00fcreme haklar\u0131n\u0131 kontrol etmek. Bu; kad\u0131nlar\u0131n ya\u015famlar\u0131 \u00fczerindeki devlet kontrol\u00fc ile toplumsal kontrol\u00fcn g\u00fc\u00e7lendirilmesi ve merkezile\u015ftirilmesini hedefleyen daha geni\u015f bir stratejinin par\u00e7as\u0131. T\u00fcm\u00fc kad\u0131nlardan nefret eden, g\u00f6\u00e7menleri reddeden, g\u00f6zalt\u0131na al\u0131nanlara k\u00f6t\u00fc muamele yapan; toplumsal cinsiyet, \u0131rk, cinsel y\u00f6nelim, din veya sosyal stat\u00fcye g\u00f6re ayr\u0131mc\u0131l\u0131k yapan gerici bir g\u00fcce hizmet ediyor. Kad\u0131nlar, sadece do\u011furganl\u0131k rol\u00fcne indirgendikleri tali bir i\u015fb\u00f6l\u00fcm\u00fcne zorlan\u0131yor.<\/p>\n\n\n\n<p>Toplumsal cinsiyet hiyerar\u015fileri (ve ayn\u0131 zamanda \u0131rk ve s\u0131n\u0131f hiyerar\u015fileri) g\u00fc\u00e7lenmekte. Bu nedenle gebeli\u011fi s\u00fcrd\u00fcrme veya sonland\u0131rma karar\u0131 dahil olmak \u00fczere \u00fcreme sa\u011fl\u0131\u011f\u0131 hizmetlerine eri\u015fimdeki k\u0131s\u0131tlamalar, a\u015fa\u011f\u0131dakileri orant\u0131s\u0131z bir \u015fekilde etkiliyor:<\/p>\n\n\n\n<p>\u2022 g\u00f6\u00e7men ve kay\u0131td\u0131\u015f\u0131 kad\u0131nlar ve LGBT\u0130+lar,<\/p>\n\n\n\n<p>\u2022 s\u00fcrekli s\u0131n\u0131rd\u0131\u015f\u0131 veya kriminalize edilme tehlikesi alt\u0131ndaki ki\u015filer,<\/p>\n\n\n\n<p>\u2022 yoksul olan ve yurtd\u0131\u015f\u0131na seyahat etmek ya da \u00f6zel kliniklere gitmek i\u00e7in yeterli kaynaklar\u0131 olmayan ki\u015filer.<\/p>\n\n\n\n<p>Bir\u00e7ok \u00fclkede k\u00fcrtaja y\u00f6nelik yasaklarla \u0131rk\u00e7\u0131 politikalar bir arada var oluyor. Bu politikalar; zorla k\u0131s\u0131rla\u015ft\u0131rma, zorla do\u011fum kontrol\u00fc ve obstetrik \u015fiddet yoluyla, \u0131rk ayr\u0131mc\u0131l\u0131\u011f\u0131na maruz kalan kad\u0131nlar\u0131n bedenlerini ve \u00fcreme haklar\u0131n\u0131, sistematik bir \u015fekilde hedef al\u0131yor.<\/p>\n\n\n\n<p>Devlet, kimin \u00fcreyebilece\u011fine veya \u00fcremek zorunda oldu\u011funa karar verme iradesini kendinde g\u00f6r\u00fcyor ve bunun boyutuna ve amac\u0131na da karar veriyor.<\/p>\n\n\n\n<p>Putin\u2019in Rusya\u2019s\u0131nda, \u201cRus d\u00fcnyas\u0131\u201dn\u0131n \u201cgeleneksel de\u011ferleri\u201d denilen kurallara kad\u0131nlar\u0131n boyun e\u011fmesi bekleniyor. Militarist projelerinde \u00f6lecek daha fazla asker \u00fcretmek i\u00e7in! Polonya, Macaristan, Slovakya gibi \u00fclkelerde ve ABD\u2019nin bir\u00e7ok eyaletinde k\u00fcrtaj haklar\u0131 ciddi \u015fekilde k\u0131s\u0131tlanm\u0131\u015f veya t\u00fcmden yasaklanm\u0131\u015f durumda. D\u00fcnyan\u0131n d\u00f6rt bir yan\u0131nda kad\u0131nlara ve LGBT\u0130+lara y\u00f6nelik \u015fiddet ve cinayetler e\u015fi benzeri g\u00f6r\u00fclmemi\u015f seviyelere ula\u015fm\u0131\u015fken; bu \u00fclkelerin \u00e7o\u011fu, Avrupa Konseyi\u2019nin kad\u0131na y\u00f6nelik \u015fiddet ve ev i\u00e7i \u015fiddetin engellenmesi i\u00e7in m\u00fccadeleyi konu alan \u0130stanbul S\u00f6zle\u015fmesi\u2019ni (2011) bile onaylam\u0131yor veya y\u00fcr\u00fcrl\u00fc\u011fe koymuyor.<\/p>\n\n\n\n<p>Ukrayna\u2019daki bu sava\u015f, topyek\u00fbn sald\u0131r\u0131lar\u0131n en vah\u015fi bi\u00e7imlerini bize g\u00f6sterdi. Ukrayna\u2019da feminist m\u00fccadelelerle elde edilen kad\u0131n ve LGBT\u0130+ haklar\u0131, Rusya\u2019n\u0131n i\u015fgal propagandalar\u0131nda bahane olarak kullan\u0131l\u0131yor. Rus birlikleri, Ukrayna halk\u0131n\u0131 bast\u0131rmak ve sindirmek i\u00e7in sava\u015f tecav\u00fcz\u00fcn\u00fc s\u0131kl\u0131kla bir strateji olarak kullan\u0131yor. Ukraynal\u0131 s\u0131\u011f\u0131nmac\u0131lar, sava\u015f tecav\u00fcz\u00fc ma\u011fdurlar\u0131 ve istenmeyen gebelik ya\u015fayan kimseler; k\u00fcrtaj\u0131n kriminalize edildi\u011fi ve hatta k\u00fcrtaj haplar\u0131n\u0131n bile yasakland\u0131\u011f\u0131 Polonya\u2019da veya kom\u015fu \u00fclkelerde, g\u00fcvenli ve yasal k\u00fcrtaja \u00e7o\u011funlukla eri\u015femiyorlar.<\/p>\n\n\n\n<p>Ancak bu sald\u0131r\u0131lar cevaps\u0131z kalm\u0131yor. ABD\u2019de, Brezilya\u2019da, Polonya\u2019da, Rusya\u2019da feministler; patriyarkal, beyaz \u00fcst\u00fcnl\u00fck\u00e7\u00fc, neoliberal g\u00fc\u00e7lere kar\u015f\u0131 kitlesel bir \u015fekilde \u00f6rg\u00fctleniyor ve direniyorlar. Kendi bedenleri ve ya\u015famlar\u0131n\u0131n kontrol\u00fcn\u00fc yeniden ellerine almak i\u00e7in t\u00fcm kad\u0131n ve LGBT\u0130+lar\u0131n haklar\u0131 i\u00e7in m\u00fccadele ediyorlar. D\u00fcnyan\u0131n b\u00fct\u00fcn feministleri, m\u00fccadele eden feministlerle dayan\u0131\u015fma i\u00e7erisinde.<\/p>\n\n\n\n<p>Son y\u0131llarda feministlerin cinsiyet\u00e7ilik, \u0131rk\u00e7\u0131l\u0131k, gerici politikalar, militarizm ve sava\u015fa kar\u015f\u0131 verdi\u011fi \u00f6rnek m\u00fccadeleler, feminist hareketlerin hakl\u0131 bir \u015fekilde, kitlesel direni\u015flerin \u00f6nc\u00fcs\u00fc olarak tan\u0131nmalar\u0131 sonucunu do\u011furdu. \u00d6yle ki feminist hareket, h\u00fck\u00fcmetlerimizin gerici, antidemokratik, yozla\u015fm\u0131\u015f ve \u00f6zg\u00fcrl\u00fckleri ihlal eden politikalar\u0131na kar\u015f\u0131 \u00f6n cephede m\u00fccadele ediyor. ABD\u2019de Donald Trump\u2019\u0131n g\u00f6reve gelmesine kar\u015f\u0131 y\u00fcr\u00fcy\u00fc\u015f, a\u015f\u0131r\u0131 sa\u011fc\u0131 ba\u015fkan aday\u0131 Jos\u00e9 Antonio Kast\u2019\u0131 yenilgiye u\u011fratmak i\u00e7in m\u00fccadeleye kat\u0131lan \u015eilili feministler ve Polonya\u2019n\u0131n her bir k\u00f6\u015fesinde k\u00fcrtaj kar\u015f\u0131t\u0131 yasay\u0131 protesto etmek i\u00e7in kitlesel protestolar d\u00fczenleyen ve muhafazak\u00e2r kurumlara korku salan Polonyal\u0131 feministler gibi; siyasetin merkezinde yer alan bu m\u00fccadelelerden ilham al\u0131yoruz. \u00d6zellikle bug\u00fcn, Ukraynal\u0131 kad\u0131nlar\u0131n silahl\u0131 ve silahs\u0131z direni\u015finden, sava\u015fa kar\u015f\u0131 diren\u00e7lerinden ve ayr\u0131ca Rusya&#8217;n\u0131n ana muhalefet g\u00fcc\u00fc olan Rus feministlerin sava\u015f kar\u015f\u0131t\u0131 m\u00fccadelelerinden ilham al\u0131yoruz.<\/p>\n\n\n\n<p>Birlikte ve b\u00fcy\u00fck \u00f6l\u00e7ekte hareket etmenin zaman\u0131 geldi. Ulusal tepkiler ve protestolar \u00f6rg\u00fctlemek art\u0131k tek ba\u015f\u0131na yeterli de\u011fil! D\u00fc\u015fman\u0131m\u0131z uluslararas\u0131; ulusal s\u0131n\u0131rlar\u0131 a\u015fan ittifaklar kuruyor. Irk, s\u0131n\u0131f, din veya milliyetten ba\u011f\u0131ms\u0131z olarak d\u00fcnya \u00e7ap\u0131nda t\u00fcm kad\u0131nlar\u0131n ve LGBT\u0130+lar\u0131n haklar\u0131n\u0131 savunmak i\u00e7in b\u00fcy\u00fck bir uluslararas\u0131 feminist hareket \u00f6rg\u00fctlemenin ve t\u00fcm d\u00fcnyada gerici, kad\u0131n d\u00fc\u015fman\u0131 ve \u0131rk\u00e7\u0131 a\u015f\u0131r\u0131 sa\u011fa kar\u015f\u0131 geni\u015f ittifaklar olu\u015fturmak i\u00e7in \u00f6n ayak olman\u0131n zaman\u0131 geldi!<\/p>\n\n\n\n<p>O halde gelin bir araya gelelim, birlikte hareket edelim ve uluslararas\u0131 d\u00fczeyde m\u00fccadele edelim!<\/p>\n\n\n\n<p>Bedenlerimiz ve hayatlar\u0131m\u0131z \u00fczerindeki kontrol\u00fc geri almak i\u00e7in sava\u015fal\u0131m!<\/p>\n\n\n\n<p>\u0130lk ad\u0131m olarak, d\u00fcnyan\u0131n d\u00f6rt bir yan\u0131ndaki feministleri, 28 Eyl\u00fcl Uluslararas\u0131 K\u00fcrtaj Hakk\u0131 G\u00fcn\u00fc vesilesiyle k\u00fcrtaj ve \u00fcreme haklar\u0131n\u0131 savunmak i\u00e7in seferber olan Ukraynal\u0131 ve Polonyal\u0131 kad\u0131nlarla g\u00f6r\u00fcn\u00fcr bir dayan\u0131\u015fma \u00f6rmeye \u00e7a\u011f\u0131r\u0131yoruz.<\/p>\n\n\n\n<p>#AgainstAbortionBacklash (#K\u00fcrtajTepkisineKar\u015f\u0131)<\/p>\n\n\n\n<p><em>Foto\u011fraf: Wiktor Szymanowicz\/Future Publishing<\/em><\/p>\n","protected":false},"excerpt":{"rendered":"<p>Avrupa Ukrayna\u2019yla Dayan\u0131\u015fma A\u011f\u0131&#8217;n\u0131n, Ukraynal\u0131 ve Polonyal\u0131 kad\u0131nlar ba\u015fta olmak \u00fczere t\u00fcm d\u00fcnyada k\u00fcrtaj hakk\u0131n\u0131 savunmak i\u00e7in yay\u0131mlad\u0131\u011f\u0131 dayan\u0131\u015fma \u00e7a\u011fr\u0131s\u0131n\u0131n \u00e7evirisini okurlar\u0131m\u0131zla payla\u015f\u0131yoruz. Yazar: ENSU (Avrupa Ukrayna\u2019yla Dayan\u0131\u015fma A\u011f\u0131)&nbsp;I&nbsp;\u00c7eviri:&nbsp;Kad\u0131n Dayan\u0131\u015fmas\u0131 Son y\u0131llarda, kad\u0131nlar\u0131n ve LGBT\u0130+lar\u0131n \u00fcreme haklar\u0131n\u0131 hedef alan d\u00fczenli ve \u015fiddetli sald\u0131r\u0131lara tan\u0131k olduk. Feminist m\u00fccadelelerle kazan\u0131lan bu haklar \u015fimdi tehlikede. Kad\u0131nlara, feminist harekete [&hellip;]<\/p>\n","protected":false},"author":10,"featured_media":1967,"comment_status":"closed","ping_status":"closed","sticky":false,"template":"","format":"standard","meta":{"footnotes":""},"categories":[46],"tags":[118,124,109,146,204],"class_list":["post-1962","post","type-post","status-publish","format-standard","has-post-thumbnail","hentry","category-beynelmilel","tag-28-eylul","tag-feminist-mucadele","tag-kurtaj-hakki","tag-lgbti","tag-patriyarka"],"_links":{"self":[{"href":"https:\/\/www.kadindayanismasi.net\/index.php\/wp-json\/wp\/v2\/posts\/1962","targetHints":{"allow":["GET"]}}],"collection":[{"href":"https:\/\/www.kadindayanismasi.net\/index.php\/wp-json\/wp\/v2\/posts"}],"about":[{"href":"https:\/\/www.kadindayanismasi.net\/index.php\/wp-json\/wp\/v2\/types\/post"}],"author":[{"embeddable":true,"href":"https:\/\/www.kadindayanismasi.net\/index.php\/wp-json\/wp\/v2\/users\/10"}],"replies":[{"embeddable":true,"href":"https:\/\/www.kadindayanismasi.net\/index.php\/wp-json\/wp\/v2\/comments?post=1962"}],"version-history":[{"count":10,"href":"https:\/\/www.kadindayanismasi.net\/index.php\/wp-json\/wp\/v2\/posts\/1962\/revisions"}],"predecessor-version":[{"id":1975,"href":"https:\/\/www.kadindayanismasi.net\/index.php\/wp-json\/wp\/v2\/posts\/1962\/revisions\/1975"}],"wp:featuredmedia":[{"embeddable":true,"href":"https:\/\/www.kadindayanismasi.net\/index.php\/wp-json\/wp\/v2\/media\/1967"}],"wp:attachment":[{"href":"https:\/\/www.kadindayanismasi.net\/index.php\/wp-json\/wp\/v2\/media?parent=1962"}],"wp:term":[{"taxonomy":"category","embeddable":true,"href":"https:\/\/www.kadindayanismasi.net\/index.php\/wp-json\/wp\/v2\/categories?post=1962"},{"taxonomy":"post_tag","embeddable":true,"href":"https:\/\/www.kadindayanismasi.net\/index.php\/wp-json\/wp\/v2\/tags?post=1962"}],"curies":[{"name":"wp","href":"https:\/\/api.w.org\/{rel}","templated":true}]}}