{"id":2174,"date":"2023-02-09T19:48:49","date_gmt":"2023-02-09T16:48:49","guid":{"rendered":"https:\/\/www.kadindayanismasi.net\/?p=2174"},"modified":"2023-02-09T20:44:16","modified_gmt":"2023-02-09T17:44:16","slug":"suriyeli-feminist-ve-kadin-orgutlerinin-cagrisi-bu-yikimi-durdurun","status":"publish","type":"post","link":"https:\/\/www.kadindayanismasi.net\/index.php\/2023\/02\/09\/suriyeli-feminist-ve-kadin-orgutlerinin-cagrisi-bu-yikimi-durdurun\/","title":{"rendered":"Suriyeli feminist ve kad\u0131n \u00f6rg\u00fctlerinin \u00e7a\u011fr\u0131s\u0131: Bu y\u0131k\u0131m\u0131 durdurun!"},"content":{"rendered":"\n<p><em>Bir grup Suriyeli feministin ve kad\u0131n \u00f6rg\u00fct\u00fcn\u00fcn y\u0131k\u0131c\u0131 deprem sonras\u0131 h\u00fck\u00fcmetlere d\u00f6n\u00fck yard\u0131m \u00e7a\u011fr\u0131s\u0131n\u0131 payla\u015f\u0131yoruz.<\/em><\/p>\n\n\n\n<p><strong>\u00c7eviri:<\/strong> Kad\u0131n Dayan\u0131\u015fmas\u0131<\/p>\n\n\n\n<p>&#8220;T\u00fcm h\u00fck\u00fcmetlere acil ve a\u00e7\u0131k \u00e7a\u011fr\u0131,<\/p>\n\n\n\n<p>Suriyeli feminist ve kad\u0131n \u00f6rg\u00fctlerinden olu\u015fan bir grup olarak, T\u00fcrkiye ve Suriye halklar\u0131n\u0131n ba\u015f\u0131na gelen insani felaketi ve enkaz alt\u0131nda kalan insanlar\u0131 kurtarmak ya da kurtulabilenlere sert iklim ko\u015fullar\u0131nda yard\u0131m etmek i\u00e7in g\u00f6sterilen \u00e7abalar\u0131n yetersizli\u011fini b\u00fcy\u00fck bir \u00fcz\u00fcnt\u00fcyle takip ediyoruz. Suriye\u2019de yerel kurtarma ekipleri enkaz alt\u0131ndaki binlerce ki\u015fiyi kurtarmak i\u00e7in maksimum kapasitesiyle halen \u00e7al\u0131\u015fsa da acil insani yard\u0131m ula\u015fmayan b\u00f6lgeler bulunmaktad\u0131r. Bu nedenle, istisnas\u0131z olarak t\u00fcm s\u0131n\u0131r kap\u0131lar\u0131ndan, deprem b\u00f6lgelerine acil olarak t\u0131bbi ve insani yard\u0131m, kurtarma ekipleri ve ekipman g\u00f6nderilmesi i\u00e7in \u00e7a\u011fr\u0131da bulunuyoruz. Tehlike alt\u0131ndaki canlar\u0131n kurtar\u0131labilmesi i\u00e7in s\u0131n\u0131rlar aras\u0131 ge\u00e7i\u015fi zorla\u015ft\u0131ran karma\u015f\u0131k prosed\u00fcrlerin kald\u0131r\u0131lmas\u0131n\u0131 talep ediyoruz.<\/p>\n\n\n\n<p>\u0130nsan hayat\u0131n\u0131 kurtarman\u0131n t\u00fcm insanl\u0131\u011f\u0131n sorumlulu\u011funda oldu\u011fu b\u00f6ylesi afet ko\u015fullar\u0131nda her t\u00fcrl\u00fc yard\u0131m\u0131 sa\u011flayaca\u011f\u0131n\u0131za dair size g\u00fcveniyoruz.<\/p>\n\n\n\n<p>En i\u00e7ten sayg\u0131 ve minnettarl\u0131\u011f\u0131m\u0131zla,&#8221;<\/p>\n\n\n\n<p>Bir grup Suriyeli feminist ve kad\u0131n \u00f6rg\u00fctleri<\/p>\n\n\n\n<p>Metnin Arap\u00e7a ve \u0130ngilizce orijinalleri ve imza linki i\u00e7in <a href=\"https:\/\/docs.google.com\/forms\/d\/e\/1FAIpQLSfB5qei0i-31_G-b6af4xut6ABe3a8D4OxgAqVCgMGzzAcehw\/viewform?fbclid=IwAR3p_1FXShbX_9Q7-dxPGUI-J5xPx6rrd5wwiX6pMC9bcuQmlIdWIF3bsPg\">t\u0131klay\u0131n.<\/a><\/p>\n\n\n\n<p class=\"has-text-align-right\"><em><br>Musawa<\/em> <\/p>\n\n\n\n<p class=\"has-text-align-right\"><em>NORDMOND Dynamics &#8211; Dignity in community<\/em> <\/p>\n\n\n\n<p class=\"has-text-align-right\"><em>Syrien Women\u2019s Network<\/em>  <\/p>\n\n\n\n<p class=\"has-text-align-right\"><em>\u00a0Souryana Al Amal<\/em> <\/p>\n\n\n\n<p class=\"has-text-align-right\"><em>Stichting Syrian Female Journalists Network<\/em> <\/p>\n\n\n\n<p class=\"has-text-align-right\"><em>Women now for development \/Lebanon<\/em> <\/p>\n\n\n\n<p class=\"has-text-align-right\"><em>Duderi<\/em> <\/p>\n\n\n\n<p class=\"has-text-align-right\"><em>Releas me<\/em> <\/p>\n\n\n\n<p class=\"has-text-align-right\"><em>The Syrian feminist lobby<\/em><em>\u00a0<\/em><\/p>\n\n\n\n<p class=\"has-text-align-right\"><em>Verein f\u00fcr Arabische \u00d6sterreichische Frauen<\/em><em>\u00a0<\/em><\/p>\n\n\n\n<p class=\"has-text-align-right\"><em>The Syrian Women&#8217;s Political Movement<\/em><em>\u00a0<\/em><\/p>\n\n\n\n<p class=\"has-text-align-right\"><em>Change makers<\/em><em>\u00a0<\/em><\/p>\n\n\n\n<p class=\"has-text-align-right\"><em>I am she Network<\/em> <\/p>\n\n\n\n<p class=\"has-text-align-right\"><em>Sawa for development and\u00a0aid<\/em><\/p>\n\n\n\n<p class=\"has-text-align-right\"><em>Souriyat Across Borders<\/em> <\/p>\n\n\n\n<p class=\"has-text-align-right\"><em>Gav Development<\/em> <\/p>\n\n\n\n<p class=\"has-text-align-right\"><em>Kurdish Syrian Womem Association <\/em><\/p>\n\n\n\n<p class=\"has-text-align-right\"><em>Initiative\u00a0Basmt Amal <\/em><\/p>\n\n\n\n<p class=\"has-text-align-right\"><em>Together to support women&#8217;s issues <\/em><\/p>\n\n\n\n<p class=\"has-text-align-right\"><em>Justice Paths<\/em><\/p>\n\n\n\n<p class=\"has-text-align-right\"><em>Stichting Syrische Vrouwen in Nederland<\/em><\/p>\n\n\n\n<p class=\"has-text-align-right\"><em>Fanarat Organization<\/em><\/p>\n\n\n\n<p class=\"has-text-align-right\"><em>Cewher Organization<\/em><\/p>\n\n\n\n<p class=\"has-text-align-right\"><em>Refken Association\u00a0\u00a0\u00a0<\/em><\/p>\n\n\n\n<p class=\"has-text-align-right\"><em>For feminist<\/em><\/p>\n\n\n\n<p class=\"has-text-align-right\"><em>Aso News Network<\/em><\/p>\n\n\n\n<p class=\"has-text-align-right\"><em>Denge Feministen Kurd<\/em><\/p>\n\n\n\n<p class=\"has-text-align-right\"><em>\u00a0<\/em><em>Arsal women&#8217;s circle<\/em><\/p>\n\n\n\n<p class=\"has-text-align-right\"><em>Nissan organization<\/em><\/p>\n\n\n\n<p class=\"has-text-align-right\"><em>Rosemary Organization<\/em><\/p>\n\n\n\n<p class=\"has-text-align-right\"><em>Aman Platform<\/em><\/p>\n\n\n\n<p class=\"has-text-align-right\"><em>Center for civil society and democracy<\/em><\/p>\n\n\n\n<p class=\"has-text-align-right\"><em>AFRIN PLATFORM<\/em><\/p>\n\n\n\n<p class=\"has-text-align-right\"><em>EVE Association<\/em><\/p>\n\n\n\n<p class=\"has-text-align-right\"><em>Ta marbouta assocoation<\/em><\/p>\n\n\n\n<p class=\"has-text-align-right\"><em>\u00a0<\/em><em>Radio Rozana<\/em><\/p>\n\n\n\n<p class=\"has-text-align-right\"><em>Jiyan e.V.<\/em><\/p>\n\n\n\n<p class=\"has-text-align-right\"><em>Tulip organization for the support of women and children<\/em><\/p>\n\n\n\n<p class=\"has-text-align-right\"><em>Soryana women forum<\/em><\/p>\n\n\n\n<p class=\"has-text-align-right\"><em>Kurdish Committee for Humant Rights \u2013 Observer<\/em><\/p>\n\n\n\n<p class=\"has-text-align-right\"><em>Mosawate\u00a0\/\u00a0Morocco\u00a0\u00a0<\/em>\u00a0<\/p>\n\n\n\n<p class=\"has-text-align-right\"><em>Whrdmena Coalition<\/em><\/p>\n\n\n\n<p class=\"has-text-align-right\"><em>Syrian Women League<\/em><\/p>\n\n\n\n<p class=\"has-text-align-right\"><em>Shaam SY<\/em><\/p>\n\n\n\n<p class=\"has-text-align-right\"><em>Jana Watan<\/em><\/p>\n","protected":false},"excerpt":{"rendered":"<p>Bir grup Suriyeli feministin ve kad\u0131n \u00f6rg\u00fct\u00fcn\u00fcn y\u0131k\u0131c\u0131 deprem sonras\u0131 h\u00fck\u00fcmetlere d\u00f6n\u00fck yard\u0131m \u00e7a\u011fr\u0131s\u0131n\u0131 payla\u015f\u0131yoruz. \u00c7eviri: Kad\u0131n Dayan\u0131\u015fmas\u0131 &#8220;T\u00fcm h\u00fck\u00fcmetlere acil ve a\u00e7\u0131k \u00e7a\u011fr\u0131, Suriyeli feminist ve kad\u0131n \u00f6rg\u00fctlerinden olu\u015fan bir grup olarak, T\u00fcrkiye ve Suriye halklar\u0131n\u0131n ba\u015f\u0131na gelen insani felaketi ve enkaz alt\u0131nda kalan insanlar\u0131 kurtarmak ya da kurtulabilenlere sert iklim ko\u015fullar\u0131nda yard\u0131m etmek [&hellip;]<\/p>\n","protected":false},"author":3,"featured_media":2176,"comment_status":"closed","ping_status":"closed","sticky":false,"template":"","format":"standard","meta":{"footnotes":""},"categories":[46,82],"tags":[283,124,288],"class_list":["post-2174","post","type-post","status-publish","format-standard","has-post-thumbnail","hentry","category-beynelmilel","category-uluslararasi-mucadele","tag-deprem","tag-feminist-mucadele","tag-suriye"],"_links":{"self":[{"href":"https:\/\/www.kadindayanismasi.net\/index.php\/wp-json\/wp\/v2\/posts\/2174","targetHints":{"allow":["GET"]}}],"collection":[{"href":"https:\/\/www.kadindayanismasi.net\/index.php\/wp-json\/wp\/v2\/posts"}],"about":[{"href":"https:\/\/www.kadindayanismasi.net\/index.php\/wp-json\/wp\/v2\/types\/post"}],"author":[{"embeddable":true,"href":"https:\/\/www.kadindayanismasi.net\/index.php\/wp-json\/wp\/v2\/users\/3"}],"replies":[{"embeddable":true,"href":"https:\/\/www.kadindayanismasi.net\/index.php\/wp-json\/wp\/v2\/comments?post=2174"}],"version-history":[{"count":5,"href":"https:\/\/www.kadindayanismasi.net\/index.php\/wp-json\/wp\/v2\/posts\/2174\/revisions"}],"predecessor-version":[{"id":2183,"href":"https:\/\/www.kadindayanismasi.net\/index.php\/wp-json\/wp\/v2\/posts\/2174\/revisions\/2183"}],"wp:featuredmedia":[{"embeddable":true,"href":"https:\/\/www.kadindayanismasi.net\/index.php\/wp-json\/wp\/v2\/media\/2176"}],"wp:attachment":[{"href":"https:\/\/www.kadindayanismasi.net\/index.php\/wp-json\/wp\/v2\/media?parent=2174"}],"wp:term":[{"taxonomy":"category","embeddable":true,"href":"https:\/\/www.kadindayanismasi.net\/index.php\/wp-json\/wp\/v2\/categories?post=2174"},{"taxonomy":"post_tag","embeddable":true,"href":"https:\/\/www.kadindayanismasi.net\/index.php\/wp-json\/wp\/v2\/tags?post=2174"}],"curies":[{"name":"wp","href":"https:\/\/api.w.org\/{rel}","templated":true}]}}