{"id":2239,"date":"2023-04-19T17:19:21","date_gmt":"2023-04-19T14:19:21","guid":{"rendered":"https:\/\/www.kadindayanismasi.net\/?p=2239"},"modified":"2023-04-19T17:33:26","modified_gmt":"2023-04-19T14:33:26","slug":"1-mayisa-dogru-ortak-mucadelemizi-guclendirme-zamani","status":"publish","type":"post","link":"https:\/\/www.kadindayanismasi.net\/index.php\/2023\/04\/19\/1-mayisa-dogru-ortak-mucadelemizi-guclendirme-zamani\/","title":{"rendered":"1 May\u0131s\u2019a do\u011fru: Ortak m\u00fccadelemizi g\u00fc\u00e7lendirme zaman\u0131!"},"content":{"rendered":"\n<p>2023 1 May\u0131s Emek ve Dayan\u0131\u015fma G\u00fcn\u00fc\u2019ne kad\u0131nlar olarak b\u00fcy\u00fck ac\u0131 ve kay\u0131plarla giriyoruz. Eme\u011fimizin, bedenimizin, kimli\u011fimizin yok say\u0131lmas\u0131na d\u00f6n\u00fck sald\u0131r\u0131lara kar\u015f\u0131 m\u00fccadelemiz s\u00fcrerken 6 \u015eubat\u2019ta ya\u015fanan deprem bizleri yeniden ya\u015fam m\u00fccadelesi hatt\u0131na \u00e7ekti. On binlerce insan\u0131 kaybettik\u2026 Sendikalardan, siyasi partilerden, kad\u0131n \u00f6rg\u00fctlerinden m\u00fccadele arkada\u015flar\u0131m\u0131z\u0131 yitirdik\u2026 Hayatta kalabilen kad\u0131nlar, \u00e7ocuklar, lgbti+lar ise zorlu ko\u015fullarla y\u00fcz y\u00fcze kald\u0131. Tek Adam rejiminin 20 y\u0131l\u0131 a\u015fk\u0131nd\u0131r y\u00fcr\u00fctt\u00fc\u011f\u00fc rant politikalar\u0131, afeti felakete \u00e7evirdi.<\/p>\n\n\n\n<p><strong>\u0130\u015fsizlik, e\u015fitsizlik, yoksulluk<\/strong><\/p>\n\n\n\n<p>D\u0130SK Genel-\u0130\u015f&#8217;in Ara\u015ft\u0131rma Dairesi EMAR\u2019\u0131n haz\u0131rlad\u0131\u011f\u0131 ve her sene mart ay\u0131nda yay\u0131mlanan <a href=\"https:\/\/www.cloudsdomain.com\/uploads\/dosya\/47833.pdf\">Kad\u0131n Eme\u011fi raporunda<\/a>, depremle birlikte kad\u0131n istihdam\u0131n\u0131n \u00e7ok ciddi bir \u015fekilde d\u00fc\u015fece\u011fi \u00f6ng\u00f6r\u00fcl\u00fcyor. Zaten deprem \u00f6ncesinde de Gaziantep, Ad\u0131yaman, Kilis, Hatay, Kahramanmara\u015f gibi illerde kad\u0131nlar\u0131n i\u015fg\u00fcc\u00fcne ve istihdama kat\u0131l\u0131m oranlar\u0131 d\u00fc\u015f\u00fckt\u00fc, kad\u0131nlar\u0131n y\u00fczde 52\u2019si kay\u0131td\u0131\u015f\u0131 \u00e7al\u0131\u015ft\u0131r\u0131l\u0131yordu. Bug\u00fcn ise b\u00f6lgede ya\u015fayan kad\u0131nlar ya\u015fam sava\u015f\u0131 veriyor. <\/p>\n\n\n\n<p>Rapor a\u00e7\u0131k\u00e7a toplam kad\u0131n i\u015fsizli\u011finin y\u00fczde 10\u2019unun deprem b\u00f6lgesindeki illerde oldu\u011funu ortaya koyuyor. Bilinen rakamlara g\u00f6re T\u00fcrkiye genelinde de geni\u015f tan\u0131ml\u0131 kad\u0131n i\u015fsiz say\u0131s\u0131 4 milyonu a\u015fm\u0131\u015f durumda. 2022 y\u0131l\u0131 4. \u00e7eyrek verilerine g\u00f6re yakla\u015f\u0131k 10 milyon kad\u0131n ev i\u015fleri nedeniyle \u00e7al\u0131\u015fma hayat\u0131na dahil olamad\u0131\u011f\u0131n\u0131 belirtmi\u015fken, deprem sonras\u0131 ev\/\u00e7ad\u0131r i\u00e7i ve bak\u0131m y\u00fck\u00fc katbekat artan kad\u0131nlar\u0131n i\u015f ya\u015fam\u0131ndan daha da uzakla\u015faca\u011f\u0131n\u0131 s\u00f6ylemek yanl\u0131\u015f olmayacakt\u0131r.<\/p>\n\n\n\n<p><strong>Peki ya \u00e7al\u0131\u015fabilen kad\u0131nlar?<\/strong><\/p>\n\n\n\n<p>\u00c7al\u0131\u015fabilen kesimin ise erkeklerden daha az \u00fccret alabildi\u011fi herkes\u00e7e bilinen ac\u0131 bir ger\u00e7ek. Raporda yevmiyeli \u00e7al\u0131\u015fan erkeklerin, yevmiyeli \u00e7al\u0131\u015fan kad\u0131nlara g\u00f6re y\u00fczde 47,39 daha fazla kazand\u0131\u011f\u0131 belirtiliyor. \u00dccretli d\u00fczenli maa\u015fl\u0131 \u00e7al\u0131\u015fanlarda ise bu fark y\u00fczde 16. Yani \u00fccretli \u00e7al\u0131\u015fan erkekler, kad\u0131nlara g\u00f6re y\u00fczde 16 daha fazla kazan\u0131yor. K\u0131sacas\u0131, \u00e7al\u0131\u015fabilen kad\u0131nlar da i\u015f hayat\u0131na e\u015fit \u015fekilde kat\u0131lam\u0131yor. Sadece bu birka\u00e7 veri bile i\u015f hayat\u0131nda cinsiyet ayr\u0131mc\u0131l\u0131\u011f\u0131n\u0131 ve kad\u0131nlar\u0131 i\u015f hayat\u0131ndan uzak tutan politikalar\u0131n varl\u0131\u011f\u0131n\u0131 destekler nitelikte. G\u00fcvenceli i\u015f, e\u015fde\u011fer i\u015fe e\u015fit \u00fccret taleplerinin, depremden daha e\u015fitsiz \u015fekilde etkilenen kad\u0131nlar a\u00e7\u0131s\u0131ndan ne kadar hayati oldu\u011funu da ortaya koyuyor. Konu ev i\u015f\u00e7ileri veya m\u00fclteci i\u015f\u00e7ilere geldi\u011finde, kay\u0131td\u0131\u015f\u0131 veya g\u00fcndelik \u00e7al\u0131\u015fma bi\u00e7imleri yayg\u0131nla\u015ft\u0131\u011f\u0131 i\u00e7in ko\u015fullar daha da a\u011f\u0131rla\u015fmakta.<\/p>\n\n\n\n<p>Kad\u0131nlar\u0131n \u00f6rg\u00fctlenme ve dayan\u0131\u015fma anlam\u0131nda sendikala\u015fma verilerine bakacak olursak 2023 Ocak ay\u0131 verilerine g\u00f6re bu oran y\u00fczde 10,4 iken, erkeklerin sendikala\u015fma oran\u0131 y\u00fczde 16,1. Sendikal faaliyet y\u00fcr\u00fctmek isteyen kad\u0131nlar\u0131n ise erkek egemen sistemin kendisiyle oldu\u011fu kadar sendika b\u00fcrokrasisiyle m\u00fccadele etti\u011fi de a\u015fik\u00e2r.<\/p>\n\n\n\n<p><strong>1 May\u0131s\u2019a do\u011fru\u2026<\/strong><\/p>\n\n\n\n<p>Bu y\u0131l 1 May\u0131s\u2019a giderken her zamankinden daha \u00f6fkeliyiz. Kad\u0131n ve lgbti+ d\u00fc\u015fmanl\u0131\u011f\u0131, e\u015fitlik kar\u015f\u0131tl\u0131\u011f\u0131, hukuk d\u0131\u015f\u0131l\u0131k, yasa ve kural tan\u0131mazl\u0131k konusunda rakipsiz Cumhur \u0130ttifak\u0131\u2019n\u0131n acilen t\u00fcm kaynaklar\u0131 toplumsal cinsiyet e\u015fitli\u011fini g\u00f6zeterek, depremzedelerin ve emek\u00e7ilerin yarar\u0131na a\u00e7mas\u0131 gerekiyor. Biz kad\u0131n ve lgbti+lar\u0131nsa kendi ittifak\u0131m\u0131z\u0131 ve ortak m\u00fccadelemizi g\u00fc\u00e7lendirmemiz\u2026 Deprem b\u00f6lgesindeki kad\u0131n i\u015fsizli\u011fi ve kay\u0131td\u0131\u015f\u0131 istihdam oran\u0131n\u0131n y\u00fcksekli\u011fi de g\u00f6z \u00f6n\u00fcne al\u0131narak t\u00fcm i\u015fsizler i\u00e7in \u00f6n ko\u015ful aranmaks\u0131z\u0131n i\u015fsizlik \u00f6dene\u011fi ve gelir deste\u011fi verilmesi i\u00e7in sistematik bir plan-program olmas\u0131 \u015fart!<\/p>\n\n\n\n<p>Kad\u0131n ve \u00e7ocuklar\u0131n u\u011frayabilecekleri \u015fiddet ve istismara y\u00f6nelik koruyucu \u00f6nlemler hayata ge\u00e7irilmeli. Kad\u0131nlar\u0131n kay\u0131td\u0131\u015f\u0131 \u00e7al\u0131\u015ft\u0131r\u0131lmalar\u0131 ve e\u015fde\u011fer i\u015f yapan erkekler ve kad\u0131nlar aras\u0131ndaki \u00fccret farklar\u0131 yasaklanmal\u0131.<\/p>\n\n\n\n<p>Ba\u015fta ya\u015fl\u0131, engelli ve \u00e7ocuk bak\u0131m\u0131 olmak \u00fczere kad\u0131nlar\u0131n sorumlulu\u011funa b\u0131rak\u0131lan ve kad\u0131nlar\u0131 \u00e7al\u0131\u015fma hayat\u0131ndan uzakla\u015ft\u0131ran bak\u0131m hizmetleri kamusal olarak desteklenmeli. Paras\u0131z kre\u015f ve bak\u0131m merkezleri a\u00e7\u0131lmal\u0131.<\/p>\n\n\n\n<p>Kamusal bak\u0131m hizmetleriyle birlikte kad\u0131n i\u015fsizli\u011finin \u00f6nlenmesi, istihdam\u0131n\u0131n art\u0131r\u0131lmas\u0131 ve kad\u0131nlar\u0131 aileye hapseden de\u011fil g\u00fc\u00e7lendiren sosyal politikalar i\u00e7in b\u00fct\u00e7e ayr\u0131lmal\u0131. Ve t\u00fcm bunlar i\u00e7in fazlas\u0131yla kaynak var, yeter ki b\u00fct\u00e7e, deprem sonras\u0131 da\u011f\u0131t\u0131lan ihalelerle i\u015f adamlar\u0131n\u0131 daha da zengin etmeye ayr\u0131lmas\u0131n! \u201cGelece\u011fimiz bizim\u201d demek i\u00e7in bu 1 May\u0131s\u2019ta da alanlarda olaca\u011f\u0131z!<\/p>\n","protected":false},"excerpt":{"rendered":"<p>2023 1 May\u0131s Emek ve Dayan\u0131\u015fma G\u00fcn\u00fc\u2019ne kad\u0131nlar olarak b\u00fcy\u00fck ac\u0131 ve kay\u0131plarla giriyoruz. Eme\u011fimizin, bedenimizin, kimli\u011fimizin yok say\u0131lmas\u0131na d\u00f6n\u00fck sald\u0131r\u0131lara kar\u015f\u0131 m\u00fccadelemiz s\u00fcrerken 6 \u015eubat\u2019ta ya\u015fanan deprem bizleri yeniden ya\u015fam m\u00fccadelesi hatt\u0131na \u00e7ekti. On binlerce insan\u0131 kaybettik\u2026 Sendikalardan, siyasi partilerden, kad\u0131n \u00f6rg\u00fctlerinden m\u00fccadele arkada\u015flar\u0131m\u0131z\u0131 yitirdik\u2026 Hayatta kalabilen kad\u0131nlar, \u00e7ocuklar, lgbti+lar ise zorlu ko\u015fullarla y\u00fcz [&hellip;]<\/p>\n","protected":false},"author":2,"featured_media":2247,"comment_status":"closed","ping_status":"closed","sticky":false,"template":"","format":"standard","meta":{"footnotes":""},"categories":[126],"tags":[128,290,106,171],"class_list":["post-2239","post","type-post","status-publish","format-standard","has-post-thumbnail","hentry","category-politika","tag-1-mayis","tag-6-subat-depremleri","tag-kadin-emegi","tag-kadin-isci"],"_links":{"self":[{"href":"https:\/\/www.kadindayanismasi.net\/index.php\/wp-json\/wp\/v2\/posts\/2239","targetHints":{"allow":["GET"]}}],"collection":[{"href":"https:\/\/www.kadindayanismasi.net\/index.php\/wp-json\/wp\/v2\/posts"}],"about":[{"href":"https:\/\/www.kadindayanismasi.net\/index.php\/wp-json\/wp\/v2\/types\/post"}],"author":[{"embeddable":true,"href":"https:\/\/www.kadindayanismasi.net\/index.php\/wp-json\/wp\/v2\/users\/2"}],"replies":[{"embeddable":true,"href":"https:\/\/www.kadindayanismasi.net\/index.php\/wp-json\/wp\/v2\/comments?post=2239"}],"version-history":[{"count":4,"href":"https:\/\/www.kadindayanismasi.net\/index.php\/wp-json\/wp\/v2\/posts\/2239\/revisions"}],"predecessor-version":[{"id":2248,"href":"https:\/\/www.kadindayanismasi.net\/index.php\/wp-json\/wp\/v2\/posts\/2239\/revisions\/2248"}],"wp:featuredmedia":[{"embeddable":true,"href":"https:\/\/www.kadindayanismasi.net\/index.php\/wp-json\/wp\/v2\/media\/2247"}],"wp:attachment":[{"href":"https:\/\/www.kadindayanismasi.net\/index.php\/wp-json\/wp\/v2\/media?parent=2239"}],"wp:term":[{"taxonomy":"category","embeddable":true,"href":"https:\/\/www.kadindayanismasi.net\/index.php\/wp-json\/wp\/v2\/categories?post=2239"},{"taxonomy":"post_tag","embeddable":true,"href":"https:\/\/www.kadindayanismasi.net\/index.php\/wp-json\/wp\/v2\/tags?post=2239"}],"curies":[{"name":"wp","href":"https:\/\/api.w.org\/{rel}","templated":true}]}}