{"id":2395,"date":"2023-08-28T17:00:40","date_gmt":"2023-08-28T14:00:40","guid":{"rendered":"https:\/\/www.kadindayanismasi.net\/?p=2395"},"modified":"2023-08-28T17:00:40","modified_gmt":"2023-08-28T14:00:40","slug":"mahsa-jina-amininin-olum-yildonumu-yaklasirken-iranda-gozaltilar-ve-baskilar-suruyor","status":"publish","type":"post","link":"https:\/\/www.kadindayanismasi.net\/index.php\/2023\/08\/28\/mahsa-jina-amininin-olum-yildonumu-yaklasirken-iranda-gozaltilar-ve-baskilar-suruyor\/","title":{"rendered":"Mahsa Jina Amini\u2019nin \u00f6l\u00fcm y\u0131ld\u00f6n\u00fcm\u00fc yakla\u015f\u0131rken \u0130ran\u2019da g\u00f6zalt\u0131lar ve bask\u0131lar s\u00fcr\u00fcyor"},"content":{"rendered":"\n<p><em>\u0130ran\u2019da Mahsa Jina Amini\u2019nin ahlak polisi taraf\u0131ndan katledilmesinin ve Jina ayaklanmas\u0131n\u0131n y\u0131ld\u00f6n\u00fcm\u00fc yakla\u015f\u0131rken molla rejiminin bask\u0131lar\u0131 s\u00fcr\u00fcyor. 16 A\u011fustos\u2019ta g\u00f6zalt\u0131na al\u0131nan kad\u0131n haklar\u0131 aktivistlerinden Cilve Cevahiri ve F\u00fcru\u011f Samiyaniya\u2019n\u0131n durumu hakk\u0131nda haber al\u0131nam\u0131yor. \u0130ranl\u0131 bir grup aktivistin \u00e7\u0131kard\u0131\u011f\u0131 feminist b\u00fclten Bidarzani taraf\u0131ndan yay\u0131mlanan <a href=\"https:\/\/www.instagram.com\/p\/CwdizOQKhh7\/?igshid=MTc4MmM1YmI2Ng%3D%3D\">a\u00e7\u0131klaman\u0131n<\/a> \u00e7evirisini payla\u015f\u0131yor ve dayan\u0131\u015fmam\u0131z\u0131 iletiyoruz. G\u00f6zalt\u0131lar serbest b\u0131rak\u0131ls\u0131n! Cilve Cevahiri ve F\u00fcru\u011f Samiyaniya\u2019n\u0131n sa\u011fl\u0131k durumu hakk\u0131nda bilgi verilsin!<\/em><\/p>\n\n\n\n<p><strong>\u00c7eviri:<\/strong> Kad\u0131n Dayan\u0131\u015fmas\u0131<\/p>\n\n\n\n<p>Re\u015ft \u0130stihbarat Servisi g\u00f6zalt\u0131 merkezinde tek ki\u015filik h\u00fccrelerde tutulan Cilve Cevahiri ve F\u00fcru\u011f Samiyaniya\u2019n\u0131n durumu hakk\u0131nda bilgi alam\u0131yoruz ve kayg\u0131l\u0131y\u0131z.<\/p>\n\n\n\n<p>Gilan\u2019da kad\u0131n haklar\u0131 aktivistleri ve di\u011fer sivil aktivistlerin kitlesel \u015fekilde g\u00f6zalt\u0131na al\u0131nmas\u0131n\u0131n \u00fcst\u00fcnden 12 g\u00fcn ge\u00e7ti. Cilve Cevahiri ve F\u00fcru\u011f Samiyaniya h\u00e2l\u00e2 daha \u201c\u0130simsiz \u015eehitler G\u00f6zalt\u0131 Merkezi\u201d olarak da bilinen Re\u015ft \u0130stihbarat Servisi\u2019nin tek ki\u015filik h\u00fccrelerinde tutuluyor ve soru\u015fturma bask\u0131s\u0131na maruz kal\u0131yor.<\/p>\n\n\n\n<p>Bu sabah, bu iki kad\u0131n haklar\u0131 aktivistinin yan\u0131 s\u0131ra di\u011fer g\u00f6zalt\u0131na al\u0131nanlar\u0131n aileleri, g\u00f6zalt\u0131ndakilerin sa\u011fl\u0131k durumlar\u0131n\u0131 takip etmek ve telefon haklar\u0131n\u0131 kullanmak i\u00e7in Re\u015ft\u2019teki ba\u015fsavc\u0131l\u0131\u011fa mektup g\u00f6ndererek taleplerini ilettiler.<\/p>\n\n\n\n<p>Cilve Cevahiri ve F\u00fcru\u011f Samiyaniya\u2019ya ilk g\u00f6r\u00fc\u015fmeden sonra bir daha telefon hakk\u0131 verilmemesi ve t\u00fcm g\u00fcn boyunca Re\u015ft \u0130stihbarat Servisi G\u00f6zalt\u0131 Merkezi\u2019nin tek ki\u015filik h\u00fccresinde tutulmalar\u0131, sa\u011fl\u0131k durumlar\u0131 ve g\u00fcvenlikleriyle ilgili endi\u015feleri art\u0131rmakta.<\/p>\n\n\n\n<p>Re\u015ft, Enzeli, Lahican ve Fumen\u2019de g\u00fcvenlik g\u00fc\u00e7leri taraf\u0131ndan evlerinden g\u00f6zalt\u0131na al\u0131nan Cilve Cevahiri ve F\u00fcru\u011f Samiyaniya\u2019n\u0131n yan\u0131 s\u0131ra kad\u0131n haklar\u0131 aktivisti ve siyasi aktivistler Metin Yezdani, Yasmim He\u015fdari, Zehra Dadres, Z\u00fchre Dadres, Azade \u00c7avu\u015fyan, Sara Cihani ve H\u00fcman Tahir h\u00e2l\u00e2 daha g\u00f6zalt\u0131ndalar. Kitlesel g\u00f6zalt\u0131lar, en temel haklar\u0131n ihlalinin bir g\u00f6stergesidir.<\/p>\n\n\n\n<p>#JinJiyanAzadi<\/p>\n","protected":false},"excerpt":{"rendered":"<p>\u0130ran\u2019da Mahsa Jina Amini\u2019nin ahlak polisi taraf\u0131ndan katledilmesinin ve Jina ayaklanmas\u0131n\u0131n y\u0131ld\u00f6n\u00fcm\u00fc yakla\u015f\u0131rken molla rejiminin bask\u0131lar\u0131 s\u00fcr\u00fcyor. 16 A\u011fustos\u2019ta g\u00f6zalt\u0131na al\u0131nan kad\u0131n haklar\u0131 aktivistlerinden Cilve Cevahiri ve F\u00fcru\u011f Samiyaniya\u2019n\u0131n durumu hakk\u0131nda haber al\u0131nam\u0131yor. \u0130ranl\u0131 bir grup aktivistin \u00e7\u0131kard\u0131\u011f\u0131 feminist b\u00fclten Bidarzani taraf\u0131ndan yay\u0131mlanan a\u00e7\u0131klaman\u0131n \u00e7evirisini payla\u015f\u0131yor ve dayan\u0131\u015fmam\u0131z\u0131 iletiyoruz. G\u00f6zalt\u0131lar serbest b\u0131rak\u0131ls\u0131n! Cilve Cevahiri ve [&hellip;]<\/p>\n","protected":false},"author":3,"featured_media":2398,"comment_status":"closed","ping_status":"closed","sticky":false,"template":"","format":"standard","meta":{"footnotes":""},"categories":[46],"tags":[260,257,159,258],"class_list":["post-2395","post","type-post","status-publish","format-standard","has-post-thumbnail","hentry","category-beynelmilel","tag-mahsaamini","tag-iran","tag-kadin-mucadelesi","tag-molla-rejimi"],"_links":{"self":[{"href":"https:\/\/www.kadindayanismasi.net\/index.php\/wp-json\/wp\/v2\/posts\/2395","targetHints":{"allow":["GET"]}}],"collection":[{"href":"https:\/\/www.kadindayanismasi.net\/index.php\/wp-json\/wp\/v2\/posts"}],"about":[{"href":"https:\/\/www.kadindayanismasi.net\/index.php\/wp-json\/wp\/v2\/types\/post"}],"author":[{"embeddable":true,"href":"https:\/\/www.kadindayanismasi.net\/index.php\/wp-json\/wp\/v2\/users\/3"}],"replies":[{"embeddable":true,"href":"https:\/\/www.kadindayanismasi.net\/index.php\/wp-json\/wp\/v2\/comments?post=2395"}],"version-history":[{"count":1,"href":"https:\/\/www.kadindayanismasi.net\/index.php\/wp-json\/wp\/v2\/posts\/2395\/revisions"}],"predecessor-version":[{"id":2397,"href":"https:\/\/www.kadindayanismasi.net\/index.php\/wp-json\/wp\/v2\/posts\/2395\/revisions\/2397"}],"wp:featuredmedia":[{"embeddable":true,"href":"https:\/\/www.kadindayanismasi.net\/index.php\/wp-json\/wp\/v2\/media\/2398"}],"wp:attachment":[{"href":"https:\/\/www.kadindayanismasi.net\/index.php\/wp-json\/wp\/v2\/media?parent=2395"}],"wp:term":[{"taxonomy":"category","embeddable":true,"href":"https:\/\/www.kadindayanismasi.net\/index.php\/wp-json\/wp\/v2\/categories?post=2395"},{"taxonomy":"post_tag","embeddable":true,"href":"https:\/\/www.kadindayanismasi.net\/index.php\/wp-json\/wp\/v2\/tags?post=2395"}],"curies":[{"name":"wp","href":"https:\/\/api.w.org\/{rel}","templated":true}]}}