{"id":2443,"date":"2023-09-16T12:35:22","date_gmt":"2023-09-16T09:35:22","guid":{"rendered":"https:\/\/www.kadindayanismasi.net\/?p=2443"},"modified":"2023-09-16T12:35:23","modified_gmt":"2023-09-16T09:35:23","slug":"mahsa-jina-aminiyi-unutmadik","status":"publish","type":"post","link":"https:\/\/www.kadindayanismasi.net\/index.php\/2023\/09\/16\/mahsa-jina-aminiyi-unutmadik\/","title":{"rendered":"Mahsa Jina Amini\u2019yi unutmad\u0131k"},"content":{"rendered":"\n<p>Bir y\u0131l \u00f6nce 16 Eyl\u00fcl&#8217;de \u0130ran\u2019da Mahsa Jina Amini ba\u015f\u00f6rt\u00fcs\u00fcn\u00fc d\u00fczg\u00fcn takmad\u0131\u011f\u0131 gerek\u00e7esiyle \u201cahlak polisi\u201d taraf\u0131ndan g\u00f6zalt\u0131na al\u0131nd\u0131ktan sonra hayat\u0131n\u0131 kaybetti. Mahsa Jina\u2019n\u0131n katledilmesi \u00fczerine sadece kad\u0131nlar de\u011fil \u00f6\u011frenciler, lgbti+lar, i\u015f\u00e7iler, t\u00fcm \u0130ran halklar\u0131 soka\u011fa d\u00f6k\u00fcld\u00fc. Aylarca s\u00fcren ve t\u00fcm \u00fclkeye yay\u0131lan isyan dalgas\u0131 molla rejimi kar\u015f\u0131t\u0131 bir niteli\u011fe b\u00fcr\u00fcnd\u00fc. Diktat\u00f6rl\u00fc\u011fe kar\u015f\u0131 i\u015fyerleri grevlerle, sokaklar protestolarla doldu ta\u015ft\u0131.<\/p>\n\n\n\n<p>Bug\u00fcn ayaklanma ayn\u0131 kitlesellikte s\u00fcrmese de protestolar devam ediyor. Buna kar\u015f\u0131l\u0131k rejim de bask\u0131n\u0131n dozunu art\u0131r\u0131yor. Cezaevleri m\u00fccadeleci kad\u0131n ve lgbti+larla doldurulmaya devam ediyor. Ba\u015f\u00f6rt\u00fcs\u00fc zorunlulu\u011funa uymayan kad\u0131nlar\u0131n toplumsal hayatta var olmalar\u0131 zorla\u015ft\u0131r\u0131l\u0131yor, ba\u015f\u00f6rt\u00fcs\u00fcz kad\u0131nlar\u0131n \u00e7al\u0131\u015ft\u0131\u011f\u0131 i\u015fyerlerine bask\u0131nlar yap\u0131l\u0131yor. Aralar\u0131nda Nil\u00fcfer Hamedi\u2019nin de oldu\u011fu, Mahsa Jina\u2019n\u0131n katledilmesinin haberini yapan 30 gazeteci h\u00e2l\u00e2 tutuklu. Tek ki\u015filik h\u00fccrelerde tutulan Cilve Cevahiri ve F\u00fcru\u011f Samiyaniya ve daha pek \u00e7o\u011funun durumu hakk\u0131nda haber al\u0131nam\u0131yor. Yak\u0131n zamanda g\u00fcndeme gelen yeni yasa tasar\u0131s\u0131yla, ba\u015f\u00f6rt\u00fcs\u00fc zorunlulu\u011funa uymayan kad\u0131nlara verilen cezalar\u0131n a\u011f\u0131rla\u015ft\u0131r\u0131lmas\u0131 hedefleniyor.<\/p>\n\n\n\n<p>Ancak bug\u00fcn ayaklanma kitleselli\u011fini yitirmi\u015f ve geri \u00e7ekilmi\u015f gibi g\u00f6r\u00fcnse de \u0130ran halk\u0131n\u0131n m\u00fccadeleyi b\u0131rakt\u0131\u011f\u0131 s\u00f6ylenemez. Unutmamak gerekir ki \u0130ran\u2019da rejim kar\u015f\u0131t\u0131 eylemler Jina ayaklanmas\u0131yla ba\u015flamad\u0131. \u0130ran halk\u0131 on y\u0131llard\u0131r zaten m\u00fccadele veriyordu ve Mahsa Jina\u2019n\u0131n katledilmesiyle m\u00fccadele yeni ve farkl\u0131 bir boyut kazanm\u0131\u015ft\u0131. Ancak rejimin tutuklama, i\u015fkence ve idam gibi kanl\u0131 sindirme politikalar\u0131 sonucunda bir geri \u00e7ekilme ya\u015fand\u0131. Buna ra\u011fmen m\u00fccadele ve talepler h\u00e2l\u00e2 hayatta. \u0130ranl\u0131 kad\u0131nlar \u0130slam Cumhuriyeti\u2019ne kar\u015f\u0131 m\u00fccadele etmekten vazge\u00e7miyor, ba\u015f\u00f6rt\u00fclerini \u00e7\u0131kararak rejime meydan okumaya devam ediyor. Kad\u0131n, i\u015f\u00e7i ve \u00f6\u011frenci eylemleri s\u00fcr\u00fcyor. Ayaklanma s\u0131ras\u0131nda g\u00f6rd\u00fc\u011f\u00fcm\u00fcz yerel komiteleri kurmak ve bunlar\u0131 birle\u015ftirmek i\u00e7in \u00e7abalayan; \u015feriat\u00e7\u0131, patriyarkal ve kapitalist \u0130slam Cumhuriyeti\u2019nin ilgas\u0131n\u0131n \u00f6rg\u00fctl\u00fc, birle\u015fik ve s\u00fcrekli m\u00fccadeleden ge\u00e7ti\u011fini savunan gruplar h\u00e2l\u00e2 var. Dahas\u0131, molla rejiminin bu s\u00fcre\u00e7ten hi\u00e7 yara almadan, sars\u0131lmadan \u00e7\u0131kmad\u0131\u011f\u0131 da s\u00f6ylenemez. Rejim yeni kitlesel eylemlerin tetiklenmesinden korkuyor olacak ki Amini\u2019nin \u00f6l\u00fcm y\u0131ld\u00f6n\u00fcm\u00fcn\u00fcn bir g\u00fcn \u00f6ncesinden ailesinin evinin etraf\u0131n\u0131 ku\u015fat\u0131p mezar\u0131n\u0131n oldu\u011fu Sak\u0131z kentine giri\u015fleri engellemeye ba\u015flad\u0131.<\/p>\n\n\n\n<p>Tek Adam rejiminin kad\u0131n d\u00fc\u015fman\u0131 ve muhafazak\u00e2r bask\u0131lar\u0131n\u0131 s\u00fcrd\u00fcrd\u00fc\u011f\u00fc, \u201ckutsal aile\u201d dayatmas\u0131yla kad\u0131nlar\u0131 ve lgbti+lar\u0131 yok sayd\u0131\u011f\u0131, kad\u0131n ve lgbti+ m\u00fccadelelerini kriminalize etti\u011fi, yeni anayasan\u0131n konu\u015fuldu\u011fu ve haklar\u0131m\u0131z\u0131n tart\u0131\u015fmaya a\u00e7\u0131ld\u0131\u011f\u0131 bug\u00fcnlerde, \u0130ranl\u0131 kad\u0131nlarla m\u00fccadelemizin ortak oldu\u011funu ve enternasyonal dayan\u0131\u015fman\u0131n \u00f6nemini hat\u0131rlat\u0131yoruz. Mahsa Jina Amini\u2019yi unutmad\u0131k, katledilen kad\u0131nlar\u0131 unutmad\u0131k. \u0130ran\u2019da, T\u00fcrkiye\u2019de ve her yerde kad\u0131nlar \u00f6zg\u00fcr, e\u015fit ve adil bir hayata kavu\u015fana kadar Kad\u0131n, Ya\u015fam, \u00d6zg\u00fcrl\u00fck! Jin, Jiyan, Azadi! Zan, Zendegi, Azadi!<\/p>\n","protected":false},"excerpt":{"rendered":"<p>Bir y\u0131l \u00f6nce 16 Eyl\u00fcl&#8217;de \u0130ran\u2019da Mahsa Jina Amini ba\u015f\u00f6rt\u00fcs\u00fcn\u00fc d\u00fczg\u00fcn takmad\u0131\u011f\u0131 gerek\u00e7esiyle \u201cahlak polisi\u201d taraf\u0131ndan g\u00f6zalt\u0131na al\u0131nd\u0131ktan sonra hayat\u0131n\u0131 kaybetti. Mahsa Jina\u2019n\u0131n katledilmesi \u00fczerine sadece kad\u0131nlar de\u011fil \u00f6\u011frenciler, lgbti+lar, i\u015f\u00e7iler, t\u00fcm \u0130ran halklar\u0131 soka\u011fa d\u00f6k\u00fcld\u00fc. Aylarca s\u00fcren ve t\u00fcm \u00fclkeye yay\u0131lan isyan dalgas\u0131 molla rejimi kar\u015f\u0131t\u0131 bir niteli\u011fe b\u00fcr\u00fcnd\u00fc. Diktat\u00f6rl\u00fc\u011fe kar\u015f\u0131 i\u015fyerleri grevlerle, sokaklar [&hellip;]<\/p>\n","protected":false},"author":2,"featured_media":2445,"comment_status":"closed","ping_status":"closed","sticky":false,"template":"","format":"standard","meta":{"footnotes":""},"categories":[46],"tags":[257,176,159,261],"class_list":["post-2443","post","type-post","status-publish","format-standard","has-post-thumbnail","hentry","category-beynelmilel","tag-iran","tag-kadin-dayanismasi","tag-kadin-mucadelesi","tag-mahsaamini-2"],"_links":{"self":[{"href":"https:\/\/www.kadindayanismasi.net\/index.php\/wp-json\/wp\/v2\/posts\/2443","targetHints":{"allow":["GET"]}}],"collection":[{"href":"https:\/\/www.kadindayanismasi.net\/index.php\/wp-json\/wp\/v2\/posts"}],"about":[{"href":"https:\/\/www.kadindayanismasi.net\/index.php\/wp-json\/wp\/v2\/types\/post"}],"author":[{"embeddable":true,"href":"https:\/\/www.kadindayanismasi.net\/index.php\/wp-json\/wp\/v2\/users\/2"}],"replies":[{"embeddable":true,"href":"https:\/\/www.kadindayanismasi.net\/index.php\/wp-json\/wp\/v2\/comments?post=2443"}],"version-history":[{"count":1,"href":"https:\/\/www.kadindayanismasi.net\/index.php\/wp-json\/wp\/v2\/posts\/2443\/revisions"}],"predecessor-version":[{"id":2446,"href":"https:\/\/www.kadindayanismasi.net\/index.php\/wp-json\/wp\/v2\/posts\/2443\/revisions\/2446"}],"wp:featuredmedia":[{"embeddable":true,"href":"https:\/\/www.kadindayanismasi.net\/index.php\/wp-json\/wp\/v2\/media\/2445"}],"wp:attachment":[{"href":"https:\/\/www.kadindayanismasi.net\/index.php\/wp-json\/wp\/v2\/media?parent=2443"}],"wp:term":[{"taxonomy":"category","embeddable":true,"href":"https:\/\/www.kadindayanismasi.net\/index.php\/wp-json\/wp\/v2\/categories?post=2443"},{"taxonomy":"post_tag","embeddable":true,"href":"https:\/\/www.kadindayanismasi.net\/index.php\/wp-json\/wp\/v2\/tags?post=2443"}],"curies":[{"name":"wp","href":"https:\/\/api.w.org\/{rel}","templated":true}]}}