{"id":2448,"date":"2023-10-06T14:29:57","date_gmt":"2023-10-06T11:29:57","guid":{"rendered":"https:\/\/www.kadindayanismasi.net\/?p=2448"},"modified":"2023-10-06T14:29:58","modified_gmt":"2023-10-06T11:29:58","slug":"iktidarin-yoksullukla-mucadele-planinin-yeni-adi-aileyi-guclendirmek","status":"publish","type":"post","link":"https:\/\/www.kadindayanismasi.net\/index.php\/2023\/10\/06\/iktidarin-yoksullukla-mucadele-planinin-yeni-adi-aileyi-guclendirmek\/","title":{"rendered":"\u0130ktidar\u0131n yoksullukla m\u00fccadele plan\u0131n\u0131n yeni ad\u0131 aileyi g\u00fc\u00e7lendirmek(!)"},"content":{"rendered":"\n<p>Derinle\u015fen ekonomik kriz ve yaratt\u0131\u011f\u0131 a\u011f\u0131r sosyal y\u0131k\u0131m, toplumsal cinsiyet e\u015fitsizli\u011fi nedeniyle kad\u0131nlar\u0131n t\u00fcm bu ko\u015fullardan daha e\u015fitsiz bir \u015fekilde etkilenmelerine sebep oluyor. Bilhassa kriz d\u00f6nemlerinde kad\u0131nlar \u00e7ocuk bak\u0131m\u0131 ve \u201caile ge\u00e7indirmemesi\u201d bahane edilerek i\u015ften \u00e7\u0131karma listelerinin ba\u015f\u0131nda yer al\u0131yor.<\/p>\n\n\n\n<p>T\u00dc\u0130K verilerine g\u00f6re 2022\u2019de i\u015fg\u00fcc\u00fcne dahil olmayan 30,5 milyon ki\u015finin y\u00fczde 70\u2019ini kad\u0131nlar olu\u015fturuyor ve T\u00fcrkiye OECD \u00fclkeleri i\u00e7inde a\u00e7\u0131k ara en d\u00fc\u015f\u00fck orana sahip. Temmuz ay\u0131 itibar\u0131yla i\u015fsiz kad\u0131n say\u0131s\u0131 1,5 milyon olarak a\u00e7\u0131klansa da i\u015f bulma \u00fcmidini kaybeden veya \u00e7al\u0131\u015fabilir durumda olup i\u015f aramayan 2 milyon kad\u0131n daha s\u00f6z konusu. Son 3 \u00e7eyrekte bu say\u0131 artarken gen\u00e7 kad\u0131n i\u015fsizli\u011fi ise son 15 y\u0131lda y\u00fczde 40 ile zirveyi g\u00f6rd\u00fc.<\/p>\n\n\n\n<p>T\u00fcm bu sosyal politik y\u0131k\u0131m kar\u015f\u0131s\u0131nda AKP \u015fa\u015f\u0131rtmayacak bir bi\u00e7imde ailenin elden gitti\u011fi yaygaras\u0131n\u0131 kopar\u0131yor. Erdo\u011fan, t\u00fcm kurumlar\u0131 aile m\u00fcessesinin korunmas\u0131na davet ediyor. 81 ilde aile \u00e7al\u0131\u015ftaylar\u0131 d\u00fczenleniyor. \u201cAileyi g\u00fc\u00e7lendirmek, toplumsal de\u011ferleri korumak\u201d amac\u0131yla d\u00fczenlenen aile \u00e7al\u0131\u015ftaylar\u0131 \u201ci\u015f ve aile ya\u015fam\u0131n\u0131n uyumla\u015ft\u0131r\u0131lmas\u0131na y\u00f6nelik geli\u015ftirilebilecek politikalar ve ailenin korunmas\u0131na ili\u015fkin \u00e7al\u0131\u015fmalar\u0131\u201d masaya yat\u0131r\u0131yor. \u0130stanbul S\u00f6zle\u015fmesi\u2019ne, nafaka hakk\u0131na, 6284\u2019e sald\u0131r\u0131lar\u0131n, lgbti+ d\u00fc\u015fmanl\u0131\u011f\u0131n\u0131n ard\u0131ndan aile \u00e7al\u0131\u015ftaylar\u0131 d\u00fczenlenmesi tesad\u00fcf m\u00fcd\u00fcr? Bizce hay\u0131r.<\/p>\n\n\n\n<p>Zira aile; kad\u0131nlar\u0131n eme\u011finin gasp edildi\u011fi, evde harcad\u0131\u011f\u0131 kar\u015f\u0131l\u0131ks\u0131z eme\u011fin g\u00fc\u00e7lendirildi\u011fi bir yer. Artan yoksullu\u011fun psikolojik ve maddi y\u00fck\u00fcn\u00fc kad\u0131nlar\u0131n ev i\u00e7inde y\u00fcklenmesi istenir. Artan yoksullukla birlikte kad\u0131nlar\u0131n ev i\u00e7i emek y\u00fck\u00fc katlanarak artar. Bilhassa b\u00fcy\u00fck \u015fehirlerde ya\u015fama masraf\u0131n\u0131 kar\u015f\u0131layamayan pek \u00e7ok aile \u015fu d\u00f6nemde \u015fehirleri terk etmekte. G\u00f6\u00e7 edilen \u015fehirde i\u015f bulmak, bir kad\u0131n i\u00e7in erke\u011fe g\u00f6re olduk\u00e7a zor. Ayr\u0131ca g\u00f6\u00e7 nedeniyle evdeki bak\u0131m y\u00fck\u00fc art\u0131yor, \u00e7ocuklar\u0131 yeni okullara yerle\u015ftirmeden yeni ko\u015fullara maaile adapte olmak kad\u0131n\u0131n g\u00f6revi oluyor. Ev ekonomisinin idaresi kad\u0131na y\u00fcklendi\u011fi i\u00e7in bu durum kad\u0131nlar a\u00e7\u0131s\u0131ndan bir\u00e7ok sorunu beraberinde getiriyor. Temel g\u0131da ve ya\u015famsal \u00fcr\u00fcnlerdeki y\u00fcksek zamlar kar\u015f\u0131s\u0131nda kad\u0131nlar\u0131n ana g\u00fcndemi evi nas\u0131l d\u00f6nd\u00fcrecekleri ve tencerenin nas\u0131l kaynayaca\u011f\u0131 noktas\u0131nda kilitleniyor. Evin ge\u00e7imini sa\u011flamak i\u00e7in kad\u0131nlar kendi ihtiya\u00e7lar\u0131n\u0131 kar\u015f\u0131lamada dahi fedak\u00e2rl\u0131k yapmak zorunda kal\u0131yor. Buna isyan etmek ba\u015fl\u0131 ba\u015f\u0131na kad\u0131nlar\u0131 \u015fiddetin hedefi haline getiriyor. \u00d6te taraftan patriyarkal kapitalist sistemde kad\u0131nlar\u0131n formel i\u015flere eri\u015fimi \u00e7e\u015fitli sebeplerle engellendi\u011finden kad\u0131nlar g\u00fcvencesiz ve esnek i\u015flere y\u00f6nelmek durumunda b\u0131rak\u0131l\u0131yor.<\/p>\n\n\n\n<p>M\u00fccadele ederek kazand\u0131\u011f\u0131m\u0131z \u0130stanbul S\u00f6zle\u015fmesi\u2019nden \u201cAileler da\u011f\u0131l\u0131yor, lgbti+ olmak \u00f6zendiriliyor\u201d yaygaras\u0131 ile \u00e7\u0131kan iktidar, kad\u0131nlar\u0131 \u015fiddet dolu ili\u015fkilere mahk\u00fbm etmek ve bo\u015fanmalar\u0131 engellemek i\u00e7in nafaka hakk\u0131n\u0131 gasp etmeye \u00e7al\u0131\u015f\u0131yor. \u015eimdi ise ama\u00e7; aileyi g\u00fc\u00e7lendirme ad\u0131 alt\u0131nda kad\u0131nlar\u0131n var olan ko\u015fullara itiraz etmelerini engellemek, bu y\u00fck\u00fcn alt\u0131nda daha fazla ezilmelerine neden olarak sosyal y\u0131k\u0131m\u0131 s\u00fcrd\u00fcr\u00fclebilir k\u0131lmak, lgbti+lar \u00fczerinden nefret s\u00f6ylemi geli\u015ftirerek toplumsal m\u00fccadeleleri marjinalize etmek ve milliyet\u00e7i muhafazak\u00e2r kitlesini bir arada tutmaya \u00e7al\u0131\u015fmak. \u0130\u015fte bu nedenle ailenin g\u00fc\u00e7lendirilmesi politikalar\u0131na itiraz ediyoruz! Ailenin g\u00fc\u00e7lendirilmesi politikas\u0131, daha fazla \u015fiddet ve daha fazla s\u00f6m\u00fcr\u00fcden ba\u015fka bir \u015fey de\u011fildir.<\/p>\n","protected":false},"excerpt":{"rendered":"<p>Derinle\u015fen ekonomik kriz ve yaratt\u0131\u011f\u0131 a\u011f\u0131r sosyal y\u0131k\u0131m, toplumsal cinsiyet e\u015fitsizli\u011fi nedeniyle kad\u0131nlar\u0131n t\u00fcm bu ko\u015fullardan daha e\u015fitsiz bir \u015fekilde etkilenmelerine sebep oluyor. Bilhassa kriz d\u00f6nemlerinde kad\u0131nlar \u00e7ocuk bak\u0131m\u0131 ve \u201caile ge\u00e7indirmemesi\u201d bahane edilerek i\u015ften \u00e7\u0131karma listelerinin ba\u015f\u0131nda yer al\u0131yor. T\u00dc\u0130K verilerine g\u00f6re 2022\u2019de i\u015fg\u00fcc\u00fcne dahil olmayan 30,5 milyon ki\u015finin y\u00fczde 70\u2019ini kad\u0131nlar olu\u015fturuyor ve [&hellip;]<\/p>\n","protected":false},"author":2,"featured_media":2450,"comment_status":"closed","ping_status":"closed","sticky":false,"template":"","format":"standard","meta":{"footnotes":""},"categories":[126],"tags":[299,124,146,249],"class_list":["post-2448","post","type-post","status-publish","format-standard","has-post-thumbnail","hentry","category-politika","tag-aile","tag-feminist-mucadele","tag-lgbti","tag-yoksulluk"],"_links":{"self":[{"href":"https:\/\/www.kadindayanismasi.net\/index.php\/wp-json\/wp\/v2\/posts\/2448","targetHints":{"allow":["GET"]}}],"collection":[{"href":"https:\/\/www.kadindayanismasi.net\/index.php\/wp-json\/wp\/v2\/posts"}],"about":[{"href":"https:\/\/www.kadindayanismasi.net\/index.php\/wp-json\/wp\/v2\/types\/post"}],"author":[{"embeddable":true,"href":"https:\/\/www.kadindayanismasi.net\/index.php\/wp-json\/wp\/v2\/users\/2"}],"replies":[{"embeddable":true,"href":"https:\/\/www.kadindayanismasi.net\/index.php\/wp-json\/wp\/v2\/comments?post=2448"}],"version-history":[{"count":1,"href":"https:\/\/www.kadindayanismasi.net\/index.php\/wp-json\/wp\/v2\/posts\/2448\/revisions"}],"predecessor-version":[{"id":2451,"href":"https:\/\/www.kadindayanismasi.net\/index.php\/wp-json\/wp\/v2\/posts\/2448\/revisions\/2451"}],"wp:featuredmedia":[{"embeddable":true,"href":"https:\/\/www.kadindayanismasi.net\/index.php\/wp-json\/wp\/v2\/media\/2450"}],"wp:attachment":[{"href":"https:\/\/www.kadindayanismasi.net\/index.php\/wp-json\/wp\/v2\/media?parent=2448"}],"wp:term":[{"taxonomy":"category","embeddable":true,"href":"https:\/\/www.kadindayanismasi.net\/index.php\/wp-json\/wp\/v2\/categories?post=2448"},{"taxonomy":"post_tag","embeddable":true,"href":"https:\/\/www.kadindayanismasi.net\/index.php\/wp-json\/wp\/v2\/tags?post=2448"}],"curies":[{"name":"wp","href":"https:\/\/api.w.org\/{rel}","templated":true}]}}