{"id":2872,"date":"2024-10-08T15:55:42","date_gmt":"2024-10-08T12:55:42","guid":{"rendered":"https:\/\/www.kadindayanismasi.net\/?p=2872"},"modified":"2024-10-08T15:55:43","modified_gmt":"2024-10-08T12:55:43","slug":"polonez-iscisi-kadinlar-bu-mucadele-hepimizin-mucadelesi","status":"publish","type":"post","link":"https:\/\/www.kadindayanismasi.net\/index.php\/2024\/10\/08\/polonez-iscisi-kadinlar-bu-mucadele-hepimizin-mucadelesi\/","title":{"rendered":"Polonez i\u015f\u00e7isi kad\u0131nlar: \u201cBu m\u00fccadele hepimizin m\u00fccadelesi\u201d"},"content":{"rendered":"\n<p><em>Polonez fabrikas\u0131nda fazla mesai, d\u00fc\u015f\u00fck maa\u015flar, k\u00f6t\u00fc \u00e7al\u0131\u015fma ko\u015fullar\u0131 ve kad\u0131n i\u015f\u00e7ilere y\u00f6nelik a\u015fa\u011f\u0131lay\u0131c\u0131 tav\u0131rlar sebebiyle Tekg\u0131da-\u0130\u015f Sendikas\u0131&#8217;na \u00fcye olmaya karar veren i\u015f\u00e7iler, bir gecede 360 i\u015f\u00e7inin yakla\u015f\u0131k 280\u2019ini \u00f6rg\u00fctlemi\u015f, akabinde 13 ki\u015fi i\u015ften at\u0131lm\u0131\u015ft\u0131. Fabrika i\u00e7inde i\u015f yava\u015flatma-i\u015f durdurma eylemleri s\u00fcrerken 100\u2019\u00fcn \u00fczerinde i\u015f\u00e7i daha i\u015ften at\u0131lm\u0131\u015f, fabrika \u00f6n\u00fcnde direni\u015fe ba\u015flam\u0131\u015ft\u0131. \u00c7o\u011funlu\u011fu kad\u0131nlardan olu\u015fan Polonez direni\u015fi 80 g\u00fcn\u00fc doldurdu.<\/em><\/p>\n\n\n\n<p><em>Polonez i\u015f\u00e7ileri sendikala\u015fma m\u00fccadelesinde yaln\u0131zca patrona kar\u015f\u0131 de\u011fil, ayn\u0131 zamanda devlete ve onun kolluk kuvvetlerine kar\u015f\u0131 da direniyor. Aylard\u0131r i\u015fe gider gibi direni\u015f alan\u0131na gelen, gerekti\u011finde ta\u015f\u0131n \u00fcst\u00fcnde sabahlayan, kaymakam\u0131n kar\u015f\u0131s\u0131na dikilen kad\u0131nlar m\u00fccadelenin ba\u015f\u0131n\u0131 \u00e7ekiyor. Polonez direni\u015f\u00e7isi G\u00fclhan, \u015eerife ve Sevilay ile konu\u015ftuk\u2026<\/em><\/p>\n\n\n\n<p><strong>\u00d6ncelikle biraz kendinizden ve s\u00fcre\u00e7ten bahseder misiniz?<\/strong><\/p>\n\n\n\n<p><strong>Sevilay:<\/strong> \u0130smim Sevilay. 10 y\u0131ld\u0131r Polonez fabrikas\u0131nda \u00e7al\u0131\u015f\u0131yorum. E\u015fimle beraber sendikaya \u00fcye oldu\u011fumuz i\u00e7in i\u015ften at\u0131ld\u0131k. Gecenin bir yar\u0131s\u0131 bir SMS&#8217;le i\u015fimize son verildi. Biz sonuna kadar da arayaca\u011f\u0131z hakk\u0131m\u0131z\u0131. M\u00fccadelemizden vazge\u00e7meyece\u011fiz. \u00c7\u00fcnk\u00fc 17 bin lira bize verilen bir \u00fccret, vergiler dahil. Biz bununla \u00e7ocuk okutaca\u011f\u0131z. Ge\u00e7inemiyoruz, bu y\u00fczden direni\u015fimize devam edece\u011fiz. Yani bizim su\u00e7umuz sadece hakk\u0131m\u0131z\u0131 aramak. Hani k\u00f6t\u00fc bir \u015fey yapm\u0131yoruz biz sonu\u00e7ta. \u00c7almad\u0131k, \u00e7\u0131rpmad\u0131k. Hi\u00e7 de vazge\u00e7meye niyetimiz yok.<\/p>\n\n\n\n<p><strong>G\u00fclhan:<\/strong> Merhaba, ben G\u00fclhan. Be\u015f y\u0131ld\u0131r Polonez fabrikas\u0131nda makine operat\u00f6r\u00fc olarak \u00e7al\u0131\u015f\u0131yordum. Bug\u00fcne kadar biz bir aileydik g\u00fcya Polonez&#8217;de. Hakk\u0131m\u0131z\u0131 arad\u0131\u011f\u0131m\u0131z i\u00e7in, sendikaya \u00fcye oldu\u011fumuz i\u00e7in bu aile bir gecede bozuldu. Bir SMS&#8217;le kap\u0131 \u00f6n\u00fcne koyulduk. \u00c7ok eme\u011fimiz var Polonez fabrikas\u0131nda. Onlar da biliyor. Bildikleri halde bizi h\u00e2l\u00e2 bu kap\u0131da tutuyorlar. \u0130\u00e7eri alm\u0131yorlar. Biz direni\u015fimize devam edece\u011fiz. Y\u0131lmadan. Ya\u011fmur da ya\u011fsa, kar da ya\u011fsa biz buraday\u0131z. Bilmiyorlar ki kad\u0131n\u0131n g\u00fcc\u00fc daha fazla. Yani \u00fcreten kad\u0131n asla b\u0131kmadan, yorulmadan, yenilmeden devam eder. Biz de burada \u00e7o\u011funlukla kad\u0131n\u0131z yani. Hi\u00e7bir zaman y\u0131lmayaca\u011f\u0131z, devam edece\u011fiz ve hakk\u0131m\u0131z\u0131 alaca\u011f\u0131z. Hay\u0131rl\u0131s\u0131yla da i\u00e7eri girece\u011fiz. Ayn\u0131 kad\u0131nlar ayn\u0131 \u00fcretime devam edecek.<\/p>\n\n\n\n<p><strong>\u015eerife:<\/strong> Ben \u015eerife, be\u015f y\u0131ld\u0131r Polonez&#8217;de \u00e7al\u0131\u015f\u0131yordum. \u0130\u00e7eride \u00e7ok mobbing vard\u0131. Bir gece SMS&#8217;le at\u0131ld\u0131k, sendikaya \u00fcye olduk diye, hakk\u0131m\u0131z\u0131 arad\u0131k diye. Anayasal hakk\u0131m\u0131z\u0131 kullanmak istedik. \u0130nsanca ya\u015famak istedik. Bu y\u00fczden de kap\u0131 \u00f6n\u00fcne koyulduk bir gecede. Biz kad\u0131nlar olarak i\u00e7eriye ailemizle birlikte girip \u00e7al\u0131\u015fmak istiyoruz.<\/p>\n\n\n\n<blockquote class=\"wp-block-quote is-layout-flow wp-block-quote-is-layout-flow\">\n<p>&#8220;Sendikaya \u00fcye olmaya bir gecede karar verirken sonunu d\u00fc\u015f\u00fcnmedik bile hi\u00e7. O kadar mobbing vard\u0131 ki hi\u00e7bir \u015fekilde teredd\u00fct olu\u015fmad\u0131. Hak aramak daha iyi boyun b\u00fckmektense.&#8221;<\/p>\n<\/blockquote>\n\n\n\n<p><strong>Sendikaya \u00fcye olmaya nas\u0131l karar verdiniz? Direni\u015fe ba\u015flamadan <\/strong><strong>\u00f6<\/strong><strong>nce kad\u0131nlar olarak \u00e7ekinceleriniz, kayg\u0131lar\u0131n\u0131z var m\u0131<\/strong><strong>yd<\/strong><strong>\u0131<\/strong><strong>? <\/strong><strong>Bazen evde kocalar sorun \u00e7\u0131karabiliyor&#8230;<\/strong><\/p>\n\n\n\n<p><strong>G\u00fclhan:<\/strong> Biz paketleme b\u00f6l\u00fcm\u00fcnde \u00e7o\u011funluk kad\u0131n olarak \u00e7al\u0131\u015f\u0131yoruz. 3-5 tane erkek vard\u0131 i\u00e7imizde. Yani erkeklerin yapt\u0131\u011f\u0131 i\u015fi bile biz yap\u0131yorduk. Kad\u0131n\u0131n g\u00fcc\u00fcn\u00fc zaten orada g\u00f6r\u00fcyorlard\u0131. Yani erke\u011fin yapt\u0131\u011f\u0131 i\u015fi bir kad\u0131n yap\u0131yorsa d\u0131\u015far\u0131da da yorulmadan, b\u0131kmadan biz burada da devam ederiz. \u0130\u00e7eriye girdi\u011fimiz zaman da devam edece\u011fiz. Hani kad\u0131n olmak bir sorun de\u011fil. E\u015flerimizi bir \u015fekilde yoluna koyuyoruz da Polonez\u2019i yoluna koyamad\u0131k bir t\u00fcrl\u00fc. Onun da zaman\u0131 gelince o da yoluna girecek in\u015fallah. Tekrardan \u00fcretmeye devam edece\u011fiz.<\/p>\n\n\n\n<p><strong>\u015eerife:<\/strong> Biz zaten bask\u0131-mobbing oldu\u011fu i\u00e7in, a\u015fa\u011f\u0131land\u0131\u011f\u0131m\u0131z i\u00e7in sendikal\u0131 olmak istedik. Mesela isimle ortaya \u00e7ekilip \u201cBu pazar niye gelmedin?\u201d diye hesap soruluyordu bizden. \u201cPazar gelmediysen pazartesi de gelme,\u201d deniyordu, hakaret ediliyordu. Biz bu sendikaya \u00fcye olmaya bir gecede karar verirken sonunu d\u00fc\u015f\u00fcnmedik bile hi\u00e7. O kadar mobbing vard\u0131 ki hi\u00e7bir \u015fekilde teredd\u00fct olu\u015fmad\u0131 bizde. Hak aramak daha iyi bence boyun b\u00fckmektense.<\/p>\n\n\n\n<p>&#8220;Bir \u00e7ay molas\u0131n\u0131 bile bize \u00e7ok g\u00f6rd\u00fcler. Bizim su\u00e7umuz neydi? Biz s\u00fcrekli \u00e7al\u0131\u015fal\u0131m; lavaboya, su i\u00e7meye, bir ihtiyac\u0131m\u0131z\u0131 gidermeye \u00e7\u0131kamayal\u0131m\u2026&#8221;<\/p>\n\n\n\n<p><strong>Peki \u00e7al\u0131\u015f\u0131rken i\u00e7eride erkek i\u015f\u00e7ilerden farkl\u0131 olarak ya\u015fad\u0131\u011f\u0131n\u0131z sorunlar var m\u0131<\/strong><strong>yd<\/strong><strong>\u0131? Mesela baz\u0131 i\u015fyerlerinde tuvalete gidilmesini bile sorun ediyorlar\u2026<\/strong><\/p>\n\n\n\n<p><strong>\u015eerife:<\/strong> Tabii ki var. Olmaz m\u0131? 5 dakika lavabo s\u00fcresi veriyorlard\u0131 bize. 5 dakika i\u00e7inde i\u015fe d\u00f6nmezsen bir de hakaret edip \u201cMalak gibi yukar\u0131da m\u0131 duruyorsunuz?\u201d denilen arkada\u015flar\u0131m\u0131z vard\u0131. Bir kad\u0131n\u0131n \u00f6zel durumlar\u0131 oluyor mesela, o durumlarda uzun s\u00fcrebiliyor i\u015fleri. Biz zaten en alt kattay\u0131z, 5 dakikada ko\u015fa ko\u015fa merdiven \u00e7\u0131k\u0131p koridordan, \u00fcretimden ge\u00e7ip \u00f6yle lavaboya ula\u015f\u0131yoruz. Zaten bizim yolumuz 5 dakika s\u00fcr\u00fcyor.<\/p>\n\n\n\n<p><strong>G\u00fclhan:<\/strong> Ki bu fason firma gelene kadar bize 5 dakika m\u00fchlet veren fabrika, fasoncular 15-20 otursa ses \u00e7\u0131karm\u0131yordu. Bize a\u015fa\u011f\u0131 indi\u011fimizde hakaret, \u201cNiye be\u015f dakikadan fazla yukar\u0131da duruyorsun?\u201d diye, ama fasoncular hi\u00e7bir \u015fey olmam\u0131\u015f gibi elini kolunu sallayarak inebilir. Fasoncu ya, hi\u00e7bir sorumlulu\u011fu yok ya, basar gider ya, o mant\u0131kla&#8230; Biz gidemiyoruz, onlar istedi\u011fi zaman gidebilir diye onlara hi\u00e7bir bask\u0131 yoktu. Bize so\u011fuk havalarda bir \u00e7ay\u0131 \u00e7ok g\u00f6ren ustalar\u0131m\u0131z \u015fimdi onlar\u0131 \u00e7aya bile \u00e7\u0131kar\u0131yor.<\/p>\n\n\n\n<p><strong>\u015eerife:<\/strong> \u00d6\u011flenci oldu\u011fumuz, 3-11 \u00e7al\u0131\u015ft\u0131\u011f\u0131m\u0131z zaman -6&#8217;da yeme\u011fimizi yiyoruz biz normalde- bir saat mesaiye kal\u0131yorduk servisler uymad\u0131\u011f\u0131 i\u00e7in. 6&#8217;dan 12&#8217;ye kadar a\u011fz\u0131m\u0131zdan bir lokma girmiyordu. Biz dedik ki \u201cBize en az\u0131ndan 15 dakika mola verin, \u00e7ay molas\u0131, i\u00e7imiz \u0131s\u0131ns\u0131n.\u201d A\u015fa\u011f\u0131s\u0131 o kadar so\u011fuk ki, klimalar\u0131n alt\u0131nda \u00e7al\u0131\u015f\u0131yorsun, dolaptan gelen \u00fcr\u00fcnleri elledi\u011fin i\u00e7in ellerin buz kesiyor. \u201cKendi kafan\u0131za g\u00f6re kurallar koymaya \u00e7al\u0131\u015fmay\u0131n,\u201d diye uyar\u0131lar ald\u0131k bu talebimizi ustalar\u0131m\u0131za, \u015feflerimize bildirdi\u011fimiz zaman. Zaten bizim normal ustalar\u0131m\u0131z da yan\u0131m\u0131zda. \u015eefler bunlar\u0131 yapanlar.<\/p>\n\n\n\n<p><strong>Sevilay:<\/strong> Bir \u00e7ay molas\u0131n\u0131 bile bize \u00e7ok g\u00f6rd\u00fcler. Ama \u015fimdi ne oldu? Biz d\u0131\u015far\u0131day\u0131z. \u0130\u00e7eride \u00e7al\u0131\u015fan g\u00fcndelik\u00e7iler istedikleri gibi lavabo hakk\u0131 kullanabiliyorlar. \u0130stedikleri gibi de \u00e7ay, sigara molas\u0131 yapabiliyorlar. Bizim su\u00e7umuz neydi? Biz s\u00fcrekli \u00e7al\u0131\u015fal\u0131m; lavaboya, su i\u00e7meye, bir ihtiyac\u0131m\u0131z\u0131 gidermeye \u00e7\u0131kamayal\u0131m&#8230; Ama \u015fimdi yani biz d\u0131\u015far\u0131day\u0131z? \u015eimdi bizden intikam al\u0131rm\u0131\u015f\u00e7as\u0131na i\u00e7eridekilere her \u015fey serbest. Bizi bir de ayr\u0131ca Kod-46\u2019dan att\u0131lar. H\u0131rs\u0131zl\u0131k, y\u00fcz k\u0131zart\u0131c\u0131 su\u00e7tan. 10 y\u0131ld\u0131r ben buraya emek vermi\u015fim. Bu fabrikay\u0131 ayakta tutan bizleriz. Biz olmasak bunlar hi\u00e7 burada, patronlar bir hi\u00e7.<\/p>\n\n\n\n<p><strong>Kodu<\/strong><strong> de<\/strong><strong>\u011fi\u015ftirmeyi ba\u015fard\u0131n\u0131z ama de\u011fil mi yanl\u0131\u015f <\/strong><strong>hat<\/strong><strong>\u0131rlam\u0131yorsam? O da \u00e7ok \u00f6nemli bir kazan\u0131md\u0131.<\/strong><\/p>\n\n\n\n<p><strong>\u015eerife:<\/strong> Biz fabrika \u00f6n\u00fcnde durmaya devam ederken \u00c7al\u0131\u015fma Bakanl\u0131\u011f\u0131 geldi, m\u00fcfetti\u015flerini yollad\u0131, i\u00e7eriyi tefti\u015f etti. Bizden de 50-60 ki\u015fiyle konu\u015ftu. Bizi hakl\u0131 bulduklar\u0131 i\u00e7in ceza yazd\u0131lar fabrikaya, 04 koduna \u00f6yle ge\u00e7ildi. Yoksa bunlara kalsa de\u011fi\u015ftirmezlerdi.<\/p>\n\n\n<div class=\"wp-block-image\">\n<figure class=\"aligncenter size-large is-resized\"><img loading=\"lazy\" decoding=\"async\" width=\"1024\" height=\"768\" src=\"https:\/\/www.kadindayanismasi.net\/wp-content\/uploads\/2024\/10\/kadindayanismasi_polonez-direnisi_kadinlar-1024x768.jpg\" alt=\"\" class=\"wp-image-2882\" style=\"width:560px;height:auto\" srcset=\"https:\/\/www.kadindayanismasi.net\/wp-content\/uploads\/2024\/10\/kadindayanismasi_polonez-direnisi_kadinlar-1024x768.jpg 1024w, https:\/\/www.kadindayanismasi.net\/wp-content\/uploads\/2024\/10\/kadindayanismasi_polonez-direnisi_kadinlar-300x225.jpg 300w, https:\/\/www.kadindayanismasi.net\/wp-content\/uploads\/2024\/10\/kadindayanismasi_polonez-direnisi_kadinlar-768x576.jpg 768w, https:\/\/www.kadindayanismasi.net\/wp-content\/uploads\/2024\/10\/kadindayanismasi_polonez-direnisi_kadinlar-750x563.jpg 750w, https:\/\/www.kadindayanismasi.net\/wp-content\/uploads\/2024\/10\/kadindayanismasi_polonez-direnisi_kadinlar-1140x855.jpg 1140w, https:\/\/www.kadindayanismasi.net\/wp-content\/uploads\/2024\/10\/kadindayanismasi_polonez-direnisi_kadinlar.jpg 1280w\" sizes=\"auto, (max-width: 1024px) 100vw, 1024px\" \/><\/figure><\/div>\n\n\n<p><strong>\u00d6nceki ziyaretlerden hat\u0131rlad\u0131\u011f\u0131m kadar\u0131yla siz i\u00e7erideyken gece vardiyas\u0131n\u0131 bordroya normal vardiya gibi yans\u0131t\u0131yorlarm\u0131\u015f. Onu da de\u011fi\u015ftirmi\u015fler galiba de\u011fil mi?<\/strong><\/p>\n\n\n\n<p><strong>\u015eerife:<\/strong> \u015eu anda gece vardiyas\u0131 kuramad\u0131klar\u0131 i\u00e7in. Ama bize mecburdu hani \u00fcretim tonaj yeti\u015fsin diye. Bizim 15-23 vardiyam\u0131zda mesela, 60 ki\u015fiysek 20-25 ki\u015fisini geceye yaz\u0131yordu. Yani 15-23 geliyor g\u00f6z\u00fck\u00fcyorsun ama gece geliyorsun asl\u0131nda. G\u00f6r\u00fcn\u00fcrde gece vardiyas\u0131 yoktu yani. Hani ben kolumu k\u0131rsam, ba\u015fka bir \u015fey olsa orada oldu\u011fumu ispatlayamam. Gece vardiyas\u0131n\u0131n y\u0131pranma pay\u0131 da yoktu. Biz ki her ay mutlaka bir hafta gece vardiyas\u0131na geliyorduk d\u00f6n\u00fc\u015f\u00fcml\u00fc.<\/p>\n\n\n\n<p><strong>Gece vardiyas\u0131n\u0131n da ekstra zorluklar\u0131 var. Bir arkada\u015f\u0131n\u0131z, gece vardiyas\u0131 \u00e7\u0131k\u0131\u015f\u0131 bir sonraki vardiyaya kadar sizi 1 saat d\u0131\u015far\u0131da beklettiklerinden bahsetmi\u015fti.<\/strong><\/p>\n\n\n\n<p><strong>\u015eerife:<\/strong> Evet, 7\u2019de \u00e7\u0131k\u0131yorsun d\u0131\u015far\u0131da servis bekliyorsun. \u00c7\u00fcnk\u00fc \u00f6b\u00fcr servis \u00fcretimi al\u0131yor. \u00dcretim 8\u2019de ba\u015fl\u0131yor bizim. O y\u00fczden onlar gelene kadar biz d\u0131\u015far\u0131da bekliyorduk. O da bordroya yans\u0131m\u0131yordu.<\/p>\n\n\n\n<p><strong>Direni\u015fin ilk g\u00fcn\u00fcnden bug\u00fcne hayat\u0131n\u0131zda ne de\u011fi\u015fiklikler oldu<\/strong><strong>? <\/strong><strong>\u00d6zellikle evli, \u00e7ocuklu olanlar i\u00e7in. Ger\u00e7i sizin e\u015finiz destekliyormu\u015f ama bu her zaman olmayabiliyor. Hatta hat\u0131rl\u0131yorum, bir abla bana demi\u015fti \u201cKocam istemiyor ama ben yine de gelece\u011fim.\u201d<\/strong><\/p>\n\n\n\n<p><strong>G\u00fclhan:<\/strong> Trakya&#8217;n\u0131n insan\u0131 b\u00f6yle bir \u015fey g\u00f6rmemi\u015f bu \u00c7atalca civar\u0131nda. Kim sendikal\u0131 oldu desen, fabrikan\u0131n bir iki tanesi olmu\u015ftur, o da iki g\u00fcn s\u00fcrm\u00fc\u015ft\u00fcr, olay bitmi\u015ftir. Yani bu \u00e7evre insan\u0131 zaten \u00e7ok uzak, o y\u00fczden de \u00c7atalca civar\u0131ndan pek destek alm\u0131yoruz. \u015eunu s\u00f6yleyeyim yani, benim k\u00f6y\u00fcmden ka\u00e7 ki\u015fi gelmi\u015ftir? Toplasan iki \u00fc\u00e7 ki\u015fi gelmi\u015ftir, ba\u015fkas\u0131n\u0131n k\u00f6y\u00fcnden de iki \u00fc\u00e7 ki\u015fi gelmi\u015ftir. \u00c7\u00fcnk\u00fc bu \u00e7evredeki insanlar sendikala\u015fma, hak arama diye bir \u015fey g\u00f6rmemi\u015fler. Her \u015feye boyun e\u011fmi\u015fler. Bu i\u00e7eridekiler bizim de boyun e\u011fece\u011fimizi sand\u0131lar. \u015eoka u\u011frad\u0131lar zaten, iki g\u00fcnde bunlar nas\u0131l sendikala\u015ft\u0131, nas\u0131l \u00e7\u0131kt\u0131 d\u0131\u015far\u0131 diye&#8230;<\/p>\n\n\n\n<p>E\u015fime gelince, e\u015fim ba\u015fta dedi\u011fim gibi b\u00f6yle \u015feyler uzak oldu\u011fu i\u00e7in, i\u015fte \u201cNe i\u015fin var, haksa bo\u015fver kals\u0131n orada. Onlara haram olsun senin hakk\u0131n,\u201d dedi. \u201cGitme, \u00e7olu\u011funa \u00e7ocu\u011funa bak bundan sonra,\u201d dedi. Ama bu m\u00fccadele hepimizin m\u00fccadelesi. Biz bu fabrikaya \u00e7ok emek veren insanlar\u0131z. Biz orada yiyecek \u00fcretiyoruz, her \u015feyin d\u00f6rt d\u00f6rtl\u00fck olmas\u0131 gerekiyor. Ama i\u015fte bir gecede bir SMS ile b\u00fct\u00fcn eme\u011fimizi g\u00f6z ard\u0131 ederek \u00e7\u0131kard\u0131lar bizi. \u201cBu bana bu kadar emek verdi. Yeri geldi usta yoktu makineyi sen \u00e7al\u0131\u015ft\u0131rd\u0131n, y\u00fcr\u00fctt\u00fcn,\u201d demediler. Yeri gelirdi gece vardiyalar\u0131nda usta bulamazd\u0131k, makineyle biz ilgilenirdik. \u00c7\u00fcnk\u00fc b\u00fct\u00fcn makineleri biliyorduk, \u00f6\u011frenmi\u015ftik yani. Ki bize e\u011fitim verilen bir fabrika de\u011fil buras\u0131. Sen bir makineye ge\u00e7iyorsun ama seni kendi haline b\u0131rak\u0131yor, kendi \u00e7abalar\u0131nla \u00f6\u011freniyorsun. Benim makine, Multivac makinesi, en h\u0131zl\u0131 makine. Beni verdi oraya \u201cYapacaks\u0131n,\u201d dedi. \u201cBen bilmiyorum, neyi yapaca\u011f\u0131m ben, bilgisayarl\u0131 makine sonu\u00e7ta,\u201d dedim, \u201c\u00d6\u011freneceksin\u201d dedi bana, bu kadar. Hani bir ay e\u011fitim verirsin, makineyi verirsin eline i\u015f\u00e7inin. \u00d6yle bir \u015fey yok yani. B\u0131\u00e7akl\u0131 makine, sen dikkat etmezsen yand\u0131n.<\/p>\n\n\n\n<blockquote class=\"wp-block-quote is-layout-flow wp-block-quote-is-layout-flow\"><\/blockquote>\n\n\n\n<blockquote class=\"wp-block-quote is-layout-flow wp-block-quote-is-layout-flow\">\n<p>&#8220;B\u00fct\u00fcn erkekler diyor ki &#8216;Biz kad\u0131nlardan bu kadar cesaret beklemiyorduk, bizden daha cesaretliymi\u015f kad\u0131nlar.'&#8221;<\/p>\n<\/blockquote>\n\n\n\n<p><strong>\u0130\u015f g\u00fcvenli\u011fi tehdidi bu asl\u0131nda\u2026<\/strong><\/p>\n\n\n\n<p><strong>Sevilay:<\/strong> Ben bir gece anahtarla b\u0131\u00e7a\u011f\u0131 s\u00f6kerken yanl\u0131\u015fl\u0131kla anahtar ka\u00e7t\u0131, b\u0131\u00e7ak pasl\u0131ym\u0131\u015f, aln\u0131m\u0131 yard\u0131m. \u0130\u00e7eri girdim ve bana dendi ki \u201cHastaneye gitti\u011fin zaman i\u015f kazas\u0131 demeyeceksin. \u2018Kendim yapt\u0131m, evde d\u00fc\u015ft\u00fcm merdivenden, aln\u0131m\u0131 patlatt\u0131m\u2019 diyeceksin,\u201d dediler. Ben de ne diyorum bu saatten sonra? E\u011fer ben d\u0131\u015far\u0131daysam, ben ekmek yemeyeceksem onlar da i\u00e7eride ekmek yemeyecek. Bana ekmek yoksa onlara da ekmek yok. E\u011fer beni i\u00e7eri almayacaksa ben de burada elimden geleni ard\u0131ma koymayaca\u011f\u0131m.<\/p>\n\n\n\n<p><strong>\u015eerife:<\/strong> Bence bast\u0131r\u0131lmak daha k\u00f6t\u00fc bir \u015fey. Yani \u015fu anda \u00f6zg\u00fcrl\u00fc\u011f\u00fcm\u00fcze kavu\u015ftuk. Hakl\u0131y\u0131z ve onu savunuyoruz ya, o daha bir huzur veriyor insanlara. \u00c7\u00fcnk\u00fc sadece kendimizi de\u011fil, b\u00fct\u00fcn i\u015f\u00e7i kesimini savunmu\u015f oluyoruz biz burada. O\u011flum da burada \u00e7al\u0131\u015f\u0131yordu benim. O\u011flum benim dayanamad\u0131 mesailerine, pazar g\u00fcnlerine\u2026 K\u0131z arkada\u015f\u0131 var, bulu\u015fam\u0131yor. Paras\u0131na bak\u0131yor, \u201cHer g\u00fcn buraday\u0131m, kazand\u0131\u011f\u0131m\u0131z bir \u015fey yok anne,\u201d diyor. \u015eimdi ben o\u011flumu gene sokaca\u011f\u0131m buraya. Ama sendikal\u0131 olursa g\u00fcle oynaya sokaca\u011f\u0131m. \u00c7ocuklar\u0131m\u0131za da torunlar\u0131m\u0131za da iyi bir \u00f6rnek olacak bu e\u011fer ba\u015far\u0131rsak, kazan\u0131rsak. Ba\u015fka yolu yok. O y\u00fczden severek isteyerek geliyoruz buraya. Hani evde i\u015fimiz de kalsa\u2026 O\u011flum diyor bana ge\u00e7enlerde -bizim bayramlarda yapt\u0131\u011f\u0131m\u0131z bir pastam\u0131z var- \u201cAnne,\u201d diyor, \u201cYa yeter, pastanede bulsam mutlaka alaca\u011f\u0131m ama yok&#8230; Bir s\u00fcr\u00fc pasta var. Ama o tat o lezzet yok. Yapsana anne.\u201d E gece 10\u2019da gidiyoruz bazen. Vakit olmuyor yani, o da yar\u0131m g\u00fcnl\u00fck i\u015f mesela. \u00c7ocuklar o y\u00f6nden biraz \u015fik\u00e2yet\u00e7i. Ama yapacak bir \u015fey yok. Biz seve seve geliyoruz. \u00c7ocuklar\u0131m\u0131z\u0131 da ihmal etsek geliyoruz. Yapt\u0131\u011f\u0131m\u0131z m\u00fccadele hakl\u0131 bir m\u00fccadele. Hepimize yarayacak bir m\u00fccadele. Bu fabrika kazan\u0131rsa yar\u0131n bir g\u00fcn \u00f6b\u00fcr fabrika da \u00e7\u0131kmaya kalkacak cesaretlenip. Oradaki i\u015f\u00e7iler de yararlanm\u0131\u015f olacak. Yani i\u00e7ime siniyor yapt\u0131\u011f\u0131m\u0131z i\u015f.<\/p>\n\n\n\n<p><strong>Sevilay:<\/strong> Bu m\u00fccadele bizim \u00e7ocuklar\u0131m\u0131z i\u00e7in. Biz kendimizi ge\u00e7tik hadi. Biz gelece\u011fimiz i\u00e7in buraday\u0131z. Hani biz art\u0131k deriz ki ne olduk, ne olaca\u011f\u0131z ama evlatlar\u0131m\u0131z rahat ya\u015fas\u0131n. Huzurlu \u015fekilde ya\u015fas\u0131nlar. Biz burada karde\u015f olduk, bir aile olduk. Gelen b\u00fct\u00fcn partilerden de t\u00fcm destek\u00e7ilerimizden de Allah raz\u0131 olsun bizi yaln\u0131z b\u0131rakmad\u0131klar\u0131 i\u00e7in, bizi destekledikleri i\u00e7in. Sesimizi T\u00fcrkiye duydu bizim. Duyurmaya da devam edece\u011fiz. M\u00fccadelemize devam edece\u011fiz.<\/p>\n\n\n\n<p><strong>\u015eerife:<\/strong> B\u00fct\u00fcn erkekler diyor ki \u201cBiz kad\u0131nlardan bu kadar cesaret beklemiyorduk, bizden daha cesaretliymi\u015f kad\u0131nlar.\u201d \u00dcretim hatt\u0131n\u0131 fazla g\u00f6rm\u00fcyorduk, bir sigara molalar\u0131nda bir de yemek aralar\u0131nda, o da gelip ge\u00e7erken yani muhabbetimiz yoktu. Ama \u015fimdi herkes birbirini tan\u0131yor. \u201cVay be,\u201d diyorlar, \u201cBiz kad\u0131nlar\u0131n b\u00f6yle oldu\u011funu ke\u015fke bilseydik daha \u00f6nce ba\u015flard\u0131k.\u201d<\/p>\n\n\n\n<p>Buradaki elemanlar gibi de hi\u00e7bir fabrika eleman bulamaz. Bir palet fazla yapal\u0131m diye kendimizi y\u0131rtar \u00f6b\u00fcr vardiyayla inatla\u015f\u0131rd\u0131k. Biz i\u00e7eride de aile gibiydik. Birbirimize de k\u0131yamad\u0131k. Bana yap\u0131lsayd\u0131 da arkada\u015f\u0131ma yap\u0131lmasayd\u0131 dedi\u011fimiz g\u00fcnler oldu yani. Birbirimizin g\u00f6zlerine bakard\u0131k, ne demek istedi\u011fimizi anlard\u0131k, hani seslerden duyulmad\u0131\u011f\u0131 zaman mesela. Ben ustam\u0131n \u201c\u015euraya ge\u00e7\u201d dedi\u011fini bilmem. Nerede i\u015f var bilirdik. Nerede eksiklik var bilirdik, s\u00f6ylenmeden ge\u00e7er ba\u015flard\u0131k. Zaten o y\u00fczden hepimizin g\u00fcc\u00fcne gitti. O y\u00fczden bu kadar azmettik ve m\u00fccadeleyi devam ettirmeye \u00e7al\u0131\u015f\u0131yoruz. Yoksa herkes i\u015fine bakard\u0131. Aman buras\u0131 m\u0131 var bir tek? 17 bin liray\u0131 ben orada da kazan\u0131r\u0131m, burada da kazan\u0131r\u0131m. Her yerde kazan\u0131r\u0131m. Ama mesele sendikal\u0131 olarak girebilmek arkada\u015flar\u0131m\u0131zla birlikte, \u00f6nemli olan o.<\/p>\n\n\n\n<p><strong>G\u00fclhan:<\/strong> Ben \u00e7ok i\u015ften \u00e7\u0131kmaya karar verdim. Bir y\u0131l boyunca \u00e7\u0131kaca\u011f\u0131m dedim. \u201cBuras\u0131 bana g\u00f6re de\u011fil. S\u00fcrekli haks\u0131zl\u0131k olan bir yer. So\u011fu\u011funa katlanam\u0131yorum,\u201d dedim. \u0130nsanlar\u0131na katlanam\u0131yorsun yeri geliyor. Yap\u0131yorsun i\u015fini, en b\u00fcy\u00fck ustam\u0131z diyeyim, hi\u00e7bir \u015fey bulamasa bile gelip diyor ki \u201cO pe\u00e7ete niye orada? O dezenfektan niye orada?\u201d Psikolojik olarak \u00e7\u00f6kertecek ya\u2026 Mobbing uyguluyor yani akl\u0131nca. Bir y\u0131l boyunca \u00e7\u0131kaca\u011f\u0131m demi\u015ftim ger\u00e7ekten. Arkada\u015f\u0131m hep dedi, \u201cD\u00fczelir, d\u00fczelir, d\u00fczelir\u2026\u201d<\/p>\n\n\n\n<p>(G\u00fcl\u00fc\u015fmeler)<\/p>\n\n\n\n<p><strong>\u015eerife:<\/strong> Bu bana sonra s\u00f6ylendi. \u201cBen \u00e7\u0131kacakt\u0131m sen beni niye engelledin?\u201d diye\u2026<\/p>\n\n\n\n<p><strong>G\u00fclhan:<\/strong> En sonunda dedim \u201cBir gecede sendikala\u015fal\u0131m da, olmasa bile \u015fan\u0131m\u0131z y\u00fcr\u00fcr, nam\u0131m\u0131z y\u00fcr\u00fcr.\u201d<\/p>\n\n\n\n<blockquote class=\"wp-block-quote is-layout-flow wp-block-quote-is-layout-flow\">\n<p>&#8220;Anayasan\u0131n 51. maddesi diyor, sendikal\u0131 olabilir i\u015f\u00e7iler. Oraya bir tane de parantez a\u00e7s\u0131nlar bence &#8216;\u0130\u015ften at\u0131labilirsiniz,&#8217; diye\u2026&#8221;<\/p>\n<\/blockquote>\n\n\n\n<p><strong>Siz ilk sendikal\u0131 olanlardan m\u0131s\u0131n\u0131z?<\/strong><\/p>\n\n\n\n<p><strong>\u015eerife:<\/strong> Biz hepimiz ayn\u0131 gecede olduk. Hi\u00e7 bilmiyorduk b\u00f6yle bir \u015fey, ba\u015f\u0131m\u0131za gelmedi. Grev duyard\u0131m ama peki ilgimi \u00e7ekmezdi. \u0130lgi alan\u0131m de\u011fildi demek ki. Benim e\u015fim y\u00fczde 80 engelli. Kaza ge\u00e7irdik, fel\u00e7 oldu 2015&#8217;te. Hani onun m\u00fccadelesi, kafa dolu zaten, iki tane \u00e7ocuk\u2026 O zamanlar liseye gidiyordu \u00e7ocuklar\u0131m. \u015eu anda biri 23, biri 24 ya\u015f\u0131nda. Ben ne diyeyim sana, be\u015f alt\u0131 senedir televizyona bile bakan bir insan de\u011filim. Grevdir, odur budur. Sendika\u2026 Burada tan\u0131d\u0131k, burada \u00f6\u011frendik.<\/p>\n\n\n\n<p><strong>G\u00fclhan:<\/strong> Televizyona bak\u0131nca diyorduk ki \u201cNiye \u00e7\u0131k\u0131yor bu insanlar soka\u011fa?\u201d Ama i\u015fin i\u00e7ine girince \u00f6yle de\u011filmi\u015f. Ben \u00e7ok beklerdim biliyor musunuz? \u015eimdi \u00c7atalca b\u00f6lgesi, sanayi b\u00f6lgesi. Serbest b\u00f6lge diye bir b\u00f6lge var orada. \u00c7ok fabrikam\u0131z var. Burada da bir fabrika var ve \u00e7al\u0131\u015fanlar var. Oradaki i\u015f\u00e7ilerin gruplar halinde buraya gelmelerini \u00e7ok isterdim. Sonu\u00e7ta burada kimse nerede \u00e7al\u0131\u015ft\u0131\u011f\u0131n\u0131 sormuyor. Kimlik sormuyor. Yar\u0131n \u00f6b\u00fcr g\u00fcn bizim de ba\u015f\u0131m\u0131za gelebilir diye buraya gelebilirlerdi. \u00c7\u00fcnk\u00fc bu civarda hi\u00e7 sendikal\u0131 fabrika yok. Sen hangi fabrikada \u00e7al\u0131\u015f\u0131yor olursan ol. Sonu\u00e7ta \u201cBen de bir i\u015f\u00e7iyim. Size deste\u011fe geldim. Arkan\u0131zday\u0131m,\u201d diyebilirler. Bir gece olay oldu bizim burada. Birka\u00e7 arkada\u015f\u0131m\u0131z\u0131n kemi\u011fi falan k\u0131r\u0131ld\u0131, kolu k\u0131r\u0131ld\u0131 o gece. \u00c7ok \u00e7a\u011fr\u0131 yapt\u0131 ba\u015fkan\u0131m\u0131z \u00c7atalca b\u00f6lgesine. Ben \u00e7ok isterdim fabrikalardan gelip eyleme destek olmalar\u0131n\u0131. Ama insan ba\u015f\u0131na gelince \u00f6\u011freniyor, onlar\u0131n in\u015fallah daha kolay bir \u015fekilde ba\u015flar\u0131na gelsin. Bizimki gibi gelmesin.<\/p>\n\n\n\n<p><strong>\u015eerife:<\/strong> Mesela \u015fimdi \u00c7atalca&#8217;dan gelirken \u201cNe olacak ki sonu\u00e7? Sonu\u00e7 ne olabilir ki?\u201d dediler. \u201cE baksan\u0131za siz i\u015finize,\u201d diyen \u00fc\u00e7 ki\u015fi denk geldi bana bug\u00fcn bile. Yani \u201cO kadar g\u00fczel bir yer miydi ki vazge\u00e7emiyorsunuz?\u201d diyenler bile oldu. Vazge\u00e7me meselesi de\u011fil ki. B\u00fct\u00fcn i\u015f\u00e7i kesiminin meselesi asl\u0131nda bu. Bunu anlayabilseler. Bak\u0131yorum etrafta hi\u00e7 patron yok. Hepsi i\u015f\u00e7i kesimi ki. Patron binde bir yani. Ama i\u015f\u00e7i kesimi her tarafta. Bug\u00fcn i\u015fte \u015fu polar\u0131 ald\u0131m. Orada bile anlatt\u0131m durumumuzu \u201cSen de bir i\u015f\u00e7isin,\u201d dedim, \u201cSen dayanabilir misin b\u00f6yle mobbinglere?\u201d \u201cHakl\u0131s\u0131n\u0131z abla ama sonunuz iyi de\u011fil,\u201d dedi. \u201cSize de yaz\u0131k olur,\u201d diyor. G\u00f6r\u00fc\u015f a\u00e7\u0131s\u0131 \u00e7ok farkl\u0131. Biz i\u00e7indeyiz \u015fu anda, biz biliyoruz. \u0130n\u015fallah herkes de anlar. Yar\u0131n birken bin oluruz. \u00d6nemli olan o. Birken bin olmak.<\/p>\n\n\n\n<p><strong>G\u00fclhan:<\/strong> \u0130\u015f\u00e7iler susturulduk\u00e7a patronlar s\u00fcrekli para kazanacak bizim s\u0131rt\u0131m\u0131zdan.<\/p>\n\n\n\n<p><strong>\u015eerife:<\/strong> Biz d\u00fc\u015ft\u00fck\u00e7e d\u00fc\u015fece\u011fiz, onlar y\u00fckseldik\u00e7e y\u00fckselecek yani.<\/p>\n\n\n\n<p><strong>G\u00fclhan:<\/strong> 74 g\u00fcn m\u00fc oldu bug\u00fcn \u00e7\u0131kt\u0131k d\u0131\u015far\u0131? \u015eu fabrikan\u0131n yapt\u0131\u011f\u0131 masrafa, getirisine g\u00f6t\u00fcr\u00fcs\u00fcne \u015f\u00f6yle bir bak\u0131yorsun, ona buna para yedirmesi, arkadan yol yapmas\u0131, bu kadar \u00f6zen g\u00f6stermesi, d\u0131\u015far\u0131 kar\u015f\u0131 kendine kaleden duvar yapmas\u0131. Yani bunlara ne gerek var? Sen benim hakk\u0131m\u0131 verseydin, arkada\u015f\u0131m\u0131n hakk\u0131n\u0131 verseydin biz zaten orada topu topu 300 ki\u015fi \u00e7al\u0131\u015f\u0131yoruz, sana ne kadar vurgun yapabilir ki?<\/p>\n\n\n\n<p><strong>G\u00fclhan:<\/strong> O k\u00fc\u00e7\u00fck \u201ca\u00e7-bitir\u201dler var ya 50 gram 60 gram, benim makinemde \u00e7\u0131k\u0131yordu onlar. Makine salam \u00fcretmiyordu. Para bas\u0131yordu. O kadar s\u00f6yleyeyim. \u00d6ndeki kolileme operat\u00f6rleri art\u0131k benden \u015fik\u00e2yet\u00e7iydi yani. Birbirimizle bir de kap\u0131\u015f\u0131yorduk biliyor musunuz?<\/p>\n\n\n\n<p><strong>\u015eerife:<\/strong> Bir palette 580 koli var, yani tane de\u011fil. Bir kolide 12 tane var. Ve d\u00fc\u015f\u00fcn 8 palete yak\u0131n mal\u0131 \u00e7\u0131kart\u0131yorduk. Bir vardiyada. 8 saat boyunca.<\/p>\n\n\n\n<p><strong>G\u00fclhan:<\/strong> Bak biz kankiyiz, yedi\u011fimiz i\u00e7ti\u011fimiz ayr\u0131 gitmez. Ama \u015f\u00f6yle bir \u015fey var. A\u015fa\u011f\u0131da birbirimizi tan\u0131m\u0131yoruz. Sadece i\u015f var bize.<\/p>\n\n\n\n<p><strong>\u015eerife:<\/strong> Bizim birbirimizi bir saat bile g\u00f6rd\u00fc\u011f\u00fcm\u00fcz olmaz a\u015fa\u011f\u0131da. Yemek molalar\u0131nda birbirimize bakar\u0131z, hani makinelerimiz bir mi kapan\u0131yor? Ayn\u0131 anda \u00e7\u0131kabilecek miyiz yemek molas\u0131na? \u00d6yleydik. Biz ikimiz ayn\u0131 g\u00fcn girdik i\u015fe. O g\u00fcn bug\u00fcnd\u00fcr de beraberiz.<\/p>\n\n\n\n<p><strong>G\u00fclhan:<\/strong> Ke\u015fke b\u00f6yle olmasayd\u0131 ya. Hani sendika bu kadar k\u00f6t\u00fc bir \u015fey mi ya? H\u00e2l\u00e2 anlam veremiyorum. Yani bir insan\u0131n hakk\u0131n\u0131 aramas\u0131n\u0131n bu kadar k\u00f6t\u00fc bir \u015fey olmamas\u0131 gerekiyor. B\u00fct\u00fcn patronlar toplans\u0131n, g\u00fcc\u00fc yetiyorsa kald\u0131rs\u0131n bu anayasay\u0131 o zaman. \u0130\u015f\u00e7inin umudu olmas\u0131n.<\/p>\n\n\n\n<p><strong>\u015eerife:<\/strong> Koymas\u0131nlar ki biz de ona umut ba\u011flamayal\u0131m.<\/p>\n\n\n\n<p><strong>G\u00fclhan:<\/strong> Ya da o anayasa maddesinin alt\u0131na parantez a\u00e7s\u0131nlar \u201cE\u011fer ki sendikaya \u00fcye olursan\u0131z sizi i\u015ften \u00e7\u0131kar\u0131r\u0131z,\u201d diye. Anayasan\u0131n 51. maddesi diyor, sendikal\u0131 olabilir i\u015f\u00e7iler. Oraya bir tane de parantez a\u00e7s\u0131nlar bence \u201c\u0130\u015ften at\u0131labilirsiniz,\u201d diye\u2026 Ve de \u201c46. Koddan,\u201d diye eklesinler bence. Sen sendikal\u0131 olacaks\u0131n ama, hani bunu g\u00f6ze al\u0131yorsan\u2026<\/p>\n\n\n\n<p><strong>\u015eerife:<\/strong> Bu i\u015f\u00e7inin hakk\u0131d\u0131r diyorsun ve patron i\u015f\u00e7iyi i\u015ften \u00e7\u0131kard\u0131\u011f\u0131 zaman i\u015f\u00e7iyi savunam\u0131yorsun. B\u00f6yle bir anayasa olmaz yani. Olmamas\u0131 gerekiyor. Kald\u0131racaks\u0131n o zaman ya da ne bileyim koyduysan da patron i\u015ften \u00e7\u0131kard\u0131\u011f\u0131 zaman anayasan\u0131 uygulatacaks\u0131n.<\/p>\n\n\n<div class=\"wp-block-image\">\n<figure class=\"aligncenter size-large is-resized\"><img loading=\"lazy\" decoding=\"async\" width=\"1024\" height=\"576\" src=\"https:\/\/www.kadindayanismasi.net\/wp-content\/uploads\/2024\/10\/GXNlSCgXgAAGflT-1024x576.jpg\" alt=\"\" class=\"wp-image-2886\" style=\"width:602px;height:auto\" srcset=\"https:\/\/www.kadindayanismasi.net\/wp-content\/uploads\/2024\/10\/GXNlSCgXgAAGflT-1024x576.jpg 1024w, https:\/\/www.kadindayanismasi.net\/wp-content\/uploads\/2024\/10\/GXNlSCgXgAAGflT-300x169.jpg 300w, https:\/\/www.kadindayanismasi.net\/wp-content\/uploads\/2024\/10\/GXNlSCgXgAAGflT-768x432.jpg 768w, https:\/\/www.kadindayanismasi.net\/wp-content\/uploads\/2024\/10\/GXNlSCgXgAAGflT-750x422.jpg 750w, https:\/\/www.kadindayanismasi.net\/wp-content\/uploads\/2024\/10\/GXNlSCgXgAAGflT-1140x641.jpg 1140w, https:\/\/www.kadindayanismasi.net\/wp-content\/uploads\/2024\/10\/GXNlSCgXgAAGflT.jpg 1280w\" sizes=\"auto, (max-width: 1024px) 100vw, 1024px\" \/><\/figure><\/div>\n\n\n<p><strong>Aksine yasalar patronlar\u0131n o kadar \u00e7ok lehine ki i\u015f<\/strong><strong>ten <\/strong><strong>\u00e7\u0131karmas\u0131nda dert yok, sendikaya kar\u015f\u0131 \u00e7\u0131kmas\u0131nda dert yok. Yani kafalar\u0131 rahat hakikaten\u2026 Sen \u00e7ok hakl\u0131 bir \u015fekilde kinayeli s\u00f6yl\u00fcyorsun G\u00fclhan ama anayasan\u0131n da hakikaten bizim, emek\u00e7ilerin yarar\u0131<\/strong><strong>na de<\/strong><strong>\u011fi\u015fmesi gerekiyor\u2026<\/strong><\/p>\n\n\n\n<p><strong>G\u00fclhan:<\/strong> Evet\u2026 Ya emek\u00e7i, her \u015feyi \u00fcreten emek\u00e7i ya. Bunu bir i\u015f\u00e7i yapt\u0131. Bu \u00f6nl\u00fc\u011f\u00fcm\u00fcz\u00fc de bir i\u015f\u00e7i yapt\u0131. Ayakkab\u0131m\u0131z\u0131 da bir i\u015f\u00e7i yapt\u0131. Yani her \u015feyde bir i\u015f\u00e7inin eme\u011fi var. Bunu nas\u0131l g\u00f6z ard\u0131 edebiliyorlar? Ben anlayam\u0131yorum. Bizim sendika ba\u015fkan\u0131n\u0131n hep s\u00f6yledi\u011fi bir \u015fey var. \u201cBiz fabrikan\u0131za ortak olmak istemiyoruz.\u201d Sanki biz onlar\u0131n fabrikas\u0131na ortak olmaya \u00e7al\u0131\u015ft\u0131k\u2026 Bize verece\u011fi sendikal hakk\u0131m\u0131z nedir yani? Bana diyor ki m\u00fcd\u00fcr\u00fcm\u00fcz \u201cEnflasyon bu sene \u00e7ok y\u00fcksek, size 300\u2019er lira zam yapt\u0131k.\u201d Ben de dedim ki \u201cM\u00fcd\u00fcr\u00fcm, ben b\u00fct\u00fcn g\u00fcn \u0131slan\u0131yorum, benim \u00e7al\u0131\u015fma \u015fart\u0131m a\u011f\u0131r. Ben g\u00fcnde 2-3 ton mal at\u0131yorum kad\u0131n halimle.\u201d<\/p>\n\n\n\n<p><strong>Fiziksel olarak da yorucu bir i\u015f yani\u2026<\/strong><\/p>\n\n\n\n<p><strong>G\u00fclhan:<\/strong> Kollar\u0131m d\u00fc\u015ferdi art\u0131k yere. Bir de d\u00f6n\u00fcyorsun \u00fcr\u00fcn de\u011fi\u015ftik\u00e7e danadan, at\u0131yorum, hindiye ge\u00e7iyorsun. Makineyi komple y\u0131kayacaks\u0131n. Ka\u00e7 tur? Be\u015f tur. \u0130lk temizli\u011fini, sonra k\u00f6p\u00fc\u011f\u00fcn\u00fc, sonra yine bir durulama, sonra dezenfektan, yine bir durulama. Makineler bu \u015fekilde y\u0131kan\u0131yor. Yine tekrardan makineni kurut, sonra tekrar o mallar\u0131 koy. Yani buna can dayanmaz. \u201c300 lira zam yapt\u0131m,\u201d dedi bana ya. \u201cYapmay\u0131n m\u00fcd\u00fcr\u00fcm,\u201d dedim, \u201cburada bir \u015fey olsa bana, taksi tutsam 300 lira zaten\u2026\u201d<\/p>\n\n\n\n<p><strong>\u015eerife:<\/strong> Gene 16.900 TL alm\u0131\u015ft\u0131k. Arife g\u00fcn\u00fc mesaim de var i\u00e7inde. Hi\u00e7 gelmemi\u015fli\u011fim yok, 16.900 TL ald\u0131m.<\/p>\n\n\n\n<p><strong>G\u00fclhan:<\/strong> Bir kere de ba\u015f\u0131ma ne geldi? Oturuyoruz b\u00f6yle moladay\u0131z. Kar\u015f\u0131m\u0131zda da yevmiyeciler, pazar g\u00fcn\u00fc. 14-22 \u00e7al\u0131\u015f\u0131yorduk. Sabah da 5.30\u2019da kalk\u0131p buraya i\u015fe gelece\u011fiz. Kar\u015f\u0131mda demez mi \u201cBen 1500 liraya geliyorum, ayda d\u00f6rt pazar \u00e7al\u0131\u015fsam 6 bin,\u201d dedi. Ben d\u00f6rt pazar \u00e7al\u0131\u015f\u0131yorum, toplamda 17-18 bini zor g\u00f6r\u00fcyorum. Var ya, dedim, ben burada niye duruyorum ya? Bu haks\u0131zl\u0131k de\u011fil mi? Ben senin kadrolu i\u015f\u00e7inim, kalifiye eleman\u0131n\u0131m. Bana 1500 liray\u0131 lay\u0131k g\u00f6rmeyeceksin\u2026 \u00d6yle bir zoruma gitti ki o g\u00fcn. Lanet olsun dedim yani. Biz bir g\u00f6z kalemi s\u00fcrsek laf s\u00f6ylerlerdi, \u015fimdi fasoncular makyajla geliyor. O \u015fekilde \u00fcretime girecekler\u2026 Nerede hijyen? Biz burada fasonlar\u0131 i\u00e7eri sokmayal\u0131m dedik. \u015eurada yolu kapatt\u0131k ilk zaman. Ondan sonra da bir g\u00fczel biber gaz\u0131 falan yedik zaten. \u201cGidin mahkemelerde anlat\u0131n, gidin patronlar\u0131m\u0131zla konu\u015fun. Bizimle ne alakas\u0131 var?\u201d dediler. Sen de i\u015f\u00e7isin ya\u2026<\/p>\n\n\n\n<p><strong>A\u011fz\u0131n\u0131za sa\u011fl\u0131k \u00e7ok te\u015fekk\u00fcr ederim. Siz bu m\u00fccadelenin ba\u015f\u0131n\u0131 \u00e7eken kad\u0131nlar olarak hem umut hem ilham veriyorsunuz. O y\u00fczden buraya gelip sizi dinlemek, sizinle vakit ge\u00e7irmek bizim i\u00e7in de \u00e7ok k\u0131ymetli.<\/strong><\/p>\n","protected":false},"excerpt":{"rendered":"<p>Polonez fabrikas\u0131nda fazla mesai, d\u00fc\u015f\u00fck maa\u015flar, k\u00f6t\u00fc \u00e7al\u0131\u015fma ko\u015fullar\u0131 ve kad\u0131n i\u015f\u00e7ilere y\u00f6nelik a\u015fa\u011f\u0131lay\u0131c\u0131 tav\u0131rlar sebebiyle Tekg\u0131da-\u0130\u015f Sendikas\u0131&#8217;na \u00fcye olmaya karar veren i\u015f\u00e7iler, bir gecede 360 i\u015f\u00e7inin yakla\u015f\u0131k 280\u2019ini \u00f6rg\u00fctlemi\u015f, akabinde 13 ki\u015fi i\u015ften at\u0131lm\u0131\u015ft\u0131. Fabrika i\u00e7inde i\u015f yava\u015flatma-i\u015f durdurma eylemleri s\u00fcrerken 100\u2019\u00fcn \u00fczerinde i\u015f\u00e7i daha i\u015ften at\u0131lm\u0131\u015f, fabrika \u00f6n\u00fcnde direni\u015fe ba\u015flam\u0131\u015ft\u0131. \u00c7o\u011funlu\u011fu kad\u0131nlardan olu\u015fan [&hellip;]<\/p>\n","protected":false},"author":4,"featured_media":2879,"comment_status":"closed","ping_status":"closed","sticky":false,"template":"","format":"standard","meta":{"footnotes":""},"categories":[126,100],"tags":[106,171,343,101],"class_list":["post-2872","post","type-post","status-publish","format-standard","has-post-thumbnail","hentry","category-politika","category-soylesi","tag-kadin-emegi","tag-kadin-isci","tag-polonez","tag-sendikal-mucadele"],"_links":{"self":[{"href":"https:\/\/www.kadindayanismasi.net\/index.php\/wp-json\/wp\/v2\/posts\/2872","targetHints":{"allow":["GET"]}}],"collection":[{"href":"https:\/\/www.kadindayanismasi.net\/index.php\/wp-json\/wp\/v2\/posts"}],"about":[{"href":"https:\/\/www.kadindayanismasi.net\/index.php\/wp-json\/wp\/v2\/types\/post"}],"author":[{"embeddable":true,"href":"https:\/\/www.kadindayanismasi.net\/index.php\/wp-json\/wp\/v2\/users\/4"}],"replies":[{"embeddable":true,"href":"https:\/\/www.kadindayanismasi.net\/index.php\/wp-json\/wp\/v2\/comments?post=2872"}],"version-history":[{"count":10,"href":"https:\/\/www.kadindayanismasi.net\/index.php\/wp-json\/wp\/v2\/posts\/2872\/revisions"}],"predecessor-version":[{"id":2887,"href":"https:\/\/www.kadindayanismasi.net\/index.php\/wp-json\/wp\/v2\/posts\/2872\/revisions\/2887"}],"wp:featuredmedia":[{"embeddable":true,"href":"https:\/\/www.kadindayanismasi.net\/index.php\/wp-json\/wp\/v2\/media\/2879"}],"wp:attachment":[{"href":"https:\/\/www.kadindayanismasi.net\/index.php\/wp-json\/wp\/v2\/media?parent=2872"}],"wp:term":[{"taxonomy":"category","embeddable":true,"href":"https:\/\/www.kadindayanismasi.net\/index.php\/wp-json\/wp\/v2\/categories?post=2872"},{"taxonomy":"post_tag","embeddable":true,"href":"https:\/\/www.kadindayanismasi.net\/index.php\/wp-json\/wp\/v2\/tags?post=2872"}],"curies":[{"name":"wp","href":"https:\/\/api.w.org\/{rel}","templated":true}]}}