{"id":2973,"date":"2024-12-25T10:59:21","date_gmt":"2024-12-25T07:59:21","guid":{"rendered":"https:\/\/www.kadindayanismasi.net\/?p=2973"},"modified":"2024-12-25T10:59:22","modified_gmt":"2024-12-25T07:59:22","slug":"kadinlar-olduruluyor-katilleri-taniyoruz","status":"publish","type":"post","link":"https:\/\/www.kadindayanismasi.net\/index.php\/2024\/12\/25\/kadinlar-olduruluyor-katilleri-taniyoruz\/","title":{"rendered":"Kad\u0131nlar \u00f6ld\u00fcr\u00fcl\u00fcyor! Katilleri tan\u0131yoruz!"},"content":{"rendered":"\r\n<p>2024 y\u0131l\u0131n\u0131n Kas\u0131m ay\u0131na kadar 425 kad\u0131n katledildi. Kimi zaman haber de\u011feri dahi ta\u015f\u0131yamayan bu cinayetlerde \u00f6ld\u00fcr\u00fclen kad\u0131nlar istatistiklerden \u00e7ok daha fazlas\u0131yd\u0131. Her birinin bir hayat\u0131 bir \u00f6yk\u00fcs\u00fc vard\u0131. Erkek egemen devlet, kad\u0131n cinayetlerini \u00f6nlemek \u015f\u00f6yle dursun, kad\u0131n d\u00fc\u015fman\u0131 politikalar\u0131yla bu cinayetlerde su\u00e7 ortakl\u0131\u011f\u0131 yap\u0131yor. Erkek \u015fiddetini \u00f6nleyecek tedbirler hayata ge\u00e7irilmiyor, cezas\u0131zl\u0131k politikalar\u0131yla katiller adeta \u00f6d\u00fcllendiriliyor, kad\u0131n cinayetleri normalle\u015ftirilmeye \u00e7al\u0131\u015f\u0131l\u0131yor. Dolay\u0131s\u0131yla kad\u0131n cinayetleri, feminist hareketin en acil ve \u00f6nemli g\u00fcndemlerinden biri.<\/p>\r\n\r\n\r\n\r\n<p>Kad\u0131n Cinayetlerine Kar\u015f\u0131 Feministler Kampanya Grubu, her kad\u0131n cinayetinde katilin de\u011fil kad\u0131n\u0131n hayat\u0131 didik didik edilirken erkeklerin patriyarkan\u0131n sa\u011flad\u0131\u011f\u0131 imk\u00e2nlarla neler yapt\u0131\u011f\u0131n\u0131n hi\u00e7 konu\u015fulmamas\u0131 kar\u015f\u0131s\u0131nda \u201cKatilleri tan\u0131yoruz ve herkese duyuraca\u011f\u0131z\u201d diyerek yola \u00e7\u0131kt\u0131. Kampanya grubunun ilk eylemi 22 Aral\u0131k Pazar g\u00fcn\u00fc \u0130stanbul Be\u015fikta\u015f\u2019ta d\u00fczenlendi. Eylemde kad\u0131n katillerinin katil olmalar\u0131na ihtimal vermeyece\u011fimiz s\u0131radan erkekler oldu\u011funa dikkat \u00e7ekildi ve kad\u0131n cinayetlerinin politik oldu\u011fu vurguland\u0131. \u201cKad\u0131nlar\u0131 \u00f6ld\u00fcren katilleri ve onlar\u0131 koruyan d\u00fczeni a\u00e7\u0131\u011fa \u00e7\u0131karmak ve ortadan kald\u0131rmak i\u00e7in m\u00fccadele edece\u011fiz. Bug\u00fcn ve her g\u00fcn. Ya\u015fas\u0131n feminist m\u00fccadelemiz!\u201d diye sonlanan eylemde a\u015fa\u011f\u0131daki metin okundu.<\/p>\r\n\r\n\r\n\r\n<p><em>Biz bug\u00fcn Kad\u0131n Cinayetlerine Kar\u015f\u0131 Feministler olarak buraday\u0131z.<\/em><\/p>\r\n\r\n\r\n\r\n<p><em>2000\u2019li y\u0131llardan beri kad\u0131n cinayetlerine kar\u015f\u0131 \u00e7ok \u00e7e\u015fitli kampanyalar yapt\u0131k, kad\u0131n cinayeti davalar\u0131n\u0131 takip ettik. Bizler bug\u00fcn, 15 y\u0131l \u00f6ncesinden farkl\u0131 olarak, kad\u0131n cinayetinin ne oldu\u011funu anlatma ihtiyac\u0131 duymuyoruz. M\u00fccadelemiz sayesinde art\u0131k \u2018kad\u0131n cinayeti\u2019 bilinen bir kavram. Ama yine de patriyarka ba\u011flam\u0131ndan kopar\u0131ld\u0131\u011f\u0131n\u0131, erkeklerle konunun ilgisinin neredeyse kalmad\u0131\u011f\u0131n\u0131 g\u00f6r\u00fcyoruz. Halbuki biz kad\u0131n cinayetleri politiktir diyoruz, \u00e7\u00fcnk\u00fc cinayetleri m\u00fcmk\u00fcn k\u0131lan\u0131n patriyarka, yani erkek egemenli\u011fi oldu\u011funu biliyoruz.<\/em><\/p>\r\n\r\n\r\n\r\n<p><em>Neredeyse her g\u00fcn bir kad\u0131n \u00f6ld\u00fcr\u00fcl\u00fcyor. Bunu art\u0131k hepimiz biliyoruz. Peki soruyoruz: KAT\u0130L K\u0130M?<\/em><\/p>\r\n\r\n\r\n\r\n<p><em>Sap\u0131klar m\u0131? Cani ruhlular m\u0131? Uyu\u015fturucu ba\u011f\u0131ml\u0131lar\u0131 ya da psikolojisi bozuk olanlar m\u0131? Sokaktaki adamlar m\u0131? Yaln\u0131z kalan erkekler mi? Evet, belki bazen. Ama sadece b\u00f6yle mi? Hay\u0131r, asla de\u011fil. Biz kad\u0131nlar\u0131n \u00e7ok iyi bildi\u011fi bir \u015fey var: Kad\u0131nlar\u0131 erkekler \u00f6ld\u00fcr\u00fcyor. Ve bunlar\u0131n \u00e7o\u011fu, katil olmalar\u0131na \u201cihtimal vermeyece\u011finiz\u201d son derece s\u0131radan erkekler. Aile babalar\u0131, bakkallar, m\u00fchendisler, imamlar, polisler, \u00f6\u011frenciler. Kad\u0131nlar\u0131 sadece kad\u0131n olduklar\u0131 i\u00e7in, denetlemeyi hak g\u00f6rd\u00fckleri i\u00e7in \u00f6ld\u00fcr\u00fcyorlar. E\u015fit ya\u015famay\u0131 hak etti\u011fimizi d\u00fc\u015f\u00fcnmedikleri i\u00e7in. Biz bu katilleri tan\u0131yoruz. Birka\u00e7\u0131n\u0131n isimlerini duvarlara, bu kutulara yazarak ba\u015flad\u0131k. Herkese duyuraca\u011f\u0131z. Ni\u00e7in mi duyuraca\u011f\u0131z? \u00c7\u00fcnk\u00fc bir kad\u0131n \u00f6ld\u00fcr\u00fcld\u00fc\u011f\u00fcnde s\u00fcrekli kad\u0131nlar\u0131n ne yapt\u0131\u011f\u0131n\u0131, nas\u0131l hayatlar s\u00fcrd\u00fc\u011f\u00fcn\u00fc, ka\u00e7ta nerede oldu\u011funu, ka\u00e7 \u00e7ocu\u011fu oldu\u011funu konu\u015fuyoruz. Art\u0131k erkeklerin ne yapt\u0131klar\u0131n\u0131 konu\u015fman\u0131n zaman\u0131. Kad\u0131nlara ne yapt\u0131klar\u0131n\u0131, patriyarkan\u0131n sa\u011flad\u0131\u011f\u0131 imkanlarla ne yapt\u0131klar\u0131n\u0131.<\/em><\/p>\r\n\r\n\r\n\r\n<p><em>Katil: Mesut Iss\u0131. Doktor. \u0130ki \u00e7ocuk babas\u0131. Bir bu\u00e7uk sene \u00f6nce kendisine bo\u015fanma davas\u0131 a\u00e7an M\u00fczeyyen Boylu\u2019yu Diyarbak\u0131r\u2019da 11 kur\u015funla \u00f6ld\u00fcrd\u00fc. Aile hekimli\u011fi yaparken ruh sa\u011fl\u0131\u011f\u0131 yerinde olan Mesut Iss\u0131, kar\u0131s\u0131n\u0131 \u00f6ld\u00fcrd\u00fckten sonra duru\u015fmalarda ruh sa\u011fl\u0131\u011f\u0131n\u0131n yerinde olmad\u0131\u011f\u0131n\u0131 ileri s\u00fcrd\u00fc. \u0130\u015fledi\u011fi cinayetten sonra bindi\u011fi takside, \u015fof\u00f6rle muhabbet etmi\u015fti. \u00c7ocuklar\u0131n\u0131 sevdi\u011fini s\u00f6yleyerek velayetlerini almaya \u00e7al\u0131\u015fan Mesut Iss\u0131 2018\u2019de \u00e7ocuklar\u0131 ka\u00e7\u0131rd\u0131, 2019\u2019da da M\u00fczeyyen Boylu\u2019yu \u00e7ocuklar\u0131n\u0131n g\u00f6z\u00fc \u00f6n\u00fcnde \u00f6ld\u00fcrd\u00fc.<\/em><\/p>\r\n\r\n\r\n\r\n<p><em>Evet, erkekler stat\u00fclerinden, mesleklerinden ba\u011f\u0131ms\u0131z, kad\u0131nlar\u0131 ayr\u0131lmak, bo\u015fanmak istedikleri i\u00e7in, erkeklere hay\u0131r dedikleri i\u00e7in, \u00f6zg\u00fcr olmak, kendi hayatlar\u0131n\u0131 ya\u015famak istedikleri i\u00e7in \u00f6ld\u00fcr\u00fcyor. \u00c7\u00fcnk\u00fc ba\u011f\u0131ms\u0131z ya\u015famaya hakk\u0131m\u0131z olmad\u0131\u011f\u0131n\u0131 d\u00fc\u015f\u00fcn\u00fcyorlar.<\/em><\/p>\r\n\r\n\r\n\r\n<p><em>Katil: Ali Y\u0131lmaz. Komiser. Bir \u00e7ocuk babas\u0131. 15 \u015eubat 2024\u2019te, Edirne\u2019de, kendisinden 2 y\u0131l \u00f6nce bo\u015fanan Sevda Ku\u015f\u2019u k\u0131z\u0131n\u0131n g\u00f6z\u00fc \u00f6n\u00fcnde \u00f6ld\u00fcrd\u00fc. Bo\u015fanm\u0131\u015f olduklar\u0131 iki y\u0131l boyunca Sevda\u2019y\u0131 tehdit eden ve hakk\u0131nda davalar bulunan Ali Y\u0131lmaz, ifadesinde cinayeti i\u015flerken \u201ck\u0131skan\u00e7l\u0131k nedeniyle \u015fok etkisinde oldu\u011funu\u201d s\u00f6yledi. Ali Y\u0131lmaz ak\u0131l sa\u011fl\u0131\u011f\u0131n\u0131n yerinde olmad\u0131\u011f\u0131n\u0131 s\u00f6yleyerek birden fazla kez rapor ba\u015fvurusunda bulundu. Davas\u0131 hala devam ediyor.<\/em><\/p>\r\n\r\n\r\n\r\n<p><em>Kad\u0131nlar\u0131 \u00f6ld\u00fcrmeye erkekler bir g\u00fcnde karar vermiyor. \u00d6ld\u00fcrmeden \u00f6nce kad\u0131nlara \u015fiddet uyguluyor, eziyet ediyor, tehdit ediyor, hayat\u0131 dar ediyor. Ad\u0131na k\u0131skan\u00e7l\u0131k diyor. Y\u0131llarca tehdit ettikten sonra utanmadan, \u201c\u015fok etkisindeydim, ak\u0131l sa\u011fl\u0131\u011f\u0131m yerinde de\u011fil\u201d diyor. Mahkeme salonunda hakim kar\u015f\u0131s\u0131na \u00e7\u0131kan her erkek ya kad\u0131nlar\u0131 su\u00e7luyor ya \u201cak\u0131l sa\u011fl\u0131\u011f\u0131m\u201d diyor. Bu tesad\u00fcf de\u011fil! Bunlar\u0131n ya da kravat takman\u0131n onlar\u0131 kurtarabilece\u011fini de birbirlerinden, toplumdan, cinsiyet\u00e7i yarg\u0131dan \u00f6\u011freniyorlar.<\/em><\/p>\r\n\r\n\r\n\r\n<p><em>Katil: Ya\u015far Suba\u015f\u0131. \u0130mam. Bir \u00e7ocuk babas\u0131. Bir g\u00fcn eve gelip kar\u0131s\u0131 G\u00fcler Suba\u015f\u0131\u2019n\u0131n bileziklerini istedi. S\u0131rf kocas\u0131 oldu\u011fu i\u00e7in, kendinde bunu hak g\u00f6rd\u00fc. Vermedi\u011finde ise onu, oturduklar\u0131 binan\u0131n be\u015finci kat\u0131n\u0131n asans\u00f6r bo\u015flu\u011fundan a\u015fa\u011f\u0131 atarak \u00f6ld\u00fcrd\u00fc. Y\u00f6neticisi oldu\u011fu binan\u0131n kamera kay\u0131tlar\u0131n\u0131 silip, bilezikleri bozdurmaya gitti.<\/em><\/p>\r\n\r\n\r\n\r\n<p><em>Yani toplumda de\u011fer g\u00f6ren erkekler de kad\u0131nlar\u0131 \u00f6ld\u00fcr\u00fcyor. Kad\u0131n cinayetleri, kad\u0131nlara y\u00f6nelik sistematik erkek \u015fiddetini g\u00f6rmezden gelen, patriyarkan\u0131n erkeklere sundu\u011fu sonsuz egemenli\u011fi kabul eden d\u00fczende m\u00fcmk\u00fcn oluyor. Yani kad\u0131nsan bir erke\u011fin m\u00fclk\u00fcs\u00fcn, senin olan her \u015fey de onun. Erkekler kad\u0131nlar\u0131n bedenine, eme\u011fine, hayat\u0131na \u00e7\u00f6k\u00fcyor. Kredi kart\u0131na el koyuyor, borca sokuyor, alt\u0131n\u0131n\u0131 al\u0131yor, maa\u015f\u0131n\u0131 al\u0131yor. \u0130\u015fte \u00f6ld\u00fcrmeye giden yol, tam olarak bu sistematik \u015fiddetten ge\u00e7iyor. Ancak bunu g\u00f6rerek, bu ba\u011flant\u0131y\u0131 kurarak bu \u015fiddete son verebiliriz!<\/em><\/p>\r\n\r\n\r\n\r\n<p><em>Katil: Bulunamad\u0131. Bir veya birka\u00e7 erkek, trans aktivist Hande Kader\u2019i \u00f6ld\u00fcrd\u00fc. Bedeni 2016\u2019n\u0131n A\u011fustos ay\u0131nda, \u0130stanbul\u2019da, hakk\u0131nda kay\u0131p ilan\u0131 verildikten bir hafta sonra ormanl\u0131k alanda bulundu. Adli t\u0131p raporunda Hande Kader\u2019in tecav\u00fcze u\u011frad\u0131\u011f\u0131, darp edildi\u011fi ve yak\u0131ld\u0131\u011f\u0131 tespit edildi. Hande \u00f6ld\u00fcr\u00fclmeden \u00f6nce en son Harbiye\u2019de bir m\u00fc\u015fterisinin arabas\u0131na binerken g\u00f6r\u00fclm\u00fc\u015ft\u00fc. 2015\u2019te yasaklanan Onur Y\u00fcr\u00fcy\u00fc\u015f\u00fc\u2019nde polisin y\u00fcr\u00fcy\u00fc\u015f\u00fc engellemesi esnas\u0131ndaki foto\u011fraflar\u0131yla g\u00fcndem olmu\u015ftu. Hande\u2019yi \u00f6ld\u00fcren erkekler bulunmad\u0131, yarg\u0131lanmad\u0131.<\/em><\/p>\r\n\r\n\r\n\r\n<p><em>Translar \u00f6ld\u00fcr\u00fcld\u00fc\u011f\u00fcnde katilleri ya bulunmuyor ya zaten seks i\u015f\u00e7isiydi diye cezas\u0131z kal\u0131yor. Hatta bu katiller bazen Hande Buse \u015eeker\u2019in katili gibi polis oluyor. Translar\u0131n varolu\u015fu bile kriminalize edilirken hayatlar\u0131 s\u00fcrekli de\u011fersizle\u015ftiriliyor. \u00c7\u00fcnk\u00fc aile i\u00e7inde belli kad\u0131nl\u0131k ve erkeklik rolleri \u00fczerine kurulu bu patriyarkal toplumsal d\u00fczende LGBT\u0130+lara, translara yer yok. Ancak erkeklerin i\u015fine yarad\u0131\u011f\u0131, erkeklere menfaat sa\u011flayabildi\u011fi kadar var. Bu ikiy\u00fczl\u00fc, transfobik d\u00fczene kar\u015f\u0131 ses \u00e7\u0131kar\u0131yoruz!<\/em><\/p>\r\n\r\n\r\n\r\n<p><em>Katil: Cemal Metin Avc\u0131. Turizm i\u015fletmecisi. Evli ve bir \u00e7ocuk babas\u0131. Mu\u011fla merkezde bir bar\u0131n ve sanayi b\u00f6lgesinde bir d\u00fckk\u00e2n\u0131n sahibi. Cemal Metin Avc\u0131, 16 Temmuz 2020\u2019de 27 ya\u015f\u0131ndaki P\u0131nar G\u00fcltekin\u2019i, bay\u0131lt\u0131p bo\u011farak ve yakarak \u00f6ld\u00fcrd\u00fc. Ailesiyle birlikte delilleri karartt\u0131. \u0130lk ifadesinde k\u0131skan\u00e7l\u0131ktan \u00f6ld\u00fcrd\u00fc\u011f\u00fcn\u00fc s\u00f6ylemi\u015fti ancak dava s\u00fcrecinde savunmalar\u0131 de\u011fi\u015fti. S\u00f6yledikleri hi\u00e7bir zaman kan\u0131tlanamad\u0131. Cemal Metin Avc\u0131 \u00f6nce a\u011f\u0131rla\u015ft\u0131r\u0131lm\u0131\u015f m\u00fcebbet ald\u0131, sonra cezas\u0131 \u201chaks\u0131z tahrik\u201d indirimiyle 23 y\u0131la indirildi. Delillerin karart\u0131lmas\u0131na yard\u0131m eden aile \u00fcyeleriyse kan\u0131tlara ra\u011fmen beraat etti.<\/em><\/p>\r\n\r\n\r\n\r\n<p><em>Aileler, toplum, yarg\u0131, devlet erkekleri s\u00fcrekli koruyor ve kolluyor. Ne yaparsa yaps\u0131n k\u0131yam\u0131yor. Kad\u0131nlara hakaret etse, ba\u011f\u0131rsa, taciz etse, \u00fcst\u00fcne y\u00fcr\u00fcse, s\u00fcrekli d\u00f6vse, i\u015fkence etse, yakarak \u00f6ld\u00fcrse bile yetmiyor. Erkekler kendi yapt\u0131klar\u0131n\u0131n sorumlusu olam\u0131yor. Biz bug\u00fcn tam da bu su\u00e7a, bu sorumlulu\u011fa i\u015faret etmek i\u00e7in buraday\u0131z.<\/em><\/p>\r\n\r\n\r\n\r\n<p><em>Biz bir kad\u0131n\u0131n bir erkekten korkmas\u0131n\u0131n ne anlama geldi\u011fini \u00e7ok iyi biliyoruz. \u00c7\u00fcnk\u00fc hepimiz bunu ya\u015f\u0131yoruz. Kad\u0131n katilleri aram\u0131zda, hanemizde, soka\u011f\u0131m\u0131zda, i\u015f yerimizde. Ama etraf\u0131m\u0131zda bu korkunun \u00fczerine hi\u00e7bir zaman d\u00fc\u015f\u00fcnme mecburiyetinde kalmadan g\u00fcc\u00fcn\u00fc kad\u0131nlar \u00fcst\u00fcnde pervas\u0131zca kullanan erkekler var. Kad\u0131nlar\u0131 a\u015fa\u011f\u0131lamay\u0131, a\u015fa\u011f\u0131lad\u0131\u011f\u0131n\u0131n fark\u0131na varmayacak kadar do\u011falla\u015ft\u0131ran erkekler. Kad\u0131nlara yer b\u0131rakmayacak kadar hayat\u0131n her alan\u0131n\u0131 kaplayan erkekler. Kad\u0131nlar\u0131n kendi ya\u015famlar\u0131na dair karar verme haklar\u0131n\u0131 ellerinden alan erkekler. Belki d\u00f6n\u00fcp kad\u0131n cinayetlerine ne kadar kar\u015f\u0131 oldu\u011funu anlatacak olan erkekler. Ama her erkek bir kad\u0131n\u0131 kendi e\u015fiti g\u00f6rmedi\u011finde, e\u015fit davranmad\u0131\u011f\u0131nda, e\u015fit olmamam\u0131z\u0131 normalle\u015ftirdi\u011finde kad\u0131n cinayetlerine giden yolu d\u00f6\u015f\u00fcyor. Bu sistemde ayr\u0131cal\u0131klar\u0131yla pay sahibi oluyor.<\/em><\/p>\r\n\r\n\r\n\r\n<p><em>Biz de Kad\u0131n Cinayetlerine Kar\u015f\u0131 Feministler Kampanya Grubu olarak kad\u0131nlar\u0131 \u00f6ld\u00fcren katilleri ve onlar\u0131 koruyan d\u00fczeni a\u00e7\u0131\u011fa \u00e7\u0131karmak ve ortadan kald\u0131rmak i\u00e7in m\u00fccadele edece\u011fiz. Bug\u00fcn ve her g\u00fcn. Ya\u015fas\u0131n feminist m\u00fccadelemiz.<\/em><\/p>\r\n\r\n\r\n\r\n<p>Kad\u0131n Cinayetlerine Kar\u015f\u0131 Feministler Kampanya Grubu\u2019nun web sitesi i\u00e7in bkz. <a href=\"https:\/\/cinayetlerekarsifeministler.medium.com\/\">https:\/\/cinayetlerekarsifeministler.medium.com\/<\/a><\/p>\r\n","protected":false},"excerpt":{"rendered":"<p>2024 y\u0131l\u0131n\u0131n Kas\u0131m ay\u0131na kadar 425 kad\u0131n katledildi. Kimi zaman haber de\u011feri dahi ta\u015f\u0131yamayan bu cinayetlerde \u00f6ld\u00fcr\u00fclen kad\u0131nlar istatistiklerden \u00e7ok daha fazlas\u0131yd\u0131. Her birinin bir hayat\u0131 bir \u00f6yk\u00fcs\u00fc vard\u0131. Erkek egemen devlet, kad\u0131n cinayetlerini \u00f6nlemek \u015f\u00f6yle dursun, kad\u0131n d\u00fc\u015fman\u0131 politikalar\u0131yla bu cinayetlerde su\u00e7 ortakl\u0131\u011f\u0131 yap\u0131yor. Erkek \u015fiddetini \u00f6nleyecek tedbirler hayata ge\u00e7irilmiyor, cezas\u0131zl\u0131k politikalar\u0131yla katiller adeta [&hellip;]<\/p>\n","protected":false},"author":3,"featured_media":2976,"comment_status":"closed","ping_status":"closed","sticky":false,"template":"","format":"standard","meta":{"footnotes":""},"categories":[126],"tags":[107,124,133,204],"class_list":["post-2973","post","type-post","status-publish","format-standard","has-post-thumbnail","hentry","category-politika","tag-erkek-siddeti","tag-feminist-mucadele","tag-kadin-cinayetleri","tag-patriyarka"],"_links":{"self":[{"href":"https:\/\/www.kadindayanismasi.net\/index.php\/wp-json\/wp\/v2\/posts\/2973","targetHints":{"allow":["GET"]}}],"collection":[{"href":"https:\/\/www.kadindayanismasi.net\/index.php\/wp-json\/wp\/v2\/posts"}],"about":[{"href":"https:\/\/www.kadindayanismasi.net\/index.php\/wp-json\/wp\/v2\/types\/post"}],"author":[{"embeddable":true,"href":"https:\/\/www.kadindayanismasi.net\/index.php\/wp-json\/wp\/v2\/users\/3"}],"replies":[{"embeddable":true,"href":"https:\/\/www.kadindayanismasi.net\/index.php\/wp-json\/wp\/v2\/comments?post=2973"}],"version-history":[{"count":6,"href":"https:\/\/www.kadindayanismasi.net\/index.php\/wp-json\/wp\/v2\/posts\/2973\/revisions"}],"predecessor-version":[{"id":2985,"href":"https:\/\/www.kadindayanismasi.net\/index.php\/wp-json\/wp\/v2\/posts\/2973\/revisions\/2985"}],"wp:featuredmedia":[{"embeddable":true,"href":"https:\/\/www.kadindayanismasi.net\/index.php\/wp-json\/wp\/v2\/media\/2976"}],"wp:attachment":[{"href":"https:\/\/www.kadindayanismasi.net\/index.php\/wp-json\/wp\/v2\/media?parent=2973"}],"wp:term":[{"taxonomy":"category","embeddable":true,"href":"https:\/\/www.kadindayanismasi.net\/index.php\/wp-json\/wp\/v2\/categories?post=2973"},{"taxonomy":"post_tag","embeddable":true,"href":"https:\/\/www.kadindayanismasi.net\/index.php\/wp-json\/wp\/v2\/tags?post=2973"}],"curies":[{"name":"wp","href":"https:\/\/api.w.org\/{rel}","templated":true}]}}