{"id":2987,"date":"2024-12-30T16:00:55","date_gmt":"2024-12-30T13:00:55","guid":{"rendered":"https:\/\/www.kadindayanismasi.net\/?p=2987"},"modified":"2024-12-30T16:00:56","modified_gmt":"2024-12-30T13:00:56","slug":"esit-ve-ozgur-bir-yasam-icin-mucadeleye-2025te-de-devam","status":"publish","type":"post","link":"https:\/\/www.kadindayanismasi.net\/index.php\/2024\/12\/30\/esit-ve-ozgur-bir-yasam-icin-mucadeleye-2025te-de-devam\/","title":{"rendered":"E\u015fit ve \u00f6zg\u00fcr bir ya\u015fam i\u00e7in m\u00fccadeleye 2025\u2019te de devam!"},"content":{"rendered":"\r\n<p>2024 y\u0131l\u0131, kad\u0131nlar ve lgbti+lar a\u00e7\u0131s\u0131ndan direni\u015f ve dayan\u0131\u015fman\u0131n \u00f6n planda oldu\u011fu bir y\u0131l olarak ge\u00e7ti. \u0130ktidar\u0131n t\u00fcm bask\u0131 ve engellerine kar\u015f\u0131n kad\u0131nlar ekonomik krizin derinle\u015ftirdi\u011fi sorunlara, erkek \u015fiddetine ve toplumsal cinsiyet e\u015fitsizli\u011fine kar\u015f\u0131 m\u00fccadelelerini s\u00fcrd\u00fcrd\u00fc.<\/p>\r\n\r\n\r\n\r\n<p>Yaz aylar\u0131 itibar\u0131yla \u00f6ne \u00e7\u0131kan i\u015f\u00e7i direni\u015fleri i\u00e7inde kad\u0131nlar\u0131n \u00e7o\u011funlukta oldu\u011fu Polonez i\u015f\u00e7ilerinin m\u00fccadelesi, kad\u0131nlar\u0131n emek m\u00fccadelesi i\u00e7inde \u00f6ne \u00e7\u0131kan rolleri ve talepleri a\u00e7\u0131s\u0131ndan bir sembol haline geldi. Sendikaya \u00fcye olduklar\u0131 gerek\u00e7esiyle i\u015ften at\u0131lan i\u015f\u00e7iler, m\u00fccadelelerini t\u00fcm zorluklara ra\u011fmen kararl\u0131l\u0131kla s\u00fcrd\u00fcrd\u00fc. Polonez i\u015f\u00e7ileri 2024 y\u0131l\u0131n\u0131n neredeyse yar\u0131s\u0131nda direndi ve direnmeye devam ediyor.<\/p>\r\n\r\n\r\n\r\n<p>Ancak kad\u0131nlar\u0131n m\u00fccadelesi yaln\u0131zca i\u015fyerlerindeki hak ihlalleriyle s\u0131n\u0131rl\u0131 kalmad\u0131; \u00fccret e\u015fitsizli\u011fi gibi daha geni\u015f yap\u0131sal sorunlarla da devam etti. Kad\u0131nlar bu y\u0131l da genel \u00fccret ortalamas\u0131n\u0131n alt\u0131nda ve erkeklerden daha d\u00fc\u015f\u00fck \u00fccretlerle \u00e7al\u0131\u015ft\u0131lar. D\u0130SK-AR\u2019\u0131n 2024 Asgari \u00dccret Ara\u015ft\u0131rmas\u0131 <a href=\"http:\/\/chrome-extension:\/\/efaidnbmnnnibpcajpcglclefindmkaj\/https:\/\/arastirma.disk.org.tr\/wp-content\/uploads\/2023\/12\/ASGARI-UCRET-2024-RAPOR.pdf\">raporuna<\/a> g\u00f6re, asgari \u00fccret ve alt\u0131nda \u00fccret alanlar\u0131n oran\u0131 genel olarak y\u00fczde 43,6 iken, kad\u0131nlarda bu oran y\u00fczde 54,5\u2019e \u00e7\u0131k\u0131yor. Ayn\u0131 rapora g\u00f6re, \u00f6zel sekt\u00f6rde \u00e7al\u0131\u015fan tahmini 3,5 milyon kad\u0131n\u0131n y\u00fczde 77,4\u2019\u00fc asgari \u00fccretin alt\u0131nda veya asgari \u00fccretin y\u00fczde 20 fazlas\u0131 ile \u00e7al\u0131\u015f\u0131yor. Bu durum, cinsiyete dayal\u0131 \u00fccret e\u015fitsizli\u011fini bir kez daha g\u00f6zler \u00f6n\u00fcne seriyor.<\/p>\r\n\r\n\r\n\r\n<p>Kad\u0131nlar, ya\u015fam hakk\u0131 i\u00e7in de sokaklardayd\u0131. Kad\u0131n Cinayetlerini Durduraca\u011f\u0131z Platformu\u2019nun verilerine g\u00f6re, 2023 y\u0131l\u0131nda 418 kad\u0131n \u00f6ld\u00fcr\u00fcl\u00fcrken, 2024 y\u0131l\u0131n\u0131n Kas\u0131m ay\u0131na kadar 425 kad\u0131n cinayeti kayda ge\u00e7ti. Bu say\u0131 her y\u0131l bir \u00f6nceki y\u0131la g\u00f6re art\u0131\u015f g\u00f6steriyor. Ancak kad\u0131nlar\u0131n katilleri de\u011fi\u015fmiyor: Kad\u0131nlar bu y\u0131l da evli olduklar\u0131 erkekler, bo\u015fand\u0131klar\u0131 erkekler, sevgilileri ve babalar\u0131, yani en yak\u0131nlar\u0131ndaki erkekler taraf\u0131ndan katledildi. Erkekler ise cayd\u0131r\u0131c\u0131 nitelikte cezalara \u00e7arpt\u0131r\u0131lmad\u0131. T\u00fcrkiye\u2019de toplum ve aile yap\u0131s\u0131 i\u00e7in tehdit olarak g\u00f6r\u00fclen \u0130stanbul S\u00f6zle\u015fmesi\u2019nden \u00e7\u0131kan Tek Adam rejimi, \u00f6nleyici tedbirler almak yerine, erke\u011fin aile reisi oldu\u011fu ve kad\u0131n\u0131n kocas\u0131na veya \u00e7ocu\u011funa bakt\u0131\u011f\u0131, ev i\u015flerine g\u00f6m\u00fcld\u00fc\u011f\u00fc \u201caile\u201dyi g\u00fc\u00e7lendirici politikalar izledi, erkek egemen toplum yap\u0131s\u0131n\u0131 peki\u015ftirdi. 2024 y\u0131l\u0131nda kad\u0131nlar aileyi g\u00fc\u00e7lendiren politikalara kar\u015f\u0131 \u201cHayatlar\u0131m\u0131z Ailenize S\u0131\u011fmaz\u201d isimli bir kampanya \u00f6rg\u00fctledi, 2025 y\u0131l\u0131n\u0131 ise \u201cCinayetlere Kar\u015f\u0131 Feminist Kampanya\u201d ile kar\u015f\u0131lamaya haz\u0131rlan\u0131yor.<\/p>\r\n\r\n\r\n\r\n<p>Anayasa Mahkemesi\u2019nin \u201ckad\u0131nlar\u0131n e\u015finin soyad\u0131n\u0131 alma zorunlulu\u011fu e\u015fitli\u011fe ayk\u0131r\u0131d\u0131r\u201d gerek\u00e7esiyle \u015eubat 2023\u2019te Medeni Kanun\u2019un evli kad\u0131n\u0131n kocas\u0131n\u0131n soyad\u0131n\u0131 ta\u015f\u0131mas\u0131 zorunlulu\u011fu getiren maddesini iptal etmesiyle, kad\u0131nlar\u0131n mahkeme kararlar\u0131 yoluyla kendi soyadlar\u0131n\u0131 kullanma hakk\u0131 m\u00fccadelesi yasal alanda \u00f6nemli bir kazan\u0131m elde etmi\u015fti. Ancak 2024 y\u0131l\u0131nda AYM taraf\u0131ndan iptal edilen bu madde 9. Yarg\u0131 Paketi\u2019nde yeniden d\u00fczenlenip Meclis\u2019e getirildi ve AYM\u2019nin karar\u0131 dikkate al\u0131nmad\u0131. 2025 y\u0131l\u0131nda kad\u0131nlar soyad\u0131 m\u00fccadelesine devam edecek. \u00c7\u00fcnk\u00fc soyad\u0131 m\u00fccadelesi kad\u0131n\u0131n kendine ait bir ki\u015fili\u011finin, ba\u011f\u0131ms\u0131z bir varl\u0131\u011f\u0131n\u0131n oldu\u011funu kabul ettirme m\u00fccadelesidir.<\/p>\r\n\r\n\r\n\r\n<p>Genel olarak, kad\u0131n hareketi 2024\u2019te \u00e7e\u015fitli zorluklarla kar\u015f\u0131la\u015fmas\u0131na ra\u011fmen, dayan\u0131\u015fma ve direni\u015f ile \u00f6nemli bir g\u00fc\u00e7 olmaya devam etti. 2025 y\u0131l\u0131nda ayn\u0131 m\u00fccadele ve kararl\u0131l\u0131kla meydanlar\u0131 ve sokaklar\u0131 dolduraca\u011f\u0131z. Taleplerimizi hep bir a\u011f\u0131zdan dayan\u0131\u015fma i\u00e7erisinde dile getirece\u011fiz. \u00d6rg\u00fctlenmenin \u00f6nemini hayat\u0131m\u0131z\u0131n bir\u00e7ok alan\u0131nda g\u00f6r\u00fcyoruz. Kapitalizme ve patriyarkaya kar\u015f\u0131 m\u00fccadelede, e\u015fde\u011fer i\u015fe e\u015fit \u00fccret talebimizi 2025\u2019te de g\u00fc\u00e7l\u00fc bir \u015fekilde dile getirmeye devam edece\u011fiz. Cezas\u0131zl\u0131k politikalar\u0131n\u0131n son bulmas\u0131 ve bir ki\u015fi daha eksilmemek i\u00e7in 6284 say\u0131l\u0131 kanunun etkin \u015fekilde uygulanmas\u0131 i\u00e7in m\u00fccadeleye devam edece\u011fiz. Sadece belirli m\u00fccadele g\u00fcnlerinde de\u011fil, g\u00fcndelik m\u00fccadeleyi hep birlikte her g\u00fcn yeniden \u00f6r\u00fcp bulundu\u011fumuz her alanda s\u00f6z\u00fcm\u00fcz\u00fc dile getirece\u011fiz.<\/p>\r\n","protected":false},"excerpt":{"rendered":"<p>2024 y\u0131l\u0131, kad\u0131nlar ve lgbti+lar a\u00e7\u0131s\u0131ndan direni\u015f ve dayan\u0131\u015fman\u0131n \u00f6n planda oldu\u011fu bir y\u0131l olarak ge\u00e7ti. \u0130ktidar\u0131n t\u00fcm bask\u0131 ve engellerine kar\u015f\u0131n kad\u0131nlar ekonomik krizin derinle\u015ftirdi\u011fi sorunlara, erkek \u015fiddetine ve toplumsal cinsiyet e\u015fitsizli\u011fine kar\u015f\u0131 m\u00fccadelelerini s\u00fcrd\u00fcrd\u00fc. Yaz aylar\u0131 itibar\u0131yla \u00f6ne \u00e7\u0131kan i\u015f\u00e7i direni\u015fleri i\u00e7inde kad\u0131nlar\u0131n \u00e7o\u011funlukta oldu\u011fu Polonez i\u015f\u00e7ilerinin m\u00fccadelesi, kad\u0131nlar\u0131n emek m\u00fccadelesi i\u00e7inde \u00f6ne [&hellip;]<\/p>\n","protected":false},"author":2,"featured_media":2990,"comment_status":"closed","ping_status":"closed","sticky":false,"template":"","format":"standard","meta":{"footnotes":""},"categories":[126],"tags":[124,159,223,146,204],"class_list":["post-2987","post","type-post","status-publish","format-standard","has-post-thumbnail","hentry","category-politika","tag-feminist-mucadele","tag-kadin-mucadelesi","tag-kapitalizm","tag-lgbti","tag-patriyarka"],"_links":{"self":[{"href":"https:\/\/www.kadindayanismasi.net\/index.php\/wp-json\/wp\/v2\/posts\/2987","targetHints":{"allow":["GET"]}}],"collection":[{"href":"https:\/\/www.kadindayanismasi.net\/index.php\/wp-json\/wp\/v2\/posts"}],"about":[{"href":"https:\/\/www.kadindayanismasi.net\/index.php\/wp-json\/wp\/v2\/types\/post"}],"author":[{"embeddable":true,"href":"https:\/\/www.kadindayanismasi.net\/index.php\/wp-json\/wp\/v2\/users\/2"}],"replies":[{"embeddable":true,"href":"https:\/\/www.kadindayanismasi.net\/index.php\/wp-json\/wp\/v2\/comments?post=2987"}],"version-history":[{"count":1,"href":"https:\/\/www.kadindayanismasi.net\/index.php\/wp-json\/wp\/v2\/posts\/2987\/revisions"}],"predecessor-version":[{"id":2989,"href":"https:\/\/www.kadindayanismasi.net\/index.php\/wp-json\/wp\/v2\/posts\/2987\/revisions\/2989"}],"wp:featuredmedia":[{"embeddable":true,"href":"https:\/\/www.kadindayanismasi.net\/index.php\/wp-json\/wp\/v2\/media\/2990"}],"wp:attachment":[{"href":"https:\/\/www.kadindayanismasi.net\/index.php\/wp-json\/wp\/v2\/media?parent=2987"}],"wp:term":[{"taxonomy":"category","embeddable":true,"href":"https:\/\/www.kadindayanismasi.net\/index.php\/wp-json\/wp\/v2\/categories?post=2987"},{"taxonomy":"post_tag","embeddable":true,"href":"https:\/\/www.kadindayanismasi.net\/index.php\/wp-json\/wp\/v2\/tags?post=2987"}],"curies":[{"name":"wp","href":"https:\/\/api.w.org\/{rel}","templated":true}]}}