{"id":3104,"date":"2025-04-28T15:51:01","date_gmt":"2025-04-28T12:51:01","guid":{"rendered":"https:\/\/www.kadindayanismasi.net\/?p=3104"},"modified":"2025-04-28T15:51:47","modified_gmt":"2025-04-28T12:51:47","slug":"mucadelemiz-her-yerde","status":"publish","type":"post","link":"https:\/\/www.kadindayanismasi.net\/index.php\/2025\/04\/28\/mucadelemiz-her-yerde\/","title":{"rendered":"Krizin ve hayat\u0131m\u0131z\u0131n y\u00fck\u00fc omuzlar\u0131m\u0131zda, m\u00fccadelemiz her yerde!"},"content":{"rendered":"\n<p>1 May\u0131s yakla\u015f\u0131rken, kad\u0131nlar olarak yine sokakta olaca\u011f\u0131z. Ama bu sadece bir \u201cemek bayram\u0131\u201d de\u011fil bizim i\u00e7in. Bu, ya\u015fad\u0131\u011f\u0131m\u0131z \u00e7ok katmanl\u0131 s\u00f6m\u00fcr\u00fcye, \u015fiddete, d\u0131\u015flanmaya, yoksullu\u011fa, hayat\u0131m\u0131z\u0131n her alan\u0131na sirayet eden erkek egemen d\u00fczene kar\u015f\u0131 y\u00fckseltti\u011fimiz bir isyan g\u00fcn\u00fc. \u00c7\u00fcnk\u00fc bu sistem, hem eme\u011fimizi s\u00f6m\u00fcr\u00fcyor hem de ya\u015fam hakk\u0131m\u0131za g\u00f6z dikiyor.<\/p>\n\n\n\n<p>Krizin en yak\u0131c\u0131 etkilerini biz kad\u0131nlar ya\u015f\u0131yoruz. Ekonomik kriz, istatistiklerde y\u00fczde olarak ifade ediliyor ama bu oranlar bizim hayatlar\u0131m\u0131zda artan bor\u00e7lar, eksilen \u00f6\u011f\u00fcnler, kapat\u0131lan kre\u015fler, kesilen destekler demek. Kad\u0131n i\u015fsizli\u011fi rakamsal olarak en y\u00fcksek seviyelerde: Kad\u0131nlar\u0131n neredeyse be\u015fte biri i\u015fsiz. Ama mesele yaln\u0131zca i\u015fsizlik de\u011fil. \u0130stihdamdaki kad\u0131nlar\u0131n da \u00e7o\u011fu g\u00fcvencesiz, kay\u0131td\u0131\u015f\u0131, d\u00fc\u015f\u00fck \u00fccretli, esnek \u00e7al\u0131\u015ft\u0131r\u0131l\u0131yor. Biz bu tabloyu \u201ce\u015fde\u011fer i\u015fe e\u015fit \u00fccret\u201d talebimizin y\u0131llard\u0131r g\u00f6rmezden gelinmesinden biliyoruz. Bu 1 May\u0131s\u2019ta, g\u00fcvenceli i\u015f ve insanca ya\u015fayacak \u00fccretlerle \u00e7al\u0131\u015fma talebimizi y\u00fckseltiyoruz.<\/p>\n\n\n\n<p>Evlerimiz ise \u00e7o\u011fu zaman ikinci bir i\u015fyerine, kimi zaman da birer \u015fiddet ortam\u0131na d\u00f6n\u00fc\u015f\u00fcyor. \u0130stanbul S\u00f6zle\u015fmesi\u2019nden \u00e7ekilmenin bedelini biz \u00f6d\u00fcyoruz. Devletin \u201ckoruma\u201d ad\u0131 alt\u0131ndaki mekanizmalar\u0131 yetersiz; nafaka hakk\u0131m\u0131z s\u00fcrekli tart\u0131\u015fma konusu yap\u0131l\u0131yor. Bu y\u00fczden 6284\u2019\u00fcn etkin uygulanmas\u0131n\u0131, \u015fiddete kar\u015f\u0131 etkili korunma, bar\u0131nma ve sosyal destek mekanizmalar\u0131n\u0131n art\u0131r\u0131lmas\u0131n\u0131 istiyoruz.<\/p>\n\n\n\n<p>Bizi aileye mahk\u00fbm eden politikalara kar\u015f\u0131, ya\u015fam\u0131n her alan\u0131nda var olma m\u00fccadelesi veriyoruz. \u201cKad\u0131n-erkek e\u015fit de\u011fildir\u201d s\u00f6ylemiyle beslenen bu gerici anlay\u0131\u015f, biz kad\u0131nlar\u0131 yaln\u0131zca \u201cannelik\u201d ya da \u201ce\u015flik\u201d \u00fczerinden tan\u0131ml\u0131yor. Oysa biz ya\u015fam\u0131 yeniden \u00fcretenleriz, \u00fcretimin her alan\u0131nda var\u0131z; sokakta, okulda, fabrikada, plazada, hastanede, tarlada \u00e7al\u0131\u015f\u0131yoruz. Bu nedenle bak\u0131m eme\u011finin toplumsalla\u015ft\u0131r\u0131lmas\u0131n\u0131, her mahallede ve i\u015fyerinde kre\u015f zorunlulu\u011funu, \u00fccretsiz ve kamusal bak\u0131m hizmetlerinin yayg\u0131nla\u015ft\u0131r\u0131lmas\u0131n\u0131 talep ediyoruz.<\/p>\n\n\n\n<p>Kad\u0131n bedeni \u00fczerindeki tahakk\u00fcm yaln\u0131zca evde, sokakta de\u011fil; do\u011fumhanede de kar\u015f\u0131m\u0131za \u00e7\u0131k\u0131yor. \u201cNormal do\u011fum\u201d dayatmas\u0131 \u00fczerinden y\u00fcr\u00fct\u00fclen tart\u0131\u015fmalar, kad\u0131nlar\u0131n nas\u0131l do\u011furaca\u011f\u0131na dair karar hakk\u0131n\u0131 dahi tan\u0131mayan bir zihniyetin \u00fcr\u00fcn\u00fcd\u00fcr. Bizim bedenimiz, bizim karar\u0131m\u0131z! Ne Tek Adam rejiminin ne de erkeklerin bedenimiz \u00fczerinde s\u00f6z hakk\u0131 var. Do\u011fumdan k\u00fcrtaja, sa\u011fl\u0131ktan ya\u015fam bi\u00e7imimize kadar her konuda kendi irademizi savunuyoruz.<\/p>\n\n\n\n<p>Lgbti+lar, g\u00f6\u00e7men kad\u0131nlar, gen\u00e7 kad\u0131nlar; eme\u011fi ucuz, hayat\u0131 de\u011fersiz g\u00f6r\u00fclenler; patriyarkal kapitalizmin \u00e7arklar\u0131n\u0131n d\u00f6nmesine en fazla katk\u0131 sa\u011flayan, bu d\u00fczenin en a\u011f\u0131r y\u00fck\u00fcn\u00fc ta\u015f\u0131yanlar\u2026 Bizim i\u00e7in m\u00fccadele \u00e7ok bi\u00e7imli ama k\u00f6k\u00fc ayn\u0131: Erkek egemenli\u011fine, s\u00f6m\u00fcr\u00fcye ve ayr\u0131mc\u0131l\u0131\u011fa kar\u015f\u0131 isyanday\u0131z! Bu y\u00fczden taleplerimiz sadece ekonomik de\u011fil, politik de: ILO 190\u2019\u0131n uygulanmas\u0131, i\u015fyerlerinde tacize kar\u015f\u0131 mekanizmalar kurulmas\u0131, toplumsal cinsiyet kimli\u011fi temelli ayr\u0131mc\u0131l\u0131\u011fa son verilmesi, g\u00f6\u00e7men kad\u0131nlara insanca ya\u015fam ko\u015fullar\u0131 sa\u011flanmas\u0131 hepimizin ortak m\u00fccadelesi.<\/p>\n\n\n\n<p>Bu 1 May\u0131s\u2019ta taleplerimiz yaln\u0131zca pankartlarda de\u011fil her bir ad\u0131m\u0131m\u0131zda, her bir slogan\u0131m\u0131zda yank\u0131lanacak. \u00c7\u00fcnk\u00fc bu d\u00fczeni de\u011fi\u015ftirecek olanlar biziz. Sadece taleplerimizi dile getirmeye de\u011fil, hayat\u0131n her alan\u0131nda \u00f6rg\u00fctlenmeye, dayan\u0131\u015fmaya, birlikte m\u00fccadele etmeye kararl\u0131y\u0131z.<\/p>\n\n\n\n<p>Kad\u0131n eme\u011fi s\u00f6m\u00fcr\u00fcs\u00fc bitene dek isyan\u0131m\u0131z da bitmeyecek!<\/p>\n","protected":false},"excerpt":{"rendered":"<p>1 May\u0131s yakla\u015f\u0131rken, kad\u0131nlar olarak yine sokakta olaca\u011f\u0131z. Ama bu sadece bir \u201cemek bayram\u0131\u201d de\u011fil bizim i\u00e7in. Bu, ya\u015fad\u0131\u011f\u0131m\u0131z \u00e7ok katmanl\u0131 s\u00f6m\u00fcr\u00fcye, \u015fiddete, d\u0131\u015flanmaya, yoksullu\u011fa, hayat\u0131m\u0131z\u0131n her alan\u0131na sirayet eden erkek egemen d\u00fczene kar\u015f\u0131 y\u00fckseltti\u011fimiz bir isyan g\u00fcn\u00fc. \u00c7\u00fcnk\u00fc bu sistem, hem eme\u011fimizi s\u00f6m\u00fcr\u00fcyor hem de ya\u015fam hakk\u0131m\u0131za g\u00f6z dikiyor. Krizin en yak\u0131c\u0131 etkilerini biz [&hellip;]<\/p>\n","protected":false},"author":2,"featured_media":3106,"comment_status":"closed","ping_status":"closed","sticky":false,"template":"","format":"standard","meta":{"footnotes":""},"categories":[88],"tags":[128,106,223,204],"class_list":["post-3104","post","type-post","status-publish","format-standard","has-post-thumbnail","hentry","category-deklarasyonlar","tag-1-mayis","tag-kadin-emegi","tag-kapitalizm","tag-patriyarka"],"_links":{"self":[{"href":"https:\/\/www.kadindayanismasi.net\/index.php\/wp-json\/wp\/v2\/posts\/3104","targetHints":{"allow":["GET"]}}],"collection":[{"href":"https:\/\/www.kadindayanismasi.net\/index.php\/wp-json\/wp\/v2\/posts"}],"about":[{"href":"https:\/\/www.kadindayanismasi.net\/index.php\/wp-json\/wp\/v2\/types\/post"}],"author":[{"embeddable":true,"href":"https:\/\/www.kadindayanismasi.net\/index.php\/wp-json\/wp\/v2\/users\/2"}],"replies":[{"embeddable":true,"href":"https:\/\/www.kadindayanismasi.net\/index.php\/wp-json\/wp\/v2\/comments?post=3104"}],"version-history":[{"count":1,"href":"https:\/\/www.kadindayanismasi.net\/index.php\/wp-json\/wp\/v2\/posts\/3104\/revisions"}],"predecessor-version":[{"id":3107,"href":"https:\/\/www.kadindayanismasi.net\/index.php\/wp-json\/wp\/v2\/posts\/3104\/revisions\/3107"}],"wp:featuredmedia":[{"embeddable":true,"href":"https:\/\/www.kadindayanismasi.net\/index.php\/wp-json\/wp\/v2\/media\/3106"}],"wp:attachment":[{"href":"https:\/\/www.kadindayanismasi.net\/index.php\/wp-json\/wp\/v2\/media?parent=3104"}],"wp:term":[{"taxonomy":"category","embeddable":true,"href":"https:\/\/www.kadindayanismasi.net\/index.php\/wp-json\/wp\/v2\/categories?post=3104"},{"taxonomy":"post_tag","embeddable":true,"href":"https:\/\/www.kadindayanismasi.net\/index.php\/wp-json\/wp\/v2\/tags?post=3104"}],"curies":[{"name":"wp","href":"https:\/\/api.w.org\/{rel}","templated":true}]}}