{"id":3108,"date":"2025-05-28T11:05:59","date_gmt":"2025-05-28T08:05:59","guid":{"rendered":"https:\/\/www.kadindayanismasi.net\/?p=3108"},"modified":"2025-05-28T11:06:00","modified_gmt":"2025-05-28T08:06:00","slug":"kadin-emegi-haritasi-atolyesinde-bir-araya-geldik","status":"publish","type":"post","link":"https:\/\/www.kadindayanismasi.net\/index.php\/2025\/05\/28\/kadin-emegi-haritasi-atolyesinde-bir-araya-geldik\/","title":{"rendered":"Kad\u0131n Eme\u011fi Haritas\u0131 At\u00f6lyesi&#8217;nde bir araya geldik"},"content":{"rendered":"\n<p>18 May\u0131s Pazar g\u00fcn\u00fc, hayat\u0131n her alan\u0131nda var olan, d\u00fcnyay\u0131 yeniden \u00fcreten ancak \u00e7o\u011fu zaman ad\u0131 bile an\u0131lmayan eme\u011fimiz \u00fczerine d\u00fc\u015f\u00fcnmek, hissetmek ve eme\u011fimizi g\u00f6r\u00fcn\u00fcr k\u0131lmak i\u00e7in \u201cKad\u0131n Eme\u011fi Haritas\u0131\u201d at\u00f6lyemizde bir araya geldik. Kad\u0131n eme\u011finin \u00e7o\u011fu zaman \u201cg\u00f6r\u00fcnmeyen emek\u201d olu\u015funa inat; duygular\u0131m\u0131z\u0131, \u00f6fkemizi, dayan\u0131\u015fmaya olan inanc\u0131m\u0131z\u0131 da i\u00e7ine katarak evde, i\u015fte, sokakta, hayat\u0131n her alan\u0131nda verdi\u011fimiz eme\u011fi bir nesneyle temsil etmeye \u00e7al\u0131\u015ft\u0131k. Diki\u015f i\u011fnesi, sar\u0131 bez, eski bir kuma\u015f par\u00e7as\u0131, boyalar\u2026 Hayatlar\u0131m\u0131z\u0131 <em>\u015fekillendirdik<\/em>, herkes g\u00f6rs\u00fcn diye!<\/p>\n\n\n\n<p>Kad\u0131n eme\u011fi \u00fczerine d\u00fc\u015f\u00fcn\u00fcrken annelerimizi, anneannelerimizi s\u0131k s\u0131k and\u0131k. Her an herkesi beslemeye haz\u0131r g\u00fc\u011f\u00fcmleri, arkada\u015f d\u00f6n\u00fc\u015f\u00fc balkon sohbetleri, su \u0131s\u0131t\u0131p torun eli y\u0131kayan sonsuz sevgileriyle anneanneler bizimleydi. Hi\u00e7 mi yorulmazlard\u0131? Pazarda, markette en ucuzunu araman\u0131n, azla ge\u00e7inebilmeyi m\u00fcmk\u00fcn k\u0131lman\u0131n, bazen a\u00e7 kalarak \u00e7ocuk doyurman\u0131n y\u00fck\u00fcn\u00fc ta\u015f\u0131yan anneleri de konu\u015ftuk bolca. Babalar nerede?<\/p>\n\n\n\n<figure class=\"wp-block-gallery has-nested-images columns-default is-cropped wp-block-gallery-1 is-layout-flex wp-block-gallery-is-layout-flex\">\n<figure class=\"wp-block-image size-large\"><img loading=\"lazy\" decoding=\"async\" width=\"1024\" height=\"769\" data-id=\"3114\" src=\"https:\/\/www.kadindayanismasi.net\/wp-content\/uploads\/2025\/05\/kadin_emegi_haritasi_atolye-1024x769.jpeg\" alt=\"\" class=\"wp-image-3114\" srcset=\"https:\/\/www.kadindayanismasi.net\/wp-content\/uploads\/2025\/05\/kadin_emegi_haritasi_atolye-1024x769.jpeg 1024w, https:\/\/www.kadindayanismasi.net\/wp-content\/uploads\/2025\/05\/kadin_emegi_haritasi_atolye-300x225.jpeg 300w, https:\/\/www.kadindayanismasi.net\/wp-content\/uploads\/2025\/05\/kadin_emegi_haritasi_atolye-768x577.jpeg 768w, https:\/\/www.kadindayanismasi.net\/wp-content\/uploads\/2025\/05\/kadin_emegi_haritasi_atolye-750x563.jpeg 750w, https:\/\/www.kadindayanismasi.net\/wp-content\/uploads\/2025\/05\/kadin_emegi_haritasi_atolye-1140x856.jpeg 1140w, https:\/\/www.kadindayanismasi.net\/wp-content\/uploads\/2025\/05\/kadin_emegi_haritasi_atolye.jpeg 1280w\" sizes=\"auto, (max-width: 1024px) 100vw, 1024px\" \/><\/figure>\n\n\n\n<figure class=\"wp-block-image size-large\"><img loading=\"lazy\" decoding=\"async\" width=\"768\" height=\"1024\" data-id=\"3115\" src=\"https:\/\/www.kadindayanismasi.net\/wp-content\/uploads\/2025\/05\/photo_5889003979839490414_y-768x1024.jpg\" alt=\"\" class=\"wp-image-3115\" srcset=\"https:\/\/www.kadindayanismasi.net\/wp-content\/uploads\/2025\/05\/photo_5889003979839490414_y-768x1024.jpg 768w, https:\/\/www.kadindayanismasi.net\/wp-content\/uploads\/2025\/05\/photo_5889003979839490414_y-225x300.jpg 225w, https:\/\/www.kadindayanismasi.net\/wp-content\/uploads\/2025\/05\/photo_5889003979839490414_y-750x1000.jpg 750w, https:\/\/www.kadindayanismasi.net\/wp-content\/uploads\/2025\/05\/photo_5889003979839490414_y.jpg 960w\" sizes=\"auto, (max-width: 768px) 100vw, 768px\" \/><\/figure>\n<\/figure>\n\n\n\n<p>Bazen bir tabak yemek \u00fczerinden y\u0131llar\u0131n y\u00fck\u00fc d\u00f6k\u00fcld\u00fc i\u00e7imizden. Saatlerce sofra haz\u0131rlad\u0131ktan sonra o sofrada kendine yer bulamayanlar, su b\u00f6re\u011finin en bol malzemeli k\u0131sm\u0131n\u0131 erkeklere servis edip kendisine d\u00fc\u015fen kuru kenarla yetinenler hep kad\u0131nlard\u0131 payla\u015f\u0131mlar\u0131m\u0131zda. \u0130\u00e7 malzemesinden bol bol b\u00f6re\u011fin kenarlar\u0131na da koyman\u0131n, en g\u00fczel par\u00e7adan bir dilim de kendine ay\u0131rman\u0131n g\u00fcc\u00fcne inanarak, eme\u011fimizi s\u00f6m\u00fcren bu d\u00fczene itiraz etmenin imkanlar\u0131n\u0131 arad\u0131k hep birlikte. Her birimizin emek hik\u00e2yesi \u00fczerine d\u00fc\u015f\u00fcnd\u00fck\u00e7e, ki\u015fisel hayatlar\u0131m\u0131zda yaln\u0131zca bize ait sand\u0131\u011f\u0131m\u0131z meselelerin asl\u0131nda ne kadar ortak ve ne kadar politik oldu\u011funu bir kez daha fark ettik. Patriyarkal kapitalizmin eme\u011fimizi g\u00f6r\u00fcnmez k\u0131lmas\u0131, \u201cfedak\u00e2r, cefak\u00e2r, kutsal kad\u0131n\/anne\u201d s\u00f6ylemleriyle \u00f6r\u00fclm\u00fc\u015f toplumsal rollere hapsedilmemiz elbette bir tesad\u00fcf de\u011fil. \u00c7\u00fcnk\u00fc bu d\u00fczen, kad\u0131nlar\u0131n eme\u011fini do\u011fal ve kar\u015f\u0131l\u0131ks\u0131z sayarak hem s\u00f6m\u00fcr\u00fcy\u00fc s\u00fcrd\u00fcrmeyi hem de mevcut iktidar ili\u015fkilerini yeniden \u00fcretmeyi ama\u00e7l\u0131yor. Ancak biz, kad\u0131nlara bi\u00e7ilen rolleri kabul etmiyoruz. Sofradaki pay\u0131, evdeki eme\u011fi, sokaktaki varl\u0131\u011f\u0131m\u0131z\u0131 sorguluyoruz.<\/p>\n\n\n\n<p>Pay\u0131m\u0131za d\u00fc\u015feni de\u011fil, hak etti\u011fimizi istiyoruz. Hayat\u0131n her alan\u0131nda m\u00fccadeleyle \u00f6r\u00fclm\u00fc\u015f bir yerimiz var. \u00c7\u00fcnk\u00fc eme\u011fimiz bizim! M\u00fccadelemiz her yerde!<\/p>\n","protected":false},"excerpt":{"rendered":"<p>18 May\u0131s Pazar g\u00fcn\u00fc, hayat\u0131n her alan\u0131nda var olan, d\u00fcnyay\u0131 yeniden \u00fcreten ancak \u00e7o\u011fu zaman ad\u0131 bile an\u0131lmayan eme\u011fimiz \u00fczerine d\u00fc\u015f\u00fcnmek, hissetmek ve eme\u011fimizi g\u00f6r\u00fcn\u00fcr k\u0131lmak i\u00e7in \u201cKad\u0131n Eme\u011fi Haritas\u0131\u201d at\u00f6lyemizde bir araya geldik. Kad\u0131n eme\u011finin \u00e7o\u011fu zaman \u201cg\u00f6r\u00fcnmeyen emek\u201d olu\u015funa inat; duygular\u0131m\u0131z\u0131, \u00f6fkemizi, dayan\u0131\u015fmaya olan inanc\u0131m\u0131z\u0131 da i\u00e7ine katarak evde, i\u015fte, sokakta, hayat\u0131n her [&hellip;]<\/p>\n","protected":false},"author":2,"featured_media":3110,"comment_status":"closed","ping_status":"closed","sticky":false,"template":"","format":"standard","meta":{"footnotes":""},"categories":[86],"tags":[176,106],"class_list":["post-3108","post","type-post","status-publish","format-standard","has-post-thumbnail","hentry","category-etkinlikler","tag-kadin-dayanismasi","tag-kadin-emegi"],"_links":{"self":[{"href":"https:\/\/www.kadindayanismasi.net\/index.php\/wp-json\/wp\/v2\/posts\/3108","targetHints":{"allow":["GET"]}}],"collection":[{"href":"https:\/\/www.kadindayanismasi.net\/index.php\/wp-json\/wp\/v2\/posts"}],"about":[{"href":"https:\/\/www.kadindayanismasi.net\/index.php\/wp-json\/wp\/v2\/types\/post"}],"author":[{"embeddable":true,"href":"https:\/\/www.kadindayanismasi.net\/index.php\/wp-json\/wp\/v2\/users\/2"}],"replies":[{"embeddable":true,"href":"https:\/\/www.kadindayanismasi.net\/index.php\/wp-json\/wp\/v2\/comments?post=3108"}],"version-history":[{"count":2,"href":"https:\/\/www.kadindayanismasi.net\/index.php\/wp-json\/wp\/v2\/posts\/3108\/revisions"}],"predecessor-version":[{"id":3116,"href":"https:\/\/www.kadindayanismasi.net\/index.php\/wp-json\/wp\/v2\/posts\/3108\/revisions\/3116"}],"wp:featuredmedia":[{"embeddable":true,"href":"https:\/\/www.kadindayanismasi.net\/index.php\/wp-json\/wp\/v2\/media\/3110"}],"wp:attachment":[{"href":"https:\/\/www.kadindayanismasi.net\/index.php\/wp-json\/wp\/v2\/media?parent=3108"}],"wp:term":[{"taxonomy":"category","embeddable":true,"href":"https:\/\/www.kadindayanismasi.net\/index.php\/wp-json\/wp\/v2\/categories?post=3108"},{"taxonomy":"post_tag","embeddable":true,"href":"https:\/\/www.kadindayanismasi.net\/index.php\/wp-json\/wp\/v2\/tags?post=3108"}],"curies":[{"name":"wp","href":"https:\/\/api.w.org\/{rel}","templated":true}]}}