{"id":3393,"date":"2026-01-28T15:52:36","date_gmt":"2026-01-28T12:52:36","guid":{"rendered":"https:\/\/www.kadindayanismasi.net\/?p=3393"},"modified":"2026-01-28T15:58:33","modified_gmt":"2026-01-28T12:58:33","slug":"kadin-iscilerin-sozuyle-smart-solar","status":"publish","type":"post","link":"https:\/\/www.kadindayanismasi.net\/index.php\/2026\/01\/28\/kadin-iscilerin-sozuyle-smart-solar\/","title":{"rendered":"Kad\u0131n i\u015f\u00e7ilerin s\u00f6z\u00fcyle Smart Solar direni\u015fi"},"content":{"rendered":"\n<p>Kad\u0131n i\u015f\u00e7ilerin y\u00fczde 70\u2019ini olu\u015fturdu\u011fu Smart Solar\u2019da grev, \u00fc\u00e7\u00fcnc\u00fc ay\u0131n\u0131 doldurdu. Grevin 80. g\u00fcn\u00fcnde yapt\u0131\u011f\u0131m\u0131z ziyarette dayan\u0131\u015fmay\u0131 b\u00fcy\u00fctmek i\u00e7in fabrika \u00f6n\u00fcnde tekrar bir araya geldik. Birle\u015fik Metal-\u0130\u015f\u2019te \u00f6rg\u00fctl\u00fc i\u015f\u00e7ilerin kararl\u0131l\u0131kla s\u00fcrd\u00fcrd\u00fc\u011f\u00fc s\u00fcre\u00e7, patronun sefalet dayatmas\u0131na kar\u015f\u0131 oldu\u011fu kadar, i\u015fte ve ya\u015fam\u0131n her alan\u0131nda kad\u0131n eme\u011finin g\u00f6r\u00fcnmez k\u0131l\u0131nmas\u0131na kar\u015f\u0131 da bir ba\u015fkald\u0131r\u0131. Direni\u015fin tam ortas\u0131nda ise kad\u0131n i\u015f\u00e7ilerin s\u00f6zleri, deneyimleri ve m\u00fccadelesi duruyor.<\/p>\n\n\n\n<p>Smart Solar\u2019daki grev, y\u0131llara yay\u0131lan bir sistematik bask\u0131 s\u00fcrecinin sonucu. Fabrikada sendikal \u00f6rg\u00fctlenme, patronun yetki davalar\u0131yla engellenmeye \u00e7al\u0131\u015f\u0131ld\u0131. Sendikala\u015fmaya \u00f6nc\u00fcl\u00fck eden bir kad\u0131n i\u015f\u00e7inin i\u015ften \u00e7\u0131kar\u0131lmas\u0131 \u00fczerine i\u015fgale gidildi ve sendika fabrikaya girdi. 22 Ekim\u2019de ba\u015flayan grev s\u00fcreci, i\u015f\u00e7ilerin y\u00fczde 50\u2019lik \u00fccret art\u0131\u015f\u0131 talebine kar\u015f\u0131l\u0131k patronun enflasyon kar\u015f\u0131s\u0131nda hi\u00e7bir anlam\u0131 olmayan y\u00fczde 6\u2019l\u0131k art\u0131\u015f\u0131 dayatmas\u0131yla \u015fekillendi. Bug\u00fcn gelinen noktada ise grev, \u00fccret m\u00fccadelesinin yan\u0131nda, ge\u00e7mi\u015fte kazan\u0131lm\u0131\u015f sendikal haklar\u0131n geri al\u0131nmak istenmesine kar\u015f\u0131 da y\u00fcr\u00fct\u00fcl\u00fcyor. Grev s\u00fcrecinde \u00fcretimin farkl\u0131 yollarla s\u00fcrd\u00fcr\u00fclmesi, kolluk kuvvetleri e\u015fli\u011finde sevkiyat yap\u0131lmas\u0131 giri\u015fimleri a\u00e7\u0131k bir grev k\u0131r\u0131c\u0131l\u0131k hatt\u0131 olu\u015ftururken, yak\u0131n d\u00f6nemde i\u015fyeri temsilcilerinin de aralar\u0131nda bulundu\u011fu 44 i\u015f\u00e7i hukuksuz bi\u00e7imde i\u015ften at\u0131ld\u0131. T\u00fcm bu sald\u0131r\u0131lara ra\u011fmen Smart Solar i\u015f\u00e7ileri, grev hakk\u0131n\u0131 savunarak direni\u015fi b\u00fcy\u00fctmeye devam ediyor.<\/p>\n\n\n<div class=\"wp-block-image\">\n<figure class=\"aligncenter size-large is-resized\"><img loading=\"lazy\" decoding=\"async\" width=\"1024\" height=\"682\" src=\"https:\/\/www.kadindayanismasi.net\/wp-content\/uploads\/2026\/01\/photo_2026-01-28_15-47-21-1024x682.jpg\" alt=\"\" class=\"wp-image-3390\" style=\"width:682px;height:auto\" srcset=\"https:\/\/www.kadindayanismasi.net\/wp-content\/uploads\/2026\/01\/photo_2026-01-28_15-47-21-1024x682.jpg 1024w, https:\/\/www.kadindayanismasi.net\/wp-content\/uploads\/2026\/01\/photo_2026-01-28_15-47-21-300x200.jpg 300w, https:\/\/www.kadindayanismasi.net\/wp-content\/uploads\/2026\/01\/photo_2026-01-28_15-47-21-768x512.jpg 768w, https:\/\/www.kadindayanismasi.net\/wp-content\/uploads\/2026\/01\/photo_2026-01-28_15-47-21-1536x1024.jpg 1536w, https:\/\/www.kadindayanismasi.net\/wp-content\/uploads\/2026\/01\/photo_2026-01-28_15-47-21-2048x1365.jpg 2048w, https:\/\/www.kadindayanismasi.net\/wp-content\/uploads\/2026\/01\/photo_2026-01-28_15-47-21-750x500.jpg 750w, https:\/\/www.kadindayanismasi.net\/wp-content\/uploads\/2026\/01\/photo_2026-01-28_15-47-21-1140x760.jpg 1140w\" sizes=\"auto, (max-width: 1024px) 100vw, 1024px\" \/><\/figure><\/div>\n\n\n<p>Kad\u0131n i\u015f\u00e7iler bu grevde yoksulluk dayatmas\u0131na itiraz\u0131n \u00f6tesinde; patriyarkal i\u015f b\u00f6l\u00fcm\u00fc ve devlet eliyle kurumsalla\u015fm\u0131\u015f bask\u0131 rejimiyle e\u015fzamanl\u0131 bir m\u00fccadele \u00f6r\u00fcyor. Grev alan\u0131nda kad\u0131nlar\u0131n payla\u015f\u0131mlar\u0131, direni\u015fin fabrikayla s\u0131n\u0131rl\u0131 olmad\u0131\u011f\u0131n\u0131 a\u00e7\u0131k\u00e7a g\u00f6steriyor. Kad\u0131nlar, grevin ilk g\u00fcnlerinde evde bu s\u00fcreci kabullendirmenin zaman ald\u0131\u011f\u0131n\u0131, ancak zamanla grevin g\u00fcndelik hayat\u0131 da d\u00f6n\u00fc\u015ft\u00fcrd\u00fc\u011f\u00fcn\u00fc aktar\u0131yor. Bir kad\u0131n i\u015f\u00e7i, grevle birlikte ev-i\u015f dengesinde ya\u015fanan de\u011fi\u015fimin, kendisi ve \u00e7ocu\u011fuyla daha fazla zaman ge\u00e7irebilmesine imk\u00e2n tan\u0131d\u0131\u011f\u0131n\u0131 belirtti. Bir ba\u015fka kad\u0131n i\u015f\u00e7i de, k\u0131sa s\u00fcreli olaca\u011f\u0131 s\u00f6ylenen ek mesailerin aylarca s\u00fcrmesiyle \u00e7al\u0131\u015fma temposunun g\u00fcndelik hayat\u0131 s\u00fcrd\u00fcr\u00fclemez hale getirdi\u011fini payla\u015ft\u0131. Bu deneyimler, kad\u0131nlar\u0131n yo\u011fun \u00e7al\u0131\u015fma temposu alt\u0131nda mahk\u00fbm edildi\u011fi zaman yoksullu\u011funu a\u00e7\u0131\u011fa \u00e7\u0131kar\u0131yor.<\/p>\n\n\n\n<p>Direni\u015f s\u00fcrerken morallerin y\u00fcksek oldu\u011fu grev alan\u0131nda bir kad\u0131n i\u015f\u00e7i, \u201c\u0130\u015fgali g\u00f6rd\u00fck, grevi ya\u015f\u0131yoruz; direni\u015fe devam\u201d s\u00f6zleriyle m\u00fccadelenin s\u00fcreklili\u011fini ortaya koyuyor. Smart Solar m\u00fccadelesi, emek ve kad\u0131n d\u00fc\u015fman\u0131 iktidar ve patronlara kar\u015f\u0131 m\u00fccadelemizin bir par\u00e7as\u0131d\u0131r.&nbsp;<\/p>\n\n\n\n<p>Ya\u015fas\u0131n kad\u0131n dayan\u0131\u015fmas\u0131!<\/p>\n\n\n\n<p>Smart Solar i\u015f\u00e7isi kazanacak!<\/p>\n","protected":false},"excerpt":{"rendered":"<p>Kad\u0131n i\u015f\u00e7ilerin y\u00fczde 70\u2019ini olu\u015fturdu\u011fu Smart Solar\u2019da grev, \u00fc\u00e7\u00fcnc\u00fc ay\u0131n\u0131 doldurdu. Grevin 80. g\u00fcn\u00fcnde yapt\u0131\u011f\u0131m\u0131z ziyarette dayan\u0131\u015fmay\u0131 b\u00fcy\u00fctmek i\u00e7in fabrika \u00f6n\u00fcnde tekrar bir araya geldik. Birle\u015fik Metal-\u0130\u015f\u2019te \u00f6rg\u00fctl\u00fc i\u015f\u00e7ilerin kararl\u0131l\u0131kla s\u00fcrd\u00fcrd\u00fc\u011f\u00fc s\u00fcre\u00e7, patronun sefalet dayatmas\u0131na kar\u015f\u0131 oldu\u011fu kadar, i\u015fte ve ya\u015fam\u0131n her alan\u0131nda kad\u0131n eme\u011finin g\u00f6r\u00fcnmez k\u0131l\u0131nmas\u0131na kar\u015f\u0131 da bir ba\u015fkald\u0131r\u0131. Direni\u015fin tam ortas\u0131nda ise [&hellip;]<\/p>\n","protected":false},"author":30,"featured_media":3389,"comment_status":"closed","ping_status":"closed","sticky":false,"template":"","format":"standard","meta":{"footnotes":""},"categories":[126],"tags":[385,386,176,171,384],"class_list":["post-3393","post","type-post","status-publish","format-standard","has-post-thumbnail","hentry","category-politika","tag-bmis","tag-grev","tag-kadin-dayanismasi","tag-kadin-isci","tag-smart-solar"],"_links":{"self":[{"href":"https:\/\/www.kadindayanismasi.net\/index.php\/wp-json\/wp\/v2\/posts\/3393","targetHints":{"allow":["GET"]}}],"collection":[{"href":"https:\/\/www.kadindayanismasi.net\/index.php\/wp-json\/wp\/v2\/posts"}],"about":[{"href":"https:\/\/www.kadindayanismasi.net\/index.php\/wp-json\/wp\/v2\/types\/post"}],"author":[{"embeddable":true,"href":"https:\/\/www.kadindayanismasi.net\/index.php\/wp-json\/wp\/v2\/users\/30"}],"replies":[{"embeddable":true,"href":"https:\/\/www.kadindayanismasi.net\/index.php\/wp-json\/wp\/v2\/comments?post=3393"}],"version-history":[{"count":2,"href":"https:\/\/www.kadindayanismasi.net\/index.php\/wp-json\/wp\/v2\/posts\/3393\/revisions"}],"predecessor-version":[{"id":3396,"href":"https:\/\/www.kadindayanismasi.net\/index.php\/wp-json\/wp\/v2\/posts\/3393\/revisions\/3396"}],"wp:featuredmedia":[{"embeddable":true,"href":"https:\/\/www.kadindayanismasi.net\/index.php\/wp-json\/wp\/v2\/media\/3389"}],"wp:attachment":[{"href":"https:\/\/www.kadindayanismasi.net\/index.php\/wp-json\/wp\/v2\/media?parent=3393"}],"wp:term":[{"taxonomy":"category","embeddable":true,"href":"https:\/\/www.kadindayanismasi.net\/index.php\/wp-json\/wp\/v2\/categories?post=3393"},{"taxonomy":"post_tag","embeddable":true,"href":"https:\/\/www.kadindayanismasi.net\/index.php\/wp-json\/wp\/v2\/tags?post=3393"}],"curies":[{"name":"wp","href":"https:\/\/api.w.org\/{rel}","templated":true}]}}