{"id":3466,"date":"2026-03-13T12:50:14","date_gmt":"2026-03-13T09:50:14","guid":{"rendered":"https:\/\/www.kadindayanismasi.net\/?p=3466"},"modified":"2026-03-13T13:16:24","modified_gmt":"2026-03-13T10:16:24","slug":"8-martin-ardindan","status":"publish","type":"post","link":"https:\/\/www.kadindayanismasi.net\/index.php\/2026\/03\/13\/8-martin-ardindan\/","title":{"rendered":"8 Mart\u2019\u0131n ard\u0131ndan: Ya\u015fam\u0131n her alan\u0131nda m\u00fccadelemizi g\u00fc\u00e7lendiriyoruz!"},"content":{"rendered":"\n<p>Bu 8 Mart\u2019ta da kad\u0131n ve lgbti+lar d\u00fcnyan\u0131n d\u00f6rt bir yan\u0131nda feminist dayan\u0131\u015fmay\u0131 \u00f6rmeye devam etti. K\u00fcresel kad\u0131n hareketinde e\u015fit ve \u00f6zg\u00fcr ya\u015fam talebi her \u00fclkede sokaklara ta\u015f\u0131nd\u0131. \u0130ran, Filistin ve Ukrayna\u2019da s\u00fcren direni\u015fle d\u00fcnya \u00e7ap\u0131nda enternasyonal dayan\u0131\u015fma \u00f6ne \u00e7\u0131kt\u0131. Barselona\u2019da s\u00f6m\u00fcrgeci ve fa\u015fist emperyalizme kar\u015f\u0131 transfeminizm vurgusuyla bir araya gelindi. Ukrayna\u2019da Rusya\u2019n\u0131n i\u015fgalinden bu yana ger\u00e7ekle\u015fen ilk 8 Mart kad\u0131n y\u00fcr\u00fcy\u00fc\u015f\u00fc; aileyi koruma odakl\u0131 medeni kanunu ve askeri tacizleri merkezine ald\u0131. Arjantin&#8217;de m\u00fccadeleyle kazan\u0131lan k\u00fcrtaj ve cinsel e\u011fitim gibi haklara sald\u0131ran Milei h\u00fck\u00fcmetine kar\u015f\u0131 kad\u0131nlar bir aradayd\u0131. Berlin&#8217;de 8 Mart eylemlerine feminist hareketin yan\u0131 s\u0131ra sendikalardan da yo\u011fun kat\u0131l\u0131m oldu. G\u00fcney Kore\u2019de toplumsal cinsiyet e\u015fitli\u011fi politikalar\u0131n\u0131 daraltma y\u00f6n\u00fcndeki ad\u0131mlara itirazlar y\u00fckseltildi. Brezilya&#8217;da kad\u0131n ve trans cinayetlerinin \u00f6nlenmesi ad\u0131na b\u00fct\u00e7e ayr\u0131lmas\u0131 talebinin alt\u0131n\u0131 \u00e7izdi. Pakistan\u2019da devletin demokratik ve yasal haklara y\u00f6nelik sald\u0131r\u0131s\u0131n\u0131n savunulmas\u0131, 8 Mart eylemlerinin ana vurgular\u0131ndan oldu. Paris&#8217;te Gisele Pelicot ve k\u0131z\u0131 Caroline Darian\u2019\u0131n da e\u015flik etti\u011fi y\u00fcr\u00fcy\u00fc\u015fte cinsel \u015fiddete ve muhafazak\u00e2rl\u0131\u011fa kar\u015f\u0131 ses \u00e7\u0131kar\u0131ld\u0131.<\/p>\n\n\n\n<p>Yasaklara, bask\u0131lara, t\u00fcm engellere ra\u011fmen T\u00fcrkiye\u2019nin d\u00f6rt bir yan\u0131nda da yine, yeniden bir araya geldik. \u0130stanbul 8 Mart Kad\u0131n Platformu\u2019nun \u00e7a\u011fr\u0131s\u0131yla 8 Mart sabah\u0131 onlarca kortej Kad\u0131k\u00f6y Bo\u011fa\u2019da bulu\u015fup sloganlar\u0131m\u0131zla R\u0131ht\u0131m\u2019a y\u00fcr\u00fcd\u00fck. \u201cYoksullu\u011fa, \u015fiddete, s\u00f6m\u00fcr\u00fcye, sava\u015fa kar\u015f\u0131 kad\u0131nlar isyanday\u0131z!\u201d diyerek erkek egemen s\u00f6m\u00fcr\u00fc d\u00fczenine, derinle\u015fen yoksullu\u011fa, erkek \u015fiddetine ve emperyalist sava\u015f ve sald\u0131rganl\u0131\u011fa kar\u015f\u0131 sesimizi y\u00fckselttik. 8 Mart ak\u015fam\u0131nda ise Taksim S\u0131raselviler\u2019de 24. Feminist Gece Y\u00fcr\u00fcy\u00fc\u015f\u00fc\u2019n\u00fcn \u00e7a\u011fr\u0131s\u0131yla bulu\u015ftuk, \u201cKurtulu\u015fumuz feminizmde!\u201d slogan\u0131yla d\u00fcnyay\u0131 de\u011fi\u015ftirme g\u00fcc\u00fcm\u00fcz\u00fc vurgulad\u0131k. Milliyet\u00e7i k\u0131\u015fk\u0131rtmalara kar\u015f\u0131n \u201cJin Jiyan Azadi \/ Kad\u0131n Ya\u015fam \u00d6zg\u00fcrl\u00fck\u201d slogan\u0131n\u0131 hayk\u0131rd\u0131k.<\/p>\n\n\n\n<p>Kad\u0131nlara ve lubunyalara y\u00f6nelik bask\u0131lar 8 Mart g\u00fcn\u00fcnde de devam etti; provokasyon ve g\u00f6zalt\u0131lara ra\u011fmen alan\u0131 dolduranlar, haklar\u0131 ve \u00f6zg\u00fcrl\u00fckleri i\u00e7in bir aradayd\u0131. Hem g\u00fcnd\u00fcz hem de gece yap\u0131lan g\u00f6zalt\u0131larda lgbti+lar do\u011frudan hedef al\u0131nd\u0131. G\u00f6kku\u015fa\u011f\u0131 bayraklar\u0131na ve lgbti+lar\u0131n bedenlerine y\u00f6nelik denetimin dozunu giderek art\u0131ran iktidar\u0131n sald\u0131r\u0131lar\u0131na bir kez daha tan\u0131k olduk. Patriyarkaya ve erkek egemen d\u00fczene kar\u015f\u0131 m\u00fccadelemiz, bask\u0131lar ve engellemelere ra\u011fmen devam ediyor, edecek.<\/p>\n\n\n\n<p>\u201cAile de\u011fil, kad\u0131n\u0131z!\u201d diyerek kad\u0131nlar\u0131n ya\u015famlar\u0131 ve bedenleri \u00fczerinde kurulmak istenen denetimi reddediyoruz.&nbsp;<\/p>\n\n\n\n<p>Yoksullu\u011fa ve ekonomik \u015fiddete kar\u015f\u0131 duruyor; g\u00fcvenceli i\u015f ve e\u015fde\u011fer i\u015fe e\u015fit \u00fccret taleplerimizi savunmaya devam ediyoruz. S\u00f6m\u00fcr\u00fcye dayal\u0131 bir emek d\u00fczenini kabul etmiyoruz.<\/p>\n\n\n\n<p>Kad\u0131nlar\u0131n \u015fiddetten korunmas\u0131 i\u00e7in \u0130stanbul S\u00f6zle\u015fmesi\u2019nin yeniden imzalanmas\u0131n\u0131 ve 6284 say\u0131l\u0131 kanunun etkin uygulanmas\u0131n\u0131 istiyoruz.&nbsp;<\/p>\n\n\n\n<p>Bir arada durdu\u011fumuz sokaklarda taleplerimizi g\u00f6r\u00fcn\u00fcr k\u0131l\u0131yoruz. S\u0131n\u0131r tan\u0131mayan feminist m\u00fccadelemiz; Filistin, Suriye ve \u0130ran\u2019da \u00f6zg\u00fcrl\u00fck i\u00e7in m\u00fccadele eden kad\u0131nlarla dayan\u0131\u015fma i\u00e7inde birle\u015fiyor. S\u00f6m\u00fcr\u00fcs\u00fcz ve e\u015fit bir d\u00fcnyay\u0131 birlikte kurana dek vazge\u00e7miyoruz.&nbsp;<\/p>\n\n\n\n<p>8 Mart\u2019ta d\u00fcnyan\u0131n d\u00f6rt bir yan\u0131nda sokaklar\u0131, meydanlar\u0131 dolduran kad\u0131nlardan; m\u00fccadele ve dayan\u0131\u015fmam\u0131zdan ald\u0131\u011f\u0131m\u0131z g\u00fc\u00e7 ile eme\u011fimiz, bedenimiz ve haklar\u0131m\u0131z i\u00e7in m\u00fccadeleyi b\u00fcy\u00fctmeye; ya\u015fam\u0131n her alan\u0131nda hak ve \u00f6zg\u00fcrl\u00fcklerimiz i\u00e7in direni\u015fimizi s\u00fcrd\u00fcrmeye devam edece\u011fiz!<\/p>\n","protected":false},"excerpt":{"rendered":"<p>Bu 8 Mart\u2019ta da kad\u0131n ve lgbti+lar d\u00fcnyan\u0131n d\u00f6rt bir yan\u0131nda feminist dayan\u0131\u015fmay\u0131 \u00f6rmeye devam etti. K\u00fcresel kad\u0131n hareketinde e\u015fit ve \u00f6zg\u00fcr ya\u015fam talebi her \u00fclkede sokaklara ta\u015f\u0131nd\u0131. \u0130ran, Filistin ve Ukrayna\u2019da s\u00fcren direni\u015fle d\u00fcnya \u00e7ap\u0131nda enternasyonal dayan\u0131\u015fma \u00f6ne \u00e7\u0131kt\u0131. Barselona\u2019da s\u00f6m\u00fcrgeci ve fa\u015fist emperyalizme kar\u015f\u0131 transfeminizm vurgusuyla bir araya gelindi. Ukrayna\u2019da Rusya\u2019n\u0131n i\u015fgalinden bu [&hellip;]<\/p>\n","protected":false},"author":2,"featured_media":3467,"comment_status":"closed","ping_status":"closed","sticky":false,"template":"","format":"standard","meta":{"footnotes":""},"categories":[46,126,82],"tags":[120,238,124,159,103],"class_list":["post-3466","post","type-post","status-publish","format-standard","has-post-thumbnail","hentry","category-beynelmilel","category-politika","category-uluslararasi-mucadele","tag-8-mart","tag-enternasyonal-dayanisma","tag-feminist-mucadele","tag-kadin-mucadelesi","tag-uluslararasi-kadin-hareketi"],"_links":{"self":[{"href":"https:\/\/www.kadindayanismasi.net\/index.php\/wp-json\/wp\/v2\/posts\/3466","targetHints":{"allow":["GET"]}}],"collection":[{"href":"https:\/\/www.kadindayanismasi.net\/index.php\/wp-json\/wp\/v2\/posts"}],"about":[{"href":"https:\/\/www.kadindayanismasi.net\/index.php\/wp-json\/wp\/v2\/types\/post"}],"author":[{"embeddable":true,"href":"https:\/\/www.kadindayanismasi.net\/index.php\/wp-json\/wp\/v2\/users\/2"}],"replies":[{"embeddable":true,"href":"https:\/\/www.kadindayanismasi.net\/index.php\/wp-json\/wp\/v2\/comments?post=3466"}],"version-history":[{"count":4,"href":"https:\/\/www.kadindayanismasi.net\/index.php\/wp-json\/wp\/v2\/posts\/3466\/revisions"}],"predecessor-version":[{"id":3473,"href":"https:\/\/www.kadindayanismasi.net\/index.php\/wp-json\/wp\/v2\/posts\/3466\/revisions\/3473"}],"wp:featuredmedia":[{"embeddable":true,"href":"https:\/\/www.kadindayanismasi.net\/index.php\/wp-json\/wp\/v2\/media\/3467"}],"wp:attachment":[{"href":"https:\/\/www.kadindayanismasi.net\/index.php\/wp-json\/wp\/v2\/media?parent=3466"}],"wp:term":[{"taxonomy":"category","embeddable":true,"href":"https:\/\/www.kadindayanismasi.net\/index.php\/wp-json\/wp\/v2\/categories?post=3466"},{"taxonomy":"post_tag","embeddable":true,"href":"https:\/\/www.kadindayanismasi.net\/index.php\/wp-json\/wp\/v2\/tags?post=3466"}],"curies":[{"name":"wp","href":"https:\/\/api.w.org\/{rel}","templated":true}]}}