{"id":3541,"date":"2026-04-29T11:06:24","date_gmt":"2026-04-29T08:06:24","guid":{"rendered":"https:\/\/www.kadindayanismasi.net\/?p=3541"},"modified":"2026-04-29T11:17:06","modified_gmt":"2026-04-29T08:17:06","slug":"mesaiden-perdeye-10-film","status":"publish","type":"post","link":"https:\/\/www.kadindayanismasi.net\/index.php\/2026\/04\/29\/mesaiden-perdeye-10-film\/","title":{"rendered":"Mesaiden perdeye: kad\u0131n i\u015f\u00e7ilerin d\u00fcnyas\u0131na ve emek m\u00fccadelesine odaklanan 10 film"},"content":{"rendered":"\n<p><em>1 May\u0131s yakla\u015f\u0131rken, kad\u0131n i\u015f\u00e7ilerin deneyimlerine ve m\u00fccadelelerine odaklanan filmleri birlikte hat\u0131rlayal\u0131m istedik. \u0130\u015f\u00e7i s\u0131n\u0131f\u0131 sinemas\u0131n\u0131n bu etkileyici \u00f6rnekleri arac\u0131l\u0131\u011f\u0131yla, kad\u0131nlar\u0131n hem toplumsal haklar\u0131 i\u00e7in verdikleri m\u00fccadeleye hem de hayat\u0131n i\u00e7indeki en g\u00fcndelik, en yal\u0131n hallerine tan\u0131k oluyoruz. Hayat\u0131n t\u00fcm a\u011f\u0131rl\u0131\u011f\u0131na ra\u011fmen kad\u0131n dayan\u0131\u015fmas\u0131n\u0131n en zor anlarda nas\u0131l filizlendi\u011fini ve her \u015feyi nas\u0131l d\u00f6n\u00fc\u015ft\u00fcrd\u00fc\u011f\u00fcn\u00fc g\u00f6r\u00fcyoruz. Perdeye yans\u0131yan bu hik\u00e2yeler, hayat\u0131 kad\u0131n eme\u011finin d\u00f6nd\u00fcrd\u00fc\u011f\u00fcn\u00fc bizlere bir kez daha hat\u0131rlat\u0131yor. \u0130yi seyirler!<\/em><\/p>\n\n\n\n<p><strong>1) Annemle Ge\u00e7en Yaz<\/strong> <strong>(Anna Muylaert, 2015)<\/strong><\/p>\n\n\n<div class=\"wp-block-image\">\n<figure class=\"aligncenter size-full is-resized\"><img loading=\"lazy\" decoding=\"async\" width=\"494\" height=\"329\" src=\"https:\/\/www.kadindayanismasi.net\/wp-content\/uploads\/2026\/04\/image.png\" alt=\"\" class=\"wp-image-3543\" style=\"width:564px;height:auto\" srcset=\"https:\/\/www.kadindayanismasi.net\/wp-content\/uploads\/2026\/04\/image.png 494w, https:\/\/www.kadindayanismasi.net\/wp-content\/uploads\/2026\/04\/image-300x200.png 300w\" sizes=\"auto, (max-width: 494px) 100vw, 494px\" \/><\/figure><\/div>\n\n\n<p>Brezilya\u2019da ge\u00e7en <em>Annemle Ge\u00e7en Yaz (Que Horas Ela Volta?)<\/em>, s\u0131n\u0131f \u00e7at\u0131\u015fmas\u0131n\u0131 bir evin mutfa\u011f\u0131ndan hik\u00e2yele\u015ftiren son derece yal\u0131n ama bir o kadar da etkili bir kad\u0131n i\u015f\u00e7i filmi. Film, y\u0131llard\u0131r zengin bir ailenin yan\u0131nda yat\u0131l\u0131 kalan Val\u2019in hayat\u0131n\u0131n, \u00fcniversite s\u0131nav\u0131na haz\u0131rlanmak i\u00e7in \u015fehre gelen k\u0131z\u0131 Jessica\u2019n\u0131n varl\u0131\u011f\u0131yla sars\u0131lmas\u0131n\u0131 konu al\u0131yor. Filmin ba\u015f\u0131nda i\u015fverenlerle kurulan o s\u0131cak ve sanki aileden biriymi\u015f gibi hissettiren ba\u011f\u0131n, s\u0131n\u0131rlar\u0131 a\u015fmaya d\u00f6n\u00fck en ufak bir tehditle nas\u0131l bamba\u015fka bir hal ald\u0131\u011f\u0131na tan\u0131k oluyoruz. Val, evin i\u00e7indeki yerini ve g\u00f6r\u00fcnmez s\u0131n\u0131rlar\u0131n\u0131 tamamen kabullenmi\u015fken k\u0131z\u0131 bu sessiz anla\u015fmay\u0131 bozuyor ve olanlar oluyor.<\/p>\n\n\n\n<p><strong>2) Dakikalar\u0131 Sayanlar (Jill Sprecher, 1997)<\/strong><\/p>\n\n\n<div class=\"wp-block-image\">\n<figure class=\"aligncenter size-large is-resized\"><img loading=\"lazy\" decoding=\"async\" width=\"1024\" height=\"554\" src=\"https:\/\/www.kadindayanismasi.net\/wp-content\/uploads\/2026\/04\/clockwatchers-3-1024x554.jpg\" alt=\"\" class=\"wp-image-3549\" style=\"width:576px;height:auto\" srcset=\"https:\/\/www.kadindayanismasi.net\/wp-content\/uploads\/2026\/04\/clockwatchers-3-1024x554.jpg 1024w, https:\/\/www.kadindayanismasi.net\/wp-content\/uploads\/2026\/04\/clockwatchers-3-300x162.jpg 300w, https:\/\/www.kadindayanismasi.net\/wp-content\/uploads\/2026\/04\/clockwatchers-3-768x415.jpg 768w, https:\/\/www.kadindayanismasi.net\/wp-content\/uploads\/2026\/04\/clockwatchers-3-1536x830.jpg 1536w, https:\/\/www.kadindayanismasi.net\/wp-content\/uploads\/2026\/04\/clockwatchers-3-750x405.jpg 750w, https:\/\/www.kadindayanismasi.net\/wp-content\/uploads\/2026\/04\/clockwatchers-3-1140x616.jpg 1140w, https:\/\/www.kadindayanismasi.net\/wp-content\/uploads\/2026\/04\/clockwatchers-3.jpg 1924w\" sizes=\"auto, (max-width: 1024px) 100vw, 1024px\" \/><\/figure><\/div>\n\n\n<p>90\u2019l\u0131 y\u0131llar\u0131n Amerikan b\u00fcrolar\u0131nda ge\u00e7en <em>Dakikalar\u0131 Sayanlar (Clockwatchers)<\/em>, bir \u015firkette d\u00f6nemsel i\u015f\u00e7i olarak \u00e7al\u0131\u015fan d\u00f6rt kad\u0131n\u0131n sistemin en alt\u0131nda hayatta kalma m\u00fccadelesini ve kurumsal bir kast sistemi i\u00e7indeki konumlar\u0131n\u0131 konu al\u0131yor. Ba\u015flang\u0131\u00e7ta aralar\u0131ndaki dayan\u0131\u015fmay\u0131 g\u00f6rd\u00fc\u011f\u00fcm\u00fcz kad\u0131nlar\u0131n ili\u015fkisi, ofis i\u00e7inde ya\u015fanan baz\u0131 geli\u015fmelerin y\u00f6netim taraf\u0131ndan bir bask\u0131 ve denetim mekanizmas\u0131na d\u00f6n\u00fc\u015ft\u00fcr\u00fclmesiyle yerini i\u015fsizlik ve gelecek kayg\u0131s\u0131yla b\u00fcy\u00fcyen g\u00fcvensizli\u011fe b\u0131rak\u0131yor. Sorunun ger\u00e7ek kayna\u011f\u0131n\u0131 sorgulamak yerine t\u00fcm dikkati \u00e7al\u0131\u015fanlar aras\u0131ndaki \u015f\u00fcpheye odaklayan bu d\u00fczen, kad\u0131nlar\u0131n birbirlerine olan g\u00fcvenini sistematik olarak zedeliyor. G\u00fcvencesizlik ve cinsiyet\u00e7i i\u015fb\u00f6l\u00fcm\u00fc pen\u00e7esinde kad\u0131nlar yine de dayan\u0131\u015fman\u0131n yolunu aramaktan vazge\u00e7miyor.<\/p>\n\n\n\n<p><strong>3)<\/strong> <strong>Toz Bezi (Ahu \u00d6zt\u00fcrk, 2015)<\/strong><\/p>\n\n\n<div class=\"wp-block-image\">\n<figure class=\"aligncenter size-full is-resized\"><img loading=\"lazy\" decoding=\"async\" width=\"541\" height=\"406\" src=\"https:\/\/www.kadindayanismasi.net\/wp-content\/uploads\/2026\/04\/image-1.png\" alt=\"\" class=\"wp-image-3550\" style=\"width:585px;height:auto\" srcset=\"https:\/\/www.kadindayanismasi.net\/wp-content\/uploads\/2026\/04\/image-1.png 541w, https:\/\/www.kadindayanismasi.net\/wp-content\/uploads\/2026\/04\/image-1-300x225.png 300w\" sizes=\"auto, (max-width: 541px) 100vw, 541px\" \/><\/figure><\/div>\n\n\n<p>\u0130stanbul\u2019un karma\u015fas\u0131nda, l\u00fcks semtlerle yoksul mahalleler aras\u0131nda mekik dokuyan Hatun ve Nesrin\u2019in hik\u00e2yesini izliyoruz bu filmde. T\u00fcm s\u0131n\u0131fsal gerilimler, kentin i\u00e7indeki derin e\u015fitsizlikler filmin ad\u0131nda, kad\u0131nlar\u0131n eme\u011finde somutla\u015f\u0131yor adeta. Film, ev temizli\u011fine giden bu iki kad\u0131n\u0131n d\u00fcnyas\u0131n\u0131 anlat\u0131rken sadece ekonomik zorluklar\u0131 de\u011fil, ayn\u0131 zamanda aidiyet duygusunun ve kimlik aray\u0131\u015f\u0131n\u0131n ne kadar h\u0131rpalay\u0131c\u0131 olabilece\u011fini de g\u00f6steriyor. Kad\u0131n eme\u011finin g\u00f6r\u00fcnmezli\u011fi, s\u00f6m\u00fcr\u00fc, g\u00fcndelik hayat\u0131n her an\u0131na sirayet etmi\u015fken <em>Toz Bezi<\/em> bize&nbsp;kad\u0131nlar\u0131n birbirine tutunma \u00e7abas\u0131n\u0131, kad\u0131n dayan\u0131\u015fmas\u0131n\u0131 son derece etkileyici bir \u015fekilde anlatmaya u\u011fra\u015f\u0131yor.<\/p>\n\n\n\n<p><strong>4) Norma Rae (Martin Ritt, 1979)<\/strong><\/p>\n\n\n<div class=\"wp-block-image\">\n<figure class=\"aligncenter size-full is-resized\"><img loading=\"lazy\" decoding=\"async\" width=\"900\" height=\"600\" src=\"https:\/\/www.kadindayanismasi.net\/wp-content\/uploads\/2026\/04\/FhZd2QQ9bkwke047Or5mRiEcQt9LfkTCdUFEqJTc.jpeg\" alt=\"\" class=\"wp-image-3552\" style=\"width:576px;height:auto\" srcset=\"https:\/\/www.kadindayanismasi.net\/wp-content\/uploads\/2026\/04\/FhZd2QQ9bkwke047Or5mRiEcQt9LfkTCdUFEqJTc.jpeg 900w, https:\/\/www.kadindayanismasi.net\/wp-content\/uploads\/2026\/04\/FhZd2QQ9bkwke047Or5mRiEcQt9LfkTCdUFEqJTc-300x200.jpeg 300w, https:\/\/www.kadindayanismasi.net\/wp-content\/uploads\/2026\/04\/FhZd2QQ9bkwke047Or5mRiEcQt9LfkTCdUFEqJTc-768x512.jpeg 768w, https:\/\/www.kadindayanismasi.net\/wp-content\/uploads\/2026\/04\/FhZd2QQ9bkwke047Or5mRiEcQt9LfkTCdUFEqJTc-750x500.jpeg 750w\" sizes=\"auto, (max-width: 900px) 100vw, 900px\" \/><\/figure><\/div>\n\n\n<p><em>Norma Rae<\/em>, Kuzey Carolinal\u0131 bir tekstil i\u015f\u00e7isi olan Crystal Lee Sutton\u2019un ger\u00e7ek ya\u015fam \u00f6yk\u00fcs\u00fcnden yola \u00e7\u0131k\u0131yor. Amerika\u2019n\u0131n g\u00fcneyindeki bir tekstil kasabas\u0131nda ge\u00e7en bu film, a\u011f\u0131r \u00e7al\u0131\u015fma ko\u015fullar\u0131na kar\u015f\u0131 verilen onurlu bir direni\u015fi bir kad\u0131n\u0131n m\u00fccadelesi \u00fczerinden anlat\u0131yor. Film, d\u00fc\u015f\u00fck \u00fccretler ve sa\u011fl\u0131ks\u0131z \u00e7al\u0131\u015fma ko\u015fullar\u0131na mecbur b\u0131rak\u0131lan Norma Rae\u2019nin hayat\u0131n\u0131n, fabrikaya gelen bir sendika \u00f6rg\u00fctlenme uzman\u0131yla k\u00f6kten de\u011fi\u015fmesini konu al\u0131yor. Norma Rae\u2019nin o g\u00fcne kadar kabullendi\u011fi bu s\u00f6m\u00fcr\u00fc d\u00fczeni, yerini ilmek ilmek \u00f6r\u00fclen kararl\u0131 bir \u00f6rg\u00fctlenme s\u00fcrecine b\u0131rak\u0131yor. Film, kolektif m\u00fccadelenin ve i\u015f\u00e7ilerin \u00fcretimden gelen g\u00fcc\u00fcn\u00fc kullanman\u0131n, olmaz denileni oldurman\u0131n en b\u00fcy\u00fck anahtar\u0131 oldu\u011funun \u00f6nemli bir \u00f6rne\u011fi.<\/p>\n\n\n\n<p><strong>5) \u0130ki G\u00fcn, Bir Gece (Jean-Pierre ve Luc Dardenne, 2014)<\/strong><\/p>\n\n\n<div class=\"wp-block-image\">\n<figure class=\"aligncenter size-large is-resized\"><img loading=\"lazy\" decoding=\"async\" width=\"1024\" height=\"681\" src=\"https:\/\/www.kadindayanismasi.net\/wp-content\/uploads\/2026\/04\/Two-Days-One-Night-4-1024x681.jpg\" alt=\"\" class=\"wp-image-3555\" style=\"width:596px;height:auto\" srcset=\"https:\/\/www.kadindayanismasi.net\/wp-content\/uploads\/2026\/04\/Two-Days-One-Night-4-1024x681.jpg 1024w, https:\/\/www.kadindayanismasi.net\/wp-content\/uploads\/2026\/04\/Two-Days-One-Night-4-300x200.jpg 300w, https:\/\/www.kadindayanismasi.net\/wp-content\/uploads\/2026\/04\/Two-Days-One-Night-4-768x511.jpg 768w, https:\/\/www.kadindayanismasi.net\/wp-content\/uploads\/2026\/04\/Two-Days-One-Night-4-750x499.jpg 750w, https:\/\/www.kadindayanismasi.net\/wp-content\/uploads\/2026\/04\/Two-Days-One-Night-4-1140x758.jpg 1140w, https:\/\/www.kadindayanismasi.net\/wp-content\/uploads\/2026\/04\/Two-Days-One-Night-4.jpg 1200w\" sizes=\"auto, (max-width: 1024px) 100vw, 1024px\" \/><\/figure><\/div>\n\n\n<p>\u0130\u015fini kaybetme tehlikesiyle kar\u015f\u0131 kar\u015f\u0131ya kalan Sandra\u2019n\u0131n bir hafta sonuna s\u0131k\u0131\u015ft\u0131r\u0131lm\u0131\u015f onur m\u00fccadelesini izliyoruz <em>\u0130ki G\u00fcn, Bir Gece<\/em>\u2019de <em>(Deux jours, une nuit)<\/em>. Patron i\u00e7in Sandra\u2019n\u0131n i\u015fini kaybetmemesinin tek yolu \u00e7al\u0131\u015fma arkada\u015flar\u0131n\u0131n primlerinden vazge\u00e7mesi. Bu ac\u0131mas\u0131z ko\u015ful, sistemin i\u015f\u00e7iler aras\u0131ndaki dayan\u0131\u015fmay\u0131 engellemesi ve dahas\u0131 i\u015f\u00e7ileri birbirine k\u0131rd\u0131rmay\u0131 hedefliyor. \u0130lk oylamada arkada\u015flar\u0131n\u0131n primden yana tav\u0131r almas\u0131yla i\u015fini kaybeden ancak son bir \u015fans i\u00e7in herkesi tek tek ikna etmeye \u00e7al\u0131\u015fan Sandra\u2019n\u0131n bu \u00e7abas\u0131, asl\u0131nda modern \u00e7al\u0131\u015fma hayat\u0131n\u0131n insan haysiyetini s\u0131nad\u0131\u011f\u0131 devasa bir insanl\u0131k testi. Filmdeki her bir ikna \u00e7abas\u0131nda s\u0131n\u0131f dayan\u0131\u015fmas\u0131n\u0131n ne kadar zor ve k\u0131r\u0131lgan ama bir o kadar da mecburi oldu\u011funu g\u00f6r\u00fcyoruz.<\/p>\n\n\n\n<p><strong>6) Kad\u0131n Metal \u0130\u015f\u00e7ileri<\/strong> <strong>(Renato Tapaj\u00f3s &#8211; Olga Futemma, 1978)<\/strong><\/p>\n\n\n<div class=\"wp-block-image\">\n<figure class=\"aligncenter size-large is-resized\"><img loading=\"lazy\" decoding=\"async\" width=\"1024\" height=\"498\" src=\"https:\/\/www.kadindayanismasi.net\/wp-content\/uploads\/2026\/04\/MV5BMTVhMDgxNGItZWI5ZS00MjRlLThjNjAtMmM3N2UzYzQ4MWMyXkEyXkFqcGc@._V1_-1024x498.jpg\" alt=\"\" class=\"wp-image-3559\" style=\"width:614px;height:auto\" srcset=\"https:\/\/www.kadindayanismasi.net\/wp-content\/uploads\/2026\/04\/MV5BMTVhMDgxNGItZWI5ZS00MjRlLThjNjAtMmM3N2UzYzQ4MWMyXkEyXkFqcGc@._V1_-1024x498.jpg 1024w, https:\/\/www.kadindayanismasi.net\/wp-content\/uploads\/2026\/04\/MV5BMTVhMDgxNGItZWI5ZS00MjRlLThjNjAtMmM3N2UzYzQ4MWMyXkEyXkFqcGc@._V1_-300x146.jpg 300w, https:\/\/www.kadindayanismasi.net\/wp-content\/uploads\/2026\/04\/MV5BMTVhMDgxNGItZWI5ZS00MjRlLThjNjAtMmM3N2UzYzQ4MWMyXkEyXkFqcGc@._V1_-768x374.jpg 768w, https:\/\/www.kadindayanismasi.net\/wp-content\/uploads\/2026\/04\/MV5BMTVhMDgxNGItZWI5ZS00MjRlLThjNjAtMmM3N2UzYzQ4MWMyXkEyXkFqcGc@._V1_-1536x747.jpg 1536w, https:\/\/www.kadindayanismasi.net\/wp-content\/uploads\/2026\/04\/MV5BMTVhMDgxNGItZWI5ZS00MjRlLThjNjAtMmM3N2UzYzQ4MWMyXkEyXkFqcGc@._V1_-2048x996.jpg 2048w, https:\/\/www.kadindayanismasi.net\/wp-content\/uploads\/2026\/04\/MV5BMTVhMDgxNGItZWI5ZS00MjRlLThjNjAtMmM3N2UzYzQ4MWMyXkEyXkFqcGc@._V1_-750x365.jpg 750w, https:\/\/www.kadindayanismasi.net\/wp-content\/uploads\/2026\/04\/MV5BMTVhMDgxNGItZWI5ZS00MjRlLThjNjAtMmM3N2UzYzQ4MWMyXkEyXkFqcGc@._V1_-1140x555.jpg 1140w\" sizes=\"auto, (max-width: 1024px) 100vw, 1024px\" \/><\/figure><\/div>\n\n\n<p>Bu sefer 70\u2019lerin sonunda yine Brezilya\u2019day\u0131z. Bu belgesel, otomotiv sekt\u00f6r\u00fcndeki bask\u0131ya kar\u015f\u0131 direnen kad\u0131n metal i\u015f\u00e7ilerinin m\u00fccadelesini mercek alt\u0131na al\u0131yor. A\u011f\u0131r sanayi denince akla gelen erkek egemen d\u00fcnyada kad\u0131nlar\u0131n nas\u0131l bir varolu\u015f sava\u015f\u0131 verdi\u011fini, 1978 y\u0131l\u0131nda ilk defa d\u00fczenlenen Metal \u0130\u015f\u00e7isi Kad\u0131nlar Kongresi\u2019nden kesitlerle ve kad\u0131nlar\u0131n greve \u00e7\u0131kmas\u0131na neden olan a\u011f\u0131r \u00e7al\u0131\u015fma ko\u015fullar\u0131n\u0131 belgeleyerek sunuyor. Ate\u015fin ve devasa metal y\u0131\u011f\u0131nlar\u0131n\u0131n aras\u0131nda kad\u0131nlar\u0131n g\u00f6r\u00fcnmez k\u0131l\u0131nan eme\u011fi, <em>Kad\u0131n Metal \u0130\u015f\u00e7ileri (Trabalhadoras Metal\u00fargicas)<\/em> belgeseliyle beraber hak etti\u011fi politik g\u00f6r\u00fcn\u00fcrl\u00fc\u011f\u00fc kazan\u0131yor.<\/p>\n\n\n\n<p><strong>7)<\/strong> <strong>Made in Dagenham (Nigel Cole, 2010)<\/strong><\/p>\n\n\n<div class=\"wp-block-image\">\n<figure class=\"aligncenter size-large is-resized\"><img loading=\"lazy\" decoding=\"async\" width=\"1024\" height=\"537\" src=\"https:\/\/www.kadindayanismasi.net\/wp-content\/uploads\/2026\/04\/image-2-1024x537.png\" alt=\"\" class=\"wp-image-3560\" style=\"width:668px;height:auto\" srcset=\"https:\/\/www.kadindayanismasi.net\/wp-content\/uploads\/2026\/04\/image-2-1024x537.png 1024w, https:\/\/www.kadindayanismasi.net\/wp-content\/uploads\/2026\/04\/image-2-300x157.png 300w, https:\/\/www.kadindayanismasi.net\/wp-content\/uploads\/2026\/04\/image-2-768x402.png 768w, https:\/\/www.kadindayanismasi.net\/wp-content\/uploads\/2026\/04\/image-2-750x393.png 750w, https:\/\/www.kadindayanismasi.net\/wp-content\/uploads\/2026\/04\/image-2-1140x597.png 1140w, https:\/\/www.kadindayanismasi.net\/wp-content\/uploads\/2026\/04\/image-2.png 1496w\" sizes=\"auto, (max-width: 1024px) 100vw, 1024px\" \/><\/figure><\/div>\n\n\n<p>1968 y\u0131l\u0131nda \u0130ngiltere\u2019nin Dagenham kasabas\u0131ndaki Ford fabrikas\u0131nda ge\u00e7en bu film, kad\u0131n i\u015f\u00e7ilerin cinsiyet ayr\u0131mc\u0131l\u0131\u011f\u0131na kar\u015f\u0131 ba\u015flatt\u0131klar\u0131 direni\u015fi konu al\u0131yor. Rita O\u2019Grady liderli\u011findeki kad\u0131nlar\u0131n, yapt\u0131klar\u0131 i\u015fin vas\u0131fs\u0131z olarak g\u00f6r\u00fclmesine itiraz ederek ba\u015flatt\u0131klar\u0131 \u201ce\u015fit i\u015fe e\u015fit \u00fccret\u201d m\u00fccadelesi sadece fabrika i\u00e7indeki zorlu \u00e7al\u0131\u015fma ko\u015fullar\u0131na ya da ge\u00e7im derdine kar\u015f\u0131 de\u011fil, zamanla hem i\u015fverenlerine hem de kendi sendika y\u00f6netimlerine kar\u015f\u0131 da bir m\u00fccadeleye d\u00f6n\u00fc\u015f\u00fcyor. Ford\u2019un \u00fcretim band\u0131ndan parlamentonun koridorlar\u0131na kadar uzanan bu m\u00fccadele, d\u00fcnyan\u0131n herhangi bir yerindeki bir fabrikada y\u00fcr\u00fct\u00fclen m\u00fccadelenin t\u00fcm kad\u0131n i\u015f\u00e7iler i\u00e7in bir kazan\u0131m oldu\u011funu da hat\u0131rlat\u0131yor.<\/p>\n\n\n\n<p><strong>8) Karamel (Nadine Labaki, 2007)<\/strong><\/p>\n\n\n<div class=\"wp-block-image\">\n<figure class=\"aligncenter size-large is-resized\"><img loading=\"lazy\" decoding=\"async\" width=\"1024\" height=\"555\" src=\"https:\/\/www.kadindayanismasi.net\/wp-content\/uploads\/2026\/04\/caramel-1024x555.jpg\" alt=\"\" class=\"wp-image-3561\" style=\"width:652px;height:auto\" srcset=\"https:\/\/www.kadindayanismasi.net\/wp-content\/uploads\/2026\/04\/caramel-1024x555.jpg 1024w, https:\/\/www.kadindayanismasi.net\/wp-content\/uploads\/2026\/04\/caramel-300x163.jpg 300w, https:\/\/www.kadindayanismasi.net\/wp-content\/uploads\/2026\/04\/caramel-768x416.jpg 768w, https:\/\/www.kadindayanismasi.net\/wp-content\/uploads\/2026\/04\/caramel-1536x832.jpg 1536w, https:\/\/www.kadindayanismasi.net\/wp-content\/uploads\/2026\/04\/caramel-750x406.jpg 750w, https:\/\/www.kadindayanismasi.net\/wp-content\/uploads\/2026\/04\/caramel-1140x618.jpg 1140w, https:\/\/www.kadindayanismasi.net\/wp-content\/uploads\/2026\/04\/caramel.jpg 1920w\" sizes=\"auto, (max-width: 1024px) 100vw, 1024px\" \/><\/figure><\/div>\n\n\n<p>Beyrut\u2019ta bir g\u00fczellik salonunun s\u0131cak ve korunakl\u0131 atmosferinde be\u015f farkl\u0131 kad\u0131n\u0131n hayat\u0131na konuk oluyoruz. Salonun i\u00e7indeki a\u011fda kokusu ve kahkahalar asl\u0131nda d\u0131\u015f d\u00fcnyadaki toplumsal bask\u0131lara ve ekonomik s\u0131k\u0131nt\u0131lara kar\u015f\u0131 \u00f6r\u00fclen bir duvar gibi. Kendi k\u00fc\u00e7\u00fck \u00f6zg\u00fcrl\u00fck alanlar\u0131n\u0131 bu d\u00fckkan\u0131n i\u00e7inde yaratan kad\u0131nlar\u0131n birbirine olan ba\u011fl\u0131l\u0131\u011f\u0131, dayan\u0131\u015fman\u0131n bazen sessizce ama derinden nas\u0131l kuruldu\u011funu \u00e7ok nahif bir \u015fekilde \u00f6zetliyor.<\/p>\n\n\n\n<p><strong>9) \u0130zlanda&#8217;n\u0131n Durdu\u011fu G\u00fcn (Pamela Hogan &#8211; Hrafnhildur Gunnarsdottir, 2023)<\/strong><\/p>\n\n\n<div class=\"wp-block-image\">\n<figure class=\"aligncenter size-large is-resized\"><img loading=\"lazy\" decoding=\"async\" width=\"1024\" height=\"566\" src=\"https:\/\/www.kadindayanismasi.net\/wp-content\/uploads\/2026\/04\/image-4-1024x566.png\" alt=\"\" class=\"wp-image-3564\" style=\"width:670px;height:auto\" srcset=\"https:\/\/www.kadindayanismasi.net\/wp-content\/uploads\/2026\/04\/image-4-1024x566.png 1024w, https:\/\/www.kadindayanismasi.net\/wp-content\/uploads\/2026\/04\/image-4-300x166.png 300w, https:\/\/www.kadindayanismasi.net\/wp-content\/uploads\/2026\/04\/image-4-768x424.png 768w, https:\/\/www.kadindayanismasi.net\/wp-content\/uploads\/2026\/04\/image-4-1536x848.png 1536w, https:\/\/www.kadindayanismasi.net\/wp-content\/uploads\/2026\/04\/image-4-750x414.png 750w, https:\/\/www.kadindayanismasi.net\/wp-content\/uploads\/2026\/04\/image-4-1140x630.png 1140w, https:\/\/www.kadindayanismasi.net\/wp-content\/uploads\/2026\/04\/image-4.png 1539w\" sizes=\"auto, (max-width: 1024px) 100vw, 1024px\" \/><\/figure><\/div>\n\n\n<p>1975 y\u0131l\u0131nda \u0130zlanda\u2019da kad\u0131nlar\u0131n bir g\u00fcnl\u00fc\u011f\u00fcne her \u015feyi b\u0131rak\u0131p hayat\u0131 nas\u0131l durdurdu\u011funu anlatan<em> \u0130zlanda&#8217;n\u0131n Durdu\u011fu G\u00fcn (The Day Iceland Stood Still)<\/em> muazzam bir ilham kayna\u011f\u0131. Ev i\u015flerinden ofislere kadar kad\u0131nlar elini ete\u011fini \u00e7ekince koca bir \u00fclkenin nas\u0131l fel\u00e7 oldu\u011funu g\u00f6steren belgesel, sistemin asl\u0131nda kime muhta\u00e7 oldu\u011funu tokat gibi \u00e7arp\u0131yor.<\/p>\n\n\n\n<p><strong>10)<\/strong> <strong>Kad\u0131nlar Grevde (G\u00fcliz Sa\u011flam &#8211; Feryal Sayl\u0131gil, 2010)<\/strong><\/p>\n\n\n<div class=\"wp-block-image\">\n<figure class=\"aligncenter size-large is-resized\"><img loading=\"lazy\" decoding=\"async\" width=\"1024\" height=\"775\" src=\"https:\/\/www.kadindayanismasi.net\/wp-content\/uploads\/2026\/04\/image-3-1024x775.png\" alt=\"\" class=\"wp-image-3563\" style=\"width:650px;height:auto\" srcset=\"https:\/\/www.kadindayanismasi.net\/wp-content\/uploads\/2026\/04\/image-3-1024x775.png 1024w, https:\/\/www.kadindayanismasi.net\/wp-content\/uploads\/2026\/04\/image-3-300x227.png 300w, https:\/\/www.kadindayanismasi.net\/wp-content\/uploads\/2026\/04\/image-3-768x581.png 768w, https:\/\/www.kadindayanismasi.net\/wp-content\/uploads\/2026\/04\/image-3-750x567.png 750w, https:\/\/www.kadindayanismasi.net\/wp-content\/uploads\/2026\/04\/image-3.png 1047w\" sizes=\"auto, (max-width: 1024px) 100vw, 1024px\" \/><\/figure><\/div>\n\n\n<p>Listeyi yine bu topraklardan bir direni\u015fle, Antalya Serbest B\u00f6lge\u2019deki kad\u0131nlar\u0131n m\u00fccadelesini anlatan bu belgeselle kapat\u0131yoruz. 2006 y\u0131l\u0131nda ba\u015flayan ve tam 448 g\u00fcn s\u00fcren Novamed grevinin belgeseli, k\u00fcresel bir \u015firkete kar\u015f\u0131 sadece sendika hakk\u0131 i\u00e7in de\u011fil ayn\u0131 zamanda tuvalet molas\u0131 veya hamilelik izni gibi en temel insani haklar i\u00e7in bile m\u00fccadele etmek zorunda kalan kad\u0131n i\u015f\u00e7ilerin deneyimine odaklan\u0131yor. A\u011f\u0131r \u00e7al\u0131\u015fma ko\u015fullar\u0131n\u0131n ve mesainin her an\u0131nda hissedilen cinsiyet\u00e7i bask\u0131n\u0131n kar\u015f\u0131s\u0131nda bir kad\u0131n grevi olma \u00f6zelli\u011fi ta\u015f\u0131yan bu \u00f6nemli direni\u015f, patriyarkal kapitalizme kar\u015f\u0131 verilmi\u015f \u00f6\u011fretici deneyimlerden biri. T\u00fcrkiye\u2019den ve d\u00fcnyadan pek \u00e7ok kad\u0131n \u00f6rg\u00fct\u00fcn\u00fcn deste\u011fiyle b\u00fcy\u00fcyen grev, \u00f6rg\u00fctl\u00fc enternasyonal m\u00fccadelenin \u00f6nemini g\u00f6stermesi bak\u0131m\u0131ndan da son derece kritik.<\/p>\n","protected":false},"excerpt":{"rendered":"<p>1 May\u0131s yakla\u015f\u0131rken, kad\u0131n i\u015f\u00e7ilerin deneyimlerine ve m\u00fccadelelerine odaklanan filmleri birlikte hat\u0131rlayal\u0131m istedik. \u0130\u015f\u00e7i s\u0131n\u0131f\u0131 sinemas\u0131n\u0131n bu etkileyici \u00f6rnekleri arac\u0131l\u0131\u011f\u0131yla, kad\u0131nlar\u0131n hem toplumsal haklar\u0131 i\u00e7in verdikleri m\u00fccadeleye hem de hayat\u0131n i\u00e7indeki en g\u00fcndelik, en yal\u0131n hallerine tan\u0131k oluyoruz. Hayat\u0131n t\u00fcm a\u011f\u0131rl\u0131\u011f\u0131na ra\u011fmen kad\u0131n dayan\u0131\u015fmas\u0131n\u0131n en zor anlarda nas\u0131l filizlendi\u011fini ve her \u015feyi nas\u0131l d\u00f6n\u00fc\u015ft\u00fcrd\u00fc\u011f\u00fcn\u00fc g\u00f6r\u00fcyoruz. [&hellip;]<\/p>\n","protected":false},"author":33,"featured_media":3566,"comment_status":"closed","ping_status":"closed","sticky":false,"template":"","format":"standard","meta":{"footnotes":""},"categories":[93],"tags":[128,176,106,171],"class_list":["post-3541","post","type-post","status-publish","format-standard","has-post-thumbnail","hentry","category-kultur-sanat-bilim","tag-1-mayis","tag-kadin-dayanismasi","tag-kadin-emegi","tag-kadin-isci"],"_links":{"self":[{"href":"https:\/\/www.kadindayanismasi.net\/index.php\/wp-json\/wp\/v2\/posts\/3541","targetHints":{"allow":["GET"]}}],"collection":[{"href":"https:\/\/www.kadindayanismasi.net\/index.php\/wp-json\/wp\/v2\/posts"}],"about":[{"href":"https:\/\/www.kadindayanismasi.net\/index.php\/wp-json\/wp\/v2\/types\/post"}],"author":[{"embeddable":true,"href":"https:\/\/www.kadindayanismasi.net\/index.php\/wp-json\/wp\/v2\/users\/33"}],"replies":[{"embeddable":true,"href":"https:\/\/www.kadindayanismasi.net\/index.php\/wp-json\/wp\/v2\/comments?post=3541"}],"version-history":[{"count":12,"href":"https:\/\/www.kadindayanismasi.net\/index.php\/wp-json\/wp\/v2\/posts\/3541\/revisions"}],"predecessor-version":[{"id":3576,"href":"https:\/\/www.kadindayanismasi.net\/index.php\/wp-json\/wp\/v2\/posts\/3541\/revisions\/3576"}],"wp:featuredmedia":[{"embeddable":true,"href":"https:\/\/www.kadindayanismasi.net\/index.php\/wp-json\/wp\/v2\/media\/3566"}],"wp:attachment":[{"href":"https:\/\/www.kadindayanismasi.net\/index.php\/wp-json\/wp\/v2\/media?parent=3541"}],"wp:term":[{"taxonomy":"category","embeddable":true,"href":"https:\/\/www.kadindayanismasi.net\/index.php\/wp-json\/wp\/v2\/categories?post=3541"},{"taxonomy":"post_tag","embeddable":true,"href":"https:\/\/www.kadindayanismasi.net\/index.php\/wp-json\/wp\/v2\/tags?post=3541"}],"curies":[{"name":"wp","href":"https:\/\/api.w.org\/{rel}","templated":true}]}}