{"id":486,"date":"2019-11-20T09:41:43","date_gmt":"2019-11-20T06:41:43","guid":{"rendered":"http:\/\/www.kadindayanismasi.net\/?p=486"},"modified":"2021-02-24T18:00:32","modified_gmt":"2021-02-24T15:00:32","slug":"kadina-yonelik-siyasi-ve-ataerkil-siddeti-durduralim","status":"publish","type":"post","link":"https:\/\/www.kadindayanismasi.net\/index.php\/2019\/11\/20\/kadina-yonelik-siyasi-ve-ataerkil-siddeti-durduralim\/","title":{"rendered":"Kad\u0131na y\u00f6nelik siyasi ve ataerkil \u015fiddeti durdural\u0131m"},"content":{"rendered":"<p><i><span style=\"font-weight: 400;\">\u0130\u015f\u00e7ilerin Uluslararas\u0131 Birli\u011fi \u2013 D\u00f6rd\u00fcnc\u00fc Enternasyonal\u2019in (\u0130UB-DE) 25 Kas\u0131m Kad\u0131na Y\u00f6nelik \u015eiddete Kar\u015f\u0131 M\u00fccadele ve Uluslararas\u0131 Dayan\u0131\u015fma G\u00fcn\u00fc i\u00e7in yay\u0131mlad\u0131\u011f\u0131 deklarasyonu okurlar\u0131m\u0131zla payla\u015f\u0131yoruz.<\/span><\/i><\/p>\n<p><span style=\"font-weight: 400;\">25 Kas\u0131m 1960\u2019ta Dominik Cumhuriyeti\u2019nde Patria, Minerva ve Mar\u00eda Teresa Mirabal adl\u0131 k\u0131z karde\u015fler, Leonidas Trujillo diktat\u00f6rl\u00fc\u011f\u00fc taraf\u0131ndan katledildi. Dikta rejimine kar\u015f\u0131 geldikleri i\u00e7in bask\u0131 g\u00f6ren Mirabal k\u0131zkarde\u015flerin \u00f6ld\u00fcr\u00fclmesinin bir nedeni de, d\u00f6nemin ataerkil dayatmalar\u0131na kar\u015f\u0131 isyan etmeleriydi. Bug\u00fcn, bu katliamdan neredeyse altm\u0131\u015f y\u0131l sonra, yine hayk\u0131r\u0131yoruz: \u201cKemer s\u0131kmac\u0131 h\u00fck\u00fcmetlere isyan eden m\u00fccadeleci kad\u0131nlara y\u00f6nelik siyasi ve ataerkil \u015fiddete son!\u201d<\/span><\/p>\n<p><span style=\"font-weight: 400;\">\u015eili\u2019de katliamc\u0131 Pi\u00f1era h\u00fck\u00fcmetine kar\u015f\u0131 halk\u0131n ger\u00e7ekle\u015ftirdi\u011fi devrimci seferberlik, polis ve ordunun bask\u0131lar\u0131na cesurca direnmeye devam ediyor. Ancak bunun bedeli \u00e7ok a\u011f\u0131r oldu: 60\u2019tan fazla insan \u00f6l\u00fcrken, 2200\u2019den fazla insan yaraland\u0131 ve 200\u2019den fazlas\u0131 g\u00f6z\u00fcn\u00fc kaybetti. S\u00f6z konusu h\u00fck\u00fcmetin insan haklar\u0131 ihlalleri, kad\u0131nlar ve muhalif kimli\u011fe sahip kesimler s\u00f6z konusu oldu\u011funda daha da a\u011f\u0131rla\u015f\u0131yor; g\u00f6zalt\u0131na al\u0131nanlar her t\u00fcrden cinsel istismara ve tecav\u00fcze maruz b\u0131rak\u0131l\u0131yor. \u201cMimo\u201d olarak da tan\u0131nan pandomim sanat\u00e7\u0131s\u0131 Daniela Carrasco\u2019nun ka\u00e7\u0131r\u0131lmas\u0131, tecav\u00fcze u\u011framas\u0131, i\u015fkence g\u00f6r\u00fcp katledilmesi ve bir meydanda as\u0131l\u0131 bulunmas\u0131, \u00f6zel polis kuvvetlerinin nas\u0131l ac\u0131mas\u0131z bir \u015fiddet sergiledi\u011fini ortaya koydu. Bolivya\u2019da, \u00c1\u00f1ez ve Camacho\u2019nun ba\u015f\u0131n\u0131 \u00e7ekti\u011fi son derece gerici h\u00fck\u00fcmet, \u00fclkenin do\u011fusundaki emperyalizm yanl\u0131s\u0131 oligar\u015finin sanca\u011f\u0131n\u0131, en kaba \u0131rk\u00e7\u0131l\u0131kla ve gerici Katolik kilisesinin kad\u0131n d\u00fc\u015fman\u0131 buyruklar\u0131yla birle\u015ftirerek iktidara geldi: H\u00fck\u00fcmet h\u0131zla yerli kad\u0131nlara, i\u015f\u00e7i kad\u0131nlara, k\u00f6yl\u00fc kad\u0131nlara kar\u015f\u0131 her t\u00fcrl\u00fc \u015fiddeti uygulamaya koydu; bu kad\u0131nlar sokak m\u00fccadelelerinde \u015fiddet ve a\u015fa\u011f\u0131lamaya \u00f6zellikle hedef oluyor: Ekvador\u2019da IMF\u2019ye boyun e\u011fen Lenin Moreno h\u00fck\u00fcmeti de hakeza. B\u00fct\u00fcn bu kapitalist ve ataerkil h\u00fck\u00fcmetler m\u00fccadeleye giri\u015fen, hayat pahal\u0131l\u0131\u011f\u0131na kar\u015f\u0131 duran, s\u00f6m\u00fcr\u00fc ve do\u011fal kaynaklar\u0131n sat\u0131lmas\u0131 planlar\u0131na kar\u015f\u0131 \u00e7\u0131kan kad\u0131nlar\u0131n \u00fcst\u00fcne bilhassa gidiyor.<\/span><\/p>\n<p><span style=\"font-weight: 400;\">Dahas\u0131 ABD, Brezilya, Polonya, Panama, Dominik Cumhuriyeti gibi \u00fclkelerdeki gerici h\u00fck\u00fcmetler; k\u00fcrtaj hakk\u0131, do\u011fum kontrol imk\u00e2nlar\u0131na eri\u015fim, erkek \u015fiddetinin yasalarda tan\u0131nmas\u0131 ve ayr\u0131mc\u0131l\u0131\u011fa kar\u015f\u0131 tedbirler gibi, kad\u0131nlar\u0131n kazan\u0131lm\u0131\u015f haklar\u0131na sald\u0131rmaya devam ediyor. Ayr\u0131ca Arjantin, Meksika, T\u00fcrkiye, Peru, \u0130spanyol Devleti gibi \u00fclkelerde, kad\u0131n cinayetleri ve trans cinayetleri h\u0131zla art\u0131yor ya da iyice g\u00f6r\u00fcn\u00fcr hale geliyor.<\/span><\/p>\n<p><span style=\"font-weight: 400;\">Ancak sald\u0131r\u0131 ne kadar b\u00fcy\u00fckse, kad\u0131nlar\u0131n \u00f6rg\u00fctlenmesi ve direni\u015fi de en az o kadar b\u00fcy\u00fck: 2015\u2019ten beri kad\u0131nlar d\u00fcnya \u00e7ap\u0131nda kitle seferberliklerinde \u00f6nc\u00fc konumda. D\u00f6rd\u00fcnc\u00fc feminist m\u00fccadele dalgas\u0131, kad\u0131nlara yaln\u0131zca kad\u0131n olduklar\u0131 i\u00e7in sald\u0131ran, tecav\u00fcz eden ve katleden ataerkil \u015fiddeti te\u015fhir etmekle kalm\u0131yor; ayn\u0131 zamanda bu ataerkil tahakk\u00fcm sisteminin, ancak i\u015f\u00e7i s\u0131n\u0131f\u0131n\u0131n, bilhassa da kad\u0131n emek\u00e7ilerin a\u015f\u0131r\u0131 s\u00f6m\u00fcr\u00fclmesi ile ayakta kalabilen kriz halindeki kapitalist-emperyalist sistemin bekas\u0131 i\u00e7in hayati rol oynad\u0131\u011f\u0131n\u0131 da g\u00f6steriyor. Kapitalist ve ataerkil d\u00fcnyada kad\u0131nlar\u0131n bak\u0131m eme\u011fi ink\u00e2r ediliyor. Kad\u0131nlar yoksullar\u0131n en yoksulu durumunda. \u0130\u015fte ve kamusal alanda en fazla ayr\u0131mc\u0131l\u0131\u011fa kad\u0131nlar maruz kal\u0131yor, en g\u00fcvencesiz i\u015flerde onlar \u00e7al\u0131\u015f\u0131yor, erkeklerle ayn\u0131 i\u015fi yapt\u0131klar\u0131 halde \u00e7ok daha az \u00fccret al\u0131yor, s\u0131n\u0131rl\u0131 imkanl\u00e2rla ailenin bak\u0131m sorumlulu\u011funu b\u00fcy\u00fck \u00f6l\u00e7\u00fcde onlar \u00fcstleniyor, ekonomik krizlerde ilk \u00f6nce onlar i\u015ften at\u0131l\u0131yor ve ya\u015famlar\u0131 ve bedenleri \u00fczerindeki karar haklar\u0131 ellerinden al\u0131n\u0131yor.\u00a0Bu nedenle, #NiUnaMenos (Bir Kad\u0131n Daha Eksilmeyece\u011fiz) hayk\u0131r\u0131\u015f\u0131, d\u00fcnya \u00e7ap\u0131nda yasal k\u00fcrtaj talebiyle y\u00fckselen #MareaVerde (Ye\u015fil Dalga), cinsel tacize kar\u015f\u0131 #MeToo (Ben De) slogan\u0131 ve kemer s\u0131kma ve i\u015fyerinde ayr\u0131mc\u0131l\u0131\u011fa kar\u015f\u0131 #D\u00fcnyaKad\u0131nGrevi m\u00fccadelesinin de g\u00f6sterdi\u011fi gibi, ataerkil \u015fiddetin t\u00fcm y\u00f6nlerini ortadan kald\u0131rman\u0131n yolu, kad\u0131nlar\u0131n sokaklara \u00e7\u0131kmalar\u0131 ve sermayedarlar\u0131n a\u015f\u0131r\u0131 k\u00e2rlar\u0131n\u0131 garanti alt\u0131na almak i\u00e7in onlar\u0131 kullanan kapitalist h\u00fck\u00fcmetlere meydan okumalar\u0131, bu ama\u00e7la da patron partilerinden ba\u011f\u0131ms\u0131z \u00f6rg\u00fctlenmeleridir.<\/span><\/p>\n<p><span style=\"font-weight: 400;\">Bu 25 Kas\u0131m\u2019da her zamankinden de g\u00fc\u00e7l\u00fc hayk\u0131r\u0131yoruz: Pi\u00f1era, \u015eili\u2019den defol! Bolivya\u2019da darbeye ve gerici A\u00f1ez h\u00fck\u00fcmetine hay\u0131r! M\u00fccadele eden kad\u0131nlara y\u00f6nelik cinsel \u015fiddete son! Bir ki\u015fi daha eksilmeyece\u011fiz! Ya\u015famak \u0130stiyoruz! Kad\u0131n cinayetleri ve trans cinayetlerine son! D\u00fcnyan\u0131n d\u00f6rt bir yan\u0131ndaki kapitalist h\u00fck\u00fcmetlerin kemer s\u0131kma ve teslimiyet planlar\u0131n\u0131 durdural\u0131m! IMF i\u00e7in de\u011fil, erkek \u015fiddetiyle m\u00fccadele i\u00e7in b\u00fct\u00e7e! \u00dclkeler, finans kurulu\u015flar\u0131na de\u011fil kad\u0131nlara bor\u00e7ludur! T\u00fcm haklar\u0131m\u0131z\u0131 s\u00f6ke s\u00f6ke almak i\u00e7in d\u00fcnyadaki t\u00fcm emek\u00e7i kad\u0131nlar\u0131n ba\u011f\u0131ms\u0131z \u00f6rg\u00fctlenmesi!<\/span><\/p>\n<p><span style=\"font-weight: 400;\">\u0130\u015f\u00e7ilerin Uluslararas\u0131 Birli\u011fi \u2013 D\u00f6rd\u00fcnc\u00fc Enternasyonal (\u0130UB-DE)<\/span><\/p>\n","protected":false},"excerpt":{"rendered":"<p>\u0130\u015f\u00e7ilerin Uluslararas\u0131 Birli\u011fi \u2013 D\u00f6rd\u00fcnc\u00fc Enternasyonal\u2019in (\u0130UB-DE) 25 Kas\u0131m Kad\u0131na Y\u00f6nelik \u015eiddete Kar\u015f\u0131 M\u00fccadele ve Uluslararas\u0131 Dayan\u0131\u015fma G\u00fcn\u00fc i\u00e7in yay\u0131mlad\u0131\u011f\u0131 deklarasyonu okurlar\u0131m\u0131zla payla\u015f\u0131yoruz. 25 Kas\u0131m 1960\u2019ta Dominik Cumhuriyeti\u2019nde Patria, Minerva ve Mar\u00eda Teresa Mirabal adl\u0131 k\u0131z karde\u015fler, Leonidas Trujillo diktat\u00f6rl\u00fc\u011f\u00fc taraf\u0131ndan katledildi. Dikta rejimine kar\u015f\u0131 geldikleri i\u00e7in bask\u0131 g\u00f6ren Mirabal k\u0131zkarde\u015flerin \u00f6ld\u00fcr\u00fclmesinin bir nedeni de, [&hellip;]<\/p>\n","protected":false},"author":10,"featured_media":487,"comment_status":"closed","ping_status":"open","sticky":false,"template":"","format":"standard","meta":{"footnotes":""},"categories":[82],"tags":[119,117],"class_list":["post-486","post","type-post","status-publish","format-standard","has-post-thumbnail","hentry","category-uluslararasi-mucadele","tag-25-kasim","tag-iub-de"],"_links":{"self":[{"href":"https:\/\/www.kadindayanismasi.net\/index.php\/wp-json\/wp\/v2\/posts\/486","targetHints":{"allow":["GET"]}}],"collection":[{"href":"https:\/\/www.kadindayanismasi.net\/index.php\/wp-json\/wp\/v2\/posts"}],"about":[{"href":"https:\/\/www.kadindayanismasi.net\/index.php\/wp-json\/wp\/v2\/types\/post"}],"author":[{"embeddable":true,"href":"https:\/\/www.kadindayanismasi.net\/index.php\/wp-json\/wp\/v2\/users\/10"}],"replies":[{"embeddable":true,"href":"https:\/\/www.kadindayanismasi.net\/index.php\/wp-json\/wp\/v2\/comments?post=486"}],"version-history":[{"count":1,"href":"https:\/\/www.kadindayanismasi.net\/index.php\/wp-json\/wp\/v2\/posts\/486\/revisions"}],"predecessor-version":[{"id":488,"href":"https:\/\/www.kadindayanismasi.net\/index.php\/wp-json\/wp\/v2\/posts\/486\/revisions\/488"}],"wp:featuredmedia":[{"embeddable":true,"href":"https:\/\/www.kadindayanismasi.net\/index.php\/wp-json\/wp\/v2\/media\/487"}],"wp:attachment":[{"href":"https:\/\/www.kadindayanismasi.net\/index.php\/wp-json\/wp\/v2\/media?parent=486"}],"wp:term":[{"taxonomy":"category","embeddable":true,"href":"https:\/\/www.kadindayanismasi.net\/index.php\/wp-json\/wp\/v2\/categories?post=486"},{"taxonomy":"post_tag","embeddable":true,"href":"https:\/\/www.kadindayanismasi.net\/index.php\/wp-json\/wp\/v2\/tags?post=486"}],"curies":[{"name":"wp","href":"https:\/\/api.w.org\/{rel}","templated":true}]}}