{"id":498,"date":"2020-10-18T10:15:59","date_gmt":"2020-10-18T07:15:59","guid":{"rendered":"http:\/\/www.kadindayanismasi.net\/?p=498"},"modified":"2021-02-24T17:58:44","modified_gmt":"2021-02-24T14:58:44","slug":"iub-deden-kapitalist-hukumetlerin-kemer-sikma-onlemlerine-karsi-duran-bir-feminist-hareket-cagrisi","status":"publish","type":"post","link":"https:\/\/www.kadindayanismasi.net\/index.php\/2020\/10\/18\/iub-deden-kapitalist-hukumetlerin-kemer-sikma-onlemlerine-karsi-duran-bir-feminist-hareket-cagrisi\/","title":{"rendered":"\u0130UB-DE\u2019den kapitalist h\u00fck\u00fcmetlerin kemer s\u0131kma \u00f6nlemlerine kar\u015f\u0131 duran bir feminist hareket \u00e7a\u011fr\u0131s\u0131"},"content":{"rendered":"<p><i><span style=\"font-weight: 400;\">\u0130\u015f\u00e7ilerin Uluslararas\u0131 Birli\u011fi \u2013 D\u00f6rd\u00fcnc\u00fc Enternasyonal (\u0130UB-DE) Kad\u0131nlar\u0131 25 Kas\u0131m Kad\u0131na Y\u00f6nelik \u015eiddetle M\u00fccadele ve Uluslararas\u0131 Dayan\u0131\u015fma G\u00fcn\u00fc kapsam\u0131nda bir bildiri yay\u0131mlad\u0131. 17 Ekim\u2019de 15 \u00fclkeden kad\u0131nlar\u0131n kat\u0131l\u0131m\u0131yla ger\u00e7ekle\u015fen \u201cPandemi ve Ekonomik Kriz<\/span><\/i><span style=\"font-weight: 400;\">: Kad\u0131n M\u00fccadelesinin Rol\u00fc\u201d ba\u015fl\u0131kl\u0131\u00a0<\/span><i><span style=\"font-weight: 400;\">\u00e7evrimi\u00e7i toplant\u0131n\u0131n bir de\u011ferlendirmesi niteli\u011fi de ta\u015f\u0131yan bildiri, pandemiyle ekonomik krizin i\u00e7 i\u00e7e ge\u00e7ti\u011fi bu d\u00f6nemde kad\u0131na y\u00f6nelik erkek \u015fiddetinin ve ekonomik sald\u0131r\u0131lar\u0131n artt\u0131\u011f\u0131n\u0131 vurgulayarak erkek egemen kapitalizme kar\u015f\u0131 m\u00fccadeleyi b\u00fcy\u00fctme \u00e7a\u011fr\u0131s\u0131 yap\u0131yor. Bildirinin tamam\u0131 \u015fu \u015fekilde:<\/span><\/i><\/p>\n<p><b>Krizin faturas\u0131n\u0131 i\u015f\u00e7i s\u0131n\u0131f\u0131 \u00f6demesin diye kapitalist h\u00fck\u00fcmetlerin kemer s\u0131kma \u00f6nlemlerine kar\u015f\u0131 duran bir feminist hareket in\u015fa edelim!<\/b><\/p>\n<p><span style=\"font-weight: 400;\">Kapitalist-emperyalist sistemin tarihteki en \u00f6nemli krizinin i\u00e7inden ge\u00e7iyoruz. Covid-19\u2019un sebep oldu\u011fu pandemi ile ekonomik krizin birle\u015fmesi; yoksulluk ile i\u015f g\u00fcvencesizli\u011finin daha fazla kad\u0131nla\u015fmas\u0131, ev i\u00e7i bak\u0131m ve yeniden \u00fcretimde kad\u0131nlar\u0131n omuzlar\u0131ndaki y\u00fck\u00fcn dikkate de\u011fer art\u0131\u015f\u0131, cinsiyet temelli \u015fiddet ile i\u015fyerlerinde cinsel taciz ve mobbingin y\u00fckseli\u015fi gibi cinsiyet e\u015fitsizliklerini derinle\u015ftirdi. Kad\u0131nlar\u0131n m\u00fccadele yoluyla kazand\u0131klar\u0131 haklara d\u00f6n\u00fck sald\u0131r\u0131larla beraber bunlar, kad\u0131nlar\u0131n \u00fcreme sa\u011fl\u0131\u011f\u0131 ve cinsellik haklar\u0131na ula\u015fmalar\u0131ndaki engelleri katmerlendirdi. Bunlar emperyalizm ile b\u00fct\u00fcn d\u00fcnya h\u00fck\u00fcmetlerinin, kapitalist krizin y\u00fck\u00fcn\u00fc b\u00fct\u00fcn bir i\u015f\u00e7i s\u0131n\u0131f\u0131n\u0131n s\u0131rt\u0131na y\u00fcklemek i\u00e7in uygulamaya koydu\u011fu politikalard\u0131r. Bu y\u00fck i\u015f\u00e7i kad\u0131nlar\u0131n, halk kesimlerinin, siyah kad\u0131nlar\u0131n, yerli kad\u0131nlar\u0131n, m\u00fcltecilerin, gen\u00e7 kad\u0131nlar\u0131n ve farkl\u0131 cinsel y\u00f6nelimlere sahip insanlar\u0131n s\u0131rt\u0131nda daha da a\u011f\u0131rla\u015f\u0131yor. Dolay\u0131s\u0131yla bu sald\u0131r\u0131lara kar\u015f\u0131 durmak ad\u0131na feminist m\u00fccadeleye giri\u015fmek ve h\u00fck\u00fcmetlerden ba\u011f\u0131ms\u0131z olarak \u00f6rg\u00fctlenmek bizim i\u00e7in can al\u0131c\u0131 \u00f6nemdedir.<\/span><\/p>\n<p><span style=\"font-weight: 400;\">Covid-19\u2019la birlikte kesinlik kazanan bir \u015fey varsa o da \u015fudur ki, i\u015fg\u00fcc\u00fc piyasas\u0131ndaki biz kad\u0131nlar, bu sa\u011fl\u0131k krizinin i\u00e7inde en stratejik i\u015flere sahibiz: Biz sa\u011fl\u0131k sistemindeki hem\u015firelik konumlar\u0131n\u0131n \u00e7o\u011funlu\u011funa sahibiz; bak\u0131m evlerinde ve bak\u0131m i\u015f\u00e7ileri aras\u0131nda \u00e7o\u011funluk yine bizde; ula\u015f\u0131mdaki, hastanelerdeki ve i\u015fyerlerindeki temel temizlik g\u00f6revi \u00fczerimizde. Biz ayn\u0131 zamanda, bug\u00fcn uzaktan e\u011fitime ge\u00e7mi\u015f olan e\u011fitim sekt\u00f6r\u00fcnde de \u00e7o\u011funlu\u011fuz. Biz d\u00fcnyan\u0131n her taraf\u0131ndaki eczaneler ile s\u00fcpermarketlerin kasiyer i\u015f\u00e7ilerinin aras\u0131nday\u0131z ve kadrosuz \u00e7al\u0131\u015ft\u0131r\u0131lan kesimler aras\u0131nda da \u00e7o\u011funlu\u011fu biz olu\u015fturuyoruz. \u0130\u015fg\u00fcc\u00fcn\u00fcn cinsiyet temelli b\u00f6l\u00fcn\u00fcm\u00fc dolay\u0131s\u0131yla ev i\u00e7i ve yeniden \u00fcretimle ilgili g\u00f6revlerin genelini biz yerine getiriyoruz.\u00a0Ve ekonomik kriz kar\u015f\u0131s\u0131nda, en yoksul hanelerin ba\u015fl\u0131ca ge\u00e7im kayna\u011f\u0131n\u0131n biz olmam\u0131za ek olarak, en g\u00fcvencesiz i\u015flere sahip olanlar ve i\u015ften ilk \u00e7\u0131kar\u0131lanlar aras\u0131nda da yine biz \u00e7o\u011funlu\u011fuz. Bu sebeple kemer s\u0131kma politikalar\u0131n\u0131n bedelinin bizim omuzlar\u0131m\u0131za y\u0131k\u0131lma \u00e7abalar\u0131na kar\u015f\u0131 sokaklara \u00e7\u0131kmakla y\u00fck\u00fcml\u00fcy\u00fcz. Zira s\u00f6z konusu olan krizin faturas\u0131n\u0131n kimin taraf\u0131ndan \u00f6denece\u011fidir.<\/span><\/p>\n<p><span style=\"font-weight: 400;\">Hem sahte sol hem de geri h\u00fck\u00fcmetler, i\u015ften \u00e7\u0131karmalar ve \u00fccret kesintilerinin yan\u0131 s\u0131ra, ayn\u0131 zamanda i\u015fg\u00fcc\u00fc ve emeklilik yasalar\u0131 ve yar\u0131s\u00f6m\u00fcrge \u00fclkelerin do\u011fal kaynaklar\u0131n\u0131n daha geni\u015f \u00e7apl\u0131 bir \u015fekilde ya\u011fmalanmas\u0131 arac\u0131l\u0131\u011f\u0131yla s\u00f6m\u00fcr\u00fc oranlar\u0131n\u0131 y\u00fckseltmeye \u00e7al\u0131\u015f\u0131yorlar. Bir yandan onlar d\u0131\u015f borcu milyonlarca insan aras\u0131nda b\u00f6l\u00fc\u015ft\u00fcr\u00fcrken ve \u00e7okuluslu \u015firketlere s\u00fcbvansiyonlar sa\u011flarken, di\u011fer yandan da sa\u011fl\u0131k sistemleri \u00e7\u00f6k\u00fcyor ve b\u00f6ylece sa\u011fl\u0131k \u00e7al\u0131\u015fanlar\u0131n\u0131 gerekli kolektif ve bireysel korunmadan yoksun b\u0131rak\u0131yor ve yetersiz kaynaklar e\u015fli\u011finde \u00e7al\u0131\u015fmaya zorluyor.<\/span><\/p>\n<p><span style=\"font-weight: 400;\">Uluslararas\u0131 \u00e7apta b\u00fcy\u00fcyen sefalet ve yoksulluk ile kar\u015f\u0131 kar\u015f\u0131ya gelen d\u00fcnyan\u0131n biz i\u015f\u00e7i kad\u0131nlar\u0131, bir i\u015f\u00e7i ve halk ekonomisinin planlanmas\u0131 i\u00e7in \u00f6rg\u00fctlenme g\u00f6revine sahibiz. Ancak b\u00f6ylesine bir planlamayla kaynaklar sa\u011fl\u0131k krizinin \u00e7\u00f6z\u00fcme kavu\u015fmas\u0131 ve en yoksun kesimlerin ihtiya\u00e7lar\u0131 do\u011frultusunda kullan\u0131lmas\u0131 i\u00e7in kullan\u0131labilir. Bunu yaparken, ABD\u2019de \u0131rk\u00e7\u0131l\u0131\u011fa kar\u015f\u0131 ayaklanan siyah ve Latin kad\u0131nlar\u0131n veya L\u00fcbnan\u2019da halk\u0131n k\u0131tl\u0131\u011fa s\u00fcr\u00fcklenmesi pahas\u0131na IMF ile anla\u015fmalara varmaya \u00e7al\u0131\u015fan h\u00fck\u00fcmete kar\u015f\u0131 m\u00fccadele eden L\u00fcbnanl\u0131 kad\u0131nlar\u0131n \u00f6rne\u011fini takip etmeliyiz.<\/span><\/p>\n<p><span style=\"font-weight: 400;\">Tarihsel kapitalist krizler g\u00f6steriyor ki, \u00e7okuluslu \u015firketler ve kapitalist h\u00fck\u00fcmetler daha y\u00fcksek k\u00e2rlara ula\u015fabilmek i\u00e7in cinsiyet e\u015fitsizli\u011finden faydalan\u0131yorlar. Ve bir kere daha, mevcut krizin kar\u015f\u0131s\u0131nda, bizlerin sa\u011fl\u0131\u011f\u0131 ve hayat\u0131 pahas\u0131na ekonomiyi kurtarmay\u0131 tercih etmi\u015f durumdalar. Sosyalist feministler olarak sistem i\u00e7i reformlar\u0131n ger\u00e7ekten \u00f6zg\u00fcrle\u015fmemiz i\u00e7in yeterli olmad\u0131\u011f\u0131na inan\u0131yoruz. Bununla birlikte her bir reform u\u011fruna m\u00fccadele ediyoruz. Daha insanc\u0131l veya daha \u00e7evreci bir kapitalizm ihtimali s\u00f6z konusu de\u011fildir. Cinsiyetleraras\u0131 tam e\u015fitli\u011fin kurulabilece\u011fi bir kapitalizm m\u00fcmk\u00fcn de\u011fildir. Zira tam da bu kapitalizmin k\u00e2rlar\u0131 bizlerin a\u015f\u0131r\u0131 s\u00f6m\u00fcr\u00fcs\u00fc \u00fczerine kurulmu\u015ftur. Bu nedenle m\u00fccadele etmeliyiz ki, kapitalizm ile patriyarka birlikte d\u00fc\u015fs\u00fcnler.<\/span><\/p>\n<p><span style=\"font-weight: 400;\">\u0130\u015f g\u00fcvencesi ve \u00fccret art\u0131\u015f\u0131 i\u00e7in m\u00fccadele eden i\u015f\u00e7ilere sesleniyoruz; Covid-19\u2019la sava\u015fta en \u00f6n cephede olan hem\u015firelere, doktorlara, temizlik i\u015f\u00e7ilerine ve sa\u011fl\u0131k \u00e7al\u0131\u015fanlar\u0131na sesleniyoruz; i\u015f arayan i\u015fsizlere, \u0131rk\u00e7\u0131l\u0131\u011fa kar\u015f\u0131 m\u00fccadele eden siyah kad\u0131nlara, gasp edilmi\u015f topraklar\u0131nda \u00e7okuluslu \u015firketlerin do\u011fal kaynaklar\u0131n\u0131n tahrip etmesiyle y\u00fcz y\u00fcze gelen yerli kad\u0131nlara sesleniyoruz; sizlere sesleniyoruz ki beraber \u00f6rg\u00fctlenebilelim, beraber \u00f6rg\u00fctlenelim ki biz i\u015f\u00e7i kad\u0131nlar krizin bedelini \u00f6demeyelim.<\/span><\/p>\n<p><span style=\"font-weight: 400;\">B\u00fct\u00fcn kad\u0131nlar\u0131, bir arada olmam\u0131z\u0131 sa\u011flayacak ve feminist hareketi g\u00fc\u00e7lendirecek kampanyalar etraf\u0131nda birlik olmaya \u00e7a\u011f\u0131r\u0131yoruz: 25 Kas\u0131m\u2019\u0131 kad\u0131nlara d\u00f6n\u00fck b\u00fct\u00fcn \u015fiddet bi\u00e7imlerine kar\u015f\u0131 bir uluslararas\u0131 m\u00fccadele g\u00fcn\u00fc yapal\u0131m. 25 Kas\u0131m\u2019\u0131 tarihsel k\u0131lal\u0131m. Pandeminin ortas\u0131nda sokaklara d\u00f6k\u00fclen, \u201cBir kad\u0131n daha \u00f6ld\u00fcr\u00fclmeyecek, bir kad\u0131n daha politik tutsak olmayacak, bir kad\u0131n daha eksilmeyecek!\u201d demek i\u00e7in sesini y\u00fckselten biz kad\u0131nlar\u0131z. Sa\u011fl\u0131k i\u015f\u00e7ilerine, pandemiyle\u00a0etkili bir bi\u00e7imde sava\u015fmalar\u0131n\u0131 sa\u011flayacak olan d\u00fczg\u00fcn \u00e7al\u0131\u015fma ko\u015fullar\u0131 m\u00fccadelesi i\u00e7in b\u00fct\u00fcn deste\u011fimizi sa\u011flayal\u0131m. Sokaklarda b\u00fct\u00fcn h\u00fck\u00fcmetlerden k\u00fcrtaj\u0131 yasalla\u015ft\u0131rmalar\u0131n\u0131 talep etmeyi s\u00fcrd\u00fcrelim, kendi karar hakk\u0131m\u0131z i\u00e7in m\u00fccadeleyi s\u00fcrd\u00fcrelim. Ve \u0131rk\u00e7\u0131l\u0131\u011fa kar\u015f\u0131, hareketimizi kriminalize etmeye ve bask\u0131 alt\u0131na almaya \u00e7al\u0131\u015fan b\u00fct\u00fcn giri\u015fimlere kar\u015f\u0131 m\u00fccadelelerimizi birle\u015ftirelim. Haklar\u0131m\u0131z\u0131n mutlak olarak savunulmas\u0131na hasredilmi\u015f olan seferberli\u011fimizi durduramayacaklar! Buna izin vermeyece\u011fiz! Bizi susturamayacaklar!<\/span><\/p>\n<p><span style=\"font-weight: 400;\">\u0130\u015f\u00e7ilerin Uluslaras\u0131 Birli\u011fi \u2013 D\u00f6rd\u00fcnc\u00fc Enternasyonal\u2019den (\u0130UB-DE) kad\u0131nlar olarak, kapitalizmin bu tarihsel krizi kar\u015f\u0131s\u0131nda herkesi sokaklarda m\u00fccadelenin birli\u011fini g\u00f6stermeye davet ediyoruz. Feminist hareketi y\u00fckseltme ve antipatriyarkal bir kad\u0131n hareketi in\u015fa etme perspektifiyle, din kurumlar\u0131 ile devletin birbirlerinden ayr\u0131lmas\u0131 ve \u0131rk\u00e7\u0131l\u0131k kar\u015f\u0131t\u0131 antikapitalist bir d\u00fcnya i\u00e7in, kad\u0131nlar\u0131n bask\u0131lanmas\u0131na kar\u015f\u0131 verilen m\u00fccadeleleri ve d\u00fcnyan\u0131n b\u00fct\u00fcn bask\u0131 g\u00f6ren ve s\u00f6m\u00fcr\u00fclen kesimlerinin m\u00fccadelelerini birle\u015ftiren bir sosyalist feminizmi destekleyelim. Bunu, kapitalizmi sonland\u0131rmak ve\u00a0<\/span><i><span style=\"font-weight: 400;\">toplumsal olarak e\u015fit, insan\u00ee olarak farkl\u0131 ve mutlak olarak \u00f6zg\u00fcr\u00a0<\/span><\/i><span style=\"font-weight: 400;\">olaca\u011f\u0131m\u0131z bir d\u00fcnyay\u0131 yaratmak i\u00e7in yapal\u0131m.<\/span><\/p>\n<p><b>\u0130\u015f\u00e7ilerin Uluslararas\u0131 Birli\u011fi \u2013 D\u00f6rd\u00fcnc\u00fc Enternasyonal (\u0130UB-DE) Kad\u0131nlar\u0131<\/b><\/p>\n","protected":false},"excerpt":{"rendered":"<p>\u0130\u015f\u00e7ilerin Uluslararas\u0131 Birli\u011fi \u2013 D\u00f6rd\u00fcnc\u00fc Enternasyonal (\u0130UB-DE) Kad\u0131nlar\u0131 25 Kas\u0131m Kad\u0131na Y\u00f6nelik \u015eiddetle M\u00fccadele ve Uluslararas\u0131 Dayan\u0131\u015fma G\u00fcn\u00fc kapsam\u0131nda bir bildiri yay\u0131mlad\u0131. 17 Ekim\u2019de 15 \u00fclkeden kad\u0131nlar\u0131n kat\u0131l\u0131m\u0131yla ger\u00e7ekle\u015fen \u201cPandemi ve Ekonomik Kriz: Kad\u0131n M\u00fccadelesinin Rol\u00fc\u201d ba\u015fl\u0131kl\u0131\u00a0\u00e7evrimi\u00e7i toplant\u0131n\u0131n bir de\u011ferlendirmesi niteli\u011fi de ta\u015f\u0131yan bildiri, pandemiyle ekonomik krizin i\u00e7 i\u00e7e ge\u00e7ti\u011fi bu d\u00f6nemde kad\u0131na y\u00f6nelik erkek [&hellip;]<\/p>\n","protected":false},"author":10,"featured_media":499,"comment_status":"closed","ping_status":"open","sticky":false,"template":"","format":"standard","meta":{"footnotes":""},"categories":[82],"tags":[119,123,117,116],"class_list":["post-498","post","type-post","status-publish","format-standard","has-post-thumbnail","hentry","category-uluslararasi-mucadele","tag-25-kasim","tag-feminist-hareket","tag-iub-de","tag-uluslararasi-dayanisma"],"_links":{"self":[{"href":"https:\/\/www.kadindayanismasi.net\/index.php\/wp-json\/wp\/v2\/posts\/498","targetHints":{"allow":["GET"]}}],"collection":[{"href":"https:\/\/www.kadindayanismasi.net\/index.php\/wp-json\/wp\/v2\/posts"}],"about":[{"href":"https:\/\/www.kadindayanismasi.net\/index.php\/wp-json\/wp\/v2\/types\/post"}],"author":[{"embeddable":true,"href":"https:\/\/www.kadindayanismasi.net\/index.php\/wp-json\/wp\/v2\/users\/10"}],"replies":[{"embeddable":true,"href":"https:\/\/www.kadindayanismasi.net\/index.php\/wp-json\/wp\/v2\/comments?post=498"}],"version-history":[{"count":1,"href":"https:\/\/www.kadindayanismasi.net\/index.php\/wp-json\/wp\/v2\/posts\/498\/revisions"}],"predecessor-version":[{"id":500,"href":"https:\/\/www.kadindayanismasi.net\/index.php\/wp-json\/wp\/v2\/posts\/498\/revisions\/500"}],"wp:featuredmedia":[{"embeddable":true,"href":"https:\/\/www.kadindayanismasi.net\/index.php\/wp-json\/wp\/v2\/media\/499"}],"wp:attachment":[{"href":"https:\/\/www.kadindayanismasi.net\/index.php\/wp-json\/wp\/v2\/media?parent=498"}],"wp:term":[{"taxonomy":"category","embeddable":true,"href":"https:\/\/www.kadindayanismasi.net\/index.php\/wp-json\/wp\/v2\/categories?post=498"},{"taxonomy":"post_tag","embeddable":true,"href":"https:\/\/www.kadindayanismasi.net\/index.php\/wp-json\/wp\/v2\/tags?post=498"}],"curies":[{"name":"wp","href":"https:\/\/api.w.org\/{rel}","templated":true}]}}