{"id":803,"date":"2021-03-08T11:47:15","date_gmt":"2021-03-08T08:47:15","guid":{"rendered":"https:\/\/www.kadindayanismasi.net\/?p=803"},"modified":"2021-03-08T12:37:34","modified_gmt":"2021-03-08T09:37:34","slug":"8-mart-2021-esitlik-ve-ozgurluk-mucadelemizi-yukseltelim","status":"publish","type":"post","link":"https:\/\/www.kadindayanismasi.net\/index.php\/2021\/03\/08\/8-mart-2021-esitlik-ve-ozgurluk-mucadelemizi-yukseltelim\/","title":{"rendered":"8 Mart 2021: E\u015fitlik ve \u00f6zg\u00fcrl\u00fck m\u00fccadelemizi y\u00fckseltelim!"},"content":{"rendered":"<p>T\u00fcrkiye\u2019de ilk Covid-19 vakas\u0131 ge\u00e7en y\u0131l 8 Mart\u2019tan birka\u00e7 g\u00fcn sonra duyurulmu\u015ftu. O g\u00fcnden beri son bir y\u0131l\u0131 y\u00f6netilemeyen pandemi ve onun a\u011f\u0131rla\u015ft\u0131rd\u0131\u011f\u0131 ekonomik kriz ko\u015fullar\u0131nda ge\u00e7irdik. Di\u011fer yandan kad\u0131nlara d\u00f6n\u00fck sald\u0131r\u0131lar da h\u0131z kesmeden devam etti. Salg\u0131n\u0131n ilk zamanlar\u0131nda \u201cEvde kal\u201d \u00e7a\u011fr\u0131lar\u0131 yap\u0131l\u0131rken kad\u0131nlar kendilerine \u015fiddet uygulayan erkeklerle, bak\u0131m y\u00fcklerinin katbekat artt\u0131\u011f\u0131 evlere hapsedildiler. Y\u00fcr\u00fcrl\u00fc\u011fe sokulan infaz paketiyle kad\u0131na y\u00f6nelik \u015fiddet ve cinsel su\u00e7 failleri, halk sa\u011fl\u0131\u011f\u0131n\u0131 koruma bahanesiyle cezaevlerinden sal\u0131verildi. Kad\u0131n cinayetleri artarken cezas\u0131zl\u0131k politikalar\u0131 devam etti. Baz\u0131lar\u0131m\u0131z \u00fccretsiz izne zorland\u0131; baz\u0131lar\u0131m\u0131zsa sa\u011fl\u0131ks\u0131z ko\u015fullarda \u00e7al\u0131\u015fmak zorunda kald\u0131k ya da evlerde fazla mesailere zorland\u0131k.<\/p>\n<p>Ancak bizi g\u00fcvencesiz ve esnek \u00e7al\u0131\u015fma ko\u015fullar\u0131na mahk\u00fbm eden, ev i\u00e7i eme\u011fimizi g\u00f6r\u00fcnmez k\u0131lan ve kad\u0131n cinayetlerine g\u00f6z yuman erkek egemen ve kapitalist sisteme kar\u015f\u0131 sessiz de kalmad\u0131k ve m\u00fccadele dolu bir y\u0131l ge\u00e7irdik. Bu s\u00fcre\u00e7te kad\u0131nlar kad\u0131na y\u00f6nelik \u015fiddete kar\u015f\u0131 acil\/eylem plan\u0131 uygulanmas\u0131n\u0131 talep ettiler. Ba\u015fta sa\u011fl\u0131k ve hizmet sekt\u00f6r\u00fc olmak \u00fczere sa\u011fl\u0131kl\u0131 \u00e7al\u0131\u015fma ko\u015fullar\u0131 istediler. \u00c7ocu\u011fun cinsel istismar\u0131n\u0131n aklanmamas\u0131 ve affedilmemesi i\u00e7in, kad\u0131n cinayetlerinin son bulmas\u0131 ve cezas\u0131z kalmamas\u0131 i\u00e7in, haklar\u0131na ve hayatlar\u0131na sahip \u00e7\u0131kmak i\u00e7in sokaklara d\u00f6k\u00fcld\u00fcler. T\u00fcrkiye\u2019nin \u0130stanbul S\u00f6zle\u015fmesi\u2019nden imzas\u0131n\u0131 \u00e7ekme giri\u015fimlerine kar\u015f\u0131 s\u00f6zle\u015fmenin korunmas\u0131 ve uygulanmas\u0131 i\u00e7in seferber oldular. Kad\u0131n hareketinin bas\u0131nc\u0131 ve takibi sayesinde \u015eule \u00c7et ve Merve Kotan\u2019\u0131n katilleri cezaland\u0131r\u0131ld\u0131. Y\u0131l boyunca G\u00fclistan Doku\u2019nun nerede oldu\u011funu sormaktan vazge\u00e7medik.<\/p>\n<p>Geride b\u0131rakt\u0131\u011f\u0131m\u0131z bir y\u0131l boyunca uluslararas\u0131 kad\u0131n dayan\u0131\u015fmas\u0131n\u0131 da ihmal etmedik. D\u00fcnyan\u0131n d\u00f6rt bir yan\u0131ndan kad\u0131nlarla \u00e7evrimi\u00e7i bulu\u015fmalarda bir araya gelerek s\u0131n\u0131r tan\u0131mad\u0131k. D\u00fcnyada ekonomik krizin faturas\u0131n\u0131 emek\u00e7ilere ve kad\u0131nlara kesmeye \u00e7al\u0131\u015fan h\u00fck\u00fcmetlere kar\u015f\u0131 m\u00fccadeleleri; Arjantin\u2019de, Polonya\u2019da, \u015eili\u2019de k\u00fcrtaj hakk\u0131 m\u00fccadelesini heyecanla takip ettik. Arjantinli kad\u0131nlar\u0131n kazan\u0131m\u0131 ise hepimize umut verdi.<\/p>\n<p>Clara Zetkin\u2019in kad\u0131n i\u015f\u00e7ilerin daha iyi \u00e7al\u0131\u015fma ko\u015fullar\u0131 ve kad\u0131nlar\u0131n oy hakk\u0131 m\u00fccadelelerini savunmak \u00fczere her y\u0131l bir Uluslararas\u0131 Kad\u0131nlar G\u00fcn\u00fc d\u00fczenlenmesi \u00f6nerisinin kabul\u00fc \u00fczerinden tam 111 y\u0131l ge\u00e7ti. T\u00fcrkiye\u2019deki ilk 8 Mart kutlamas\u0131n\u0131n ise 100. y\u0131l\u0131nday\u0131z. <em>\u201cArt\u0131k ba\u015fka bir hayata girmek ihtiyac\u0131, hemen kad\u0131nl\u0131\u011f\u0131n her taraf\u0131nda his olundu\u2026 Art\u0131k iman ettik ki hayat\u0131m\u0131z iyi bir hayat de\u011fildir\u2026 Art\u0131k kad\u0131nl\u0131k b\u00f6yle ya\u015famayacakt\u0131r ve ya\u015fayamaz. Buna katiyen emin olunuz\u201d<\/em>\u00a0diyerek kad\u0131n hareketinin zeminini olu\u015fturan Osmanl\u0131 kad\u0131nlar\u0131n, 100 y\u0131l\u0131 a\u015fk\u0131n s\u00fcredir bu topraklarda \u00f6zg\u00fcrl\u00fck ve e\u015fitlik m\u00fccadelesi veren kad\u0131nlar\u0131n kocaman miras\u0131n\u0131 ta\u015f\u0131maya devam ediyoruz. Arjantin\u2019den \u0130ran\u2019a, \u015eili\u2019den Polonya\u2019ya t\u00fcm d\u00fcnyada y\u00fckselen feminist dalgadan g\u00fc\u00e7 al\u0131yoruz. Son bir y\u0131lda ya\u015fad\u0131\u011f\u0131m\u0131z hak gasplar\u0131na ve sald\u0131r\u0131lara ra\u011fmen yine kararl\u0131, \u00f6fkeli ve dayan\u0131\u015fma dolu bir y\u0131l ge\u00e7irmeye, patriyarka ve kapitalizm ittifak\u0131n\u0131 ala\u015fa\u011f\u0131 etmek i\u00e7in m\u00fccadeleyi s\u00fcrd\u00fcrmeye haz\u0131r\u0131z. Bu 8 Mart\u2019ta da alanlarda olma \u00e7a\u011fr\u0131s\u0131 yaparken taleplerimizi hayk\u0131r\u0131yoruz:<\/p>\n<p><strong>G\u00fcvenceli i\u015f ve insan onuruna yak\u0131\u015f\u0131r bir \u00fccret!<\/strong>\u00a0Ekonomik kriz kad\u0131nlar\u0131 g\u00fcvencesiz, d\u00fc\u015f\u00fck \u00fccretli ve esnek \u00e7al\u0131\u015fma ko\u015fullar\u0131na hapsediyor. Dahas\u0131, kad\u0131nlar\u0131n ev i\u00e7i y\u00fck\u00fc salg\u0131nla birlikte daha da artm\u0131\u015f durumda. Ev i\u00e7i emek ve bak\u0131m eme\u011finin toplumsalla\u015ft\u0131r\u0131lmas\u0131n\u0131, pandemiyle birlikte i\u015fini kaybeden kad\u0131nlara asgari ya\u015fam geliri ve sosyal destek sa\u011flanmas\u0131n\u0131 istiyoruz. \u0130\u015f hayat\u0131nda maruz kald\u0131\u011f\u0131m\u0131z taciz, \u015fiddet ve ayr\u0131mc\u0131l\u0131\u011fa kar\u015f\u0131 mekanizmalar\u0131n i\u015fletilmesini; e\u015fde\u011fer i\u015fe e\u015fit \u00fccret almay\u0131; \u00fccretsiz kre\u015f, do\u011fum izni gibi yasal haklar\u0131m\u0131z\u0131n uygulanmas\u0131n\u0131 istiyoruz. \u0130\u015ften atmalar ger\u00e7ekten yasaklans\u0131n, Kod-29 uygulamas\u0131 kald\u0131r\u0131ls\u0131n!<\/p>\n<p><strong>6284 say\u0131l\u0131 kanun ve \u0130stanbul S\u00f6zle\u015fmesi etkin ve eksiksiz \u015fekilde uygulans\u0131n!\u00a0<\/strong>Devlet kad\u0131nlar\u0131 \u015fiddetten korumakla, \u015fiddetin ortaya \u00e7\u0131kmas\u0131n\u0131 \u00f6nlemekle ve \u015fiddet uygulayanlar\u0131 cezaland\u0131rmakla y\u00fck\u00fcml\u00fcd\u00fcr; pandemi d\u00f6nemi dahil! Sadece kad\u0131na y\u00f6nelik \u015fiddet i\u00e7in \u00e7al\u0131\u015fan, 7\/24 eri\u015filebilir acil \u015fiddet kanallar\u0131 a\u00e7\u0131lmas\u0131n\u0131; korunma ihtiyac\u0131 olan kad\u0131nlara g\u00fcvenli, nitelikli ve donan\u0131ml\u0131 s\u0131\u011f\u0131nma evleri ve gelir sa\u011flanmas\u0131n\u0131 istiyoruz.<\/p>\n<p><strong>Kad\u0131n ve LGBT\u0130+ hareketinin kriminalize edilmesine; homofobi ve transfobiye, g\u00f6zalt\u0131nda i\u015fkenceye ve \u00e7\u0131plak aramaya son!<\/strong>\u00a0Erkek ve devlet \u015fiddetine kar\u015f\u0131 m\u00fccadele g\u00f6zalt\u0131lar ve tutuklamalarla bast\u0131r\u0131lamaz. Siyasi tutsaklar serbest b\u0131rak\u0131ls\u0131n!<\/p>\n<p><strong>Erkek adalet de\u011fil, ger\u00e7ek adalet!<\/strong>\u00a0Kad\u0131n cinayetlerinde iyi hal ve haks\u0131z tahrik indirimlerini kabul etmiyoruz. Cinsel \u015fiddet ve taciz davalar\u0131nda kad\u0131n\u0131n beyan\u0131 esas al\u0131narak, cezas\u0131zl\u0131\u011fa kar\u015f\u0131 etkin soru\u015fturmalar y\u00fcr\u00fct\u00fclmesini istiyoruz.<\/p>\n","protected":false},"excerpt":{"rendered":"<p>T\u00fcrkiye\u2019de ilk Covid-19 vakas\u0131 ge\u00e7en y\u0131l 8 Mart\u2019tan birka\u00e7 g\u00fcn sonra duyurulmu\u015ftu. O g\u00fcnden beri son bir y\u0131l\u0131 y\u00f6netilemeyen pandemi ve onun a\u011f\u0131rla\u015ft\u0131rd\u0131\u011f\u0131 ekonomik kriz ko\u015fullar\u0131nda ge\u00e7irdik. Di\u011fer yandan kad\u0131nlara d\u00f6n\u00fck sald\u0131r\u0131lar da h\u0131z kesmeden devam etti. Salg\u0131n\u0131n ilk zamanlar\u0131nda \u201cEvde kal\u201d \u00e7a\u011fr\u0131lar\u0131 yap\u0131l\u0131rken kad\u0131nlar kendilerine \u015fiddet uygulayan erkeklerle, bak\u0131m y\u00fcklerinin katbekat artt\u0131\u011f\u0131 evlere hapsedildiler. [&hellip;]<\/p>\n","protected":false},"author":2,"featured_media":804,"comment_status":"closed","ping_status":"closed","sticky":false,"template":"","format":"standard","meta":{"footnotes":""},"categories":[88,126],"tags":[120,107,106,159],"class_list":["post-803","post","type-post","status-publish","format-standard","has-post-thumbnail","hentry","category-deklarasyonlar","category-politika","tag-8-mart","tag-erkek-siddeti","tag-kadin-emegi","tag-kadin-mucadelesi"],"_links":{"self":[{"href":"https:\/\/www.kadindayanismasi.net\/index.php\/wp-json\/wp\/v2\/posts\/803","targetHints":{"allow":["GET"]}}],"collection":[{"href":"https:\/\/www.kadindayanismasi.net\/index.php\/wp-json\/wp\/v2\/posts"}],"about":[{"href":"https:\/\/www.kadindayanismasi.net\/index.php\/wp-json\/wp\/v2\/types\/post"}],"author":[{"embeddable":true,"href":"https:\/\/www.kadindayanismasi.net\/index.php\/wp-json\/wp\/v2\/users\/2"}],"replies":[{"embeddable":true,"href":"https:\/\/www.kadindayanismasi.net\/index.php\/wp-json\/wp\/v2\/comments?post=803"}],"version-history":[{"count":1,"href":"https:\/\/www.kadindayanismasi.net\/index.php\/wp-json\/wp\/v2\/posts\/803\/revisions"}],"predecessor-version":[{"id":805,"href":"https:\/\/www.kadindayanismasi.net\/index.php\/wp-json\/wp\/v2\/posts\/803\/revisions\/805"}],"wp:featuredmedia":[{"embeddable":true,"href":"https:\/\/www.kadindayanismasi.net\/index.php\/wp-json\/wp\/v2\/media\/804"}],"wp:attachment":[{"href":"https:\/\/www.kadindayanismasi.net\/index.php\/wp-json\/wp\/v2\/media?parent=803"}],"wp:term":[{"taxonomy":"category","embeddable":true,"href":"https:\/\/www.kadindayanismasi.net\/index.php\/wp-json\/wp\/v2\/categories?post=803"},{"taxonomy":"post_tag","embeddable":true,"href":"https:\/\/www.kadindayanismasi.net\/index.php\/wp-json\/wp\/v2\/tags?post=803"}],"curies":[{"name":"wp","href":"https:\/\/api.w.org\/{rel}","templated":true}]}}