{"id":885,"date":"2021-03-08T12:34:06","date_gmt":"2021-03-08T09:34:06","guid":{"rendered":"https:\/\/www.kadindayanismasi.net\/?p=885"},"modified":"2021-03-08T12:34:06","modified_gmt":"2021-03-08T09:34:06","slug":"8-mart-krizin-faturasini-emekci-kadinlarin-odememesi-icin-uluslararasi-bir-mucadele-gunu-insa-edelim","status":"publish","type":"post","link":"https:\/\/www.kadindayanismasi.net\/index.php\/2021\/03\/08\/8-mart-krizin-faturasini-emekci-kadinlarin-odememesi-icin-uluslararasi-bir-mucadele-gunu-insa-edelim\/","title":{"rendered":"8 Mart: Krizin faturas\u0131n\u0131 emek\u00e7i kad\u0131nlar\u0131n \u00f6dememesi i\u00e7in uluslararas\u0131 bir m\u00fccadele g\u00fcn\u00fc in\u015fa edelim!"},"content":{"rendered":"<p><em>\u0130\u015f\u00e7ilerin Uluslararas\u0131 Birli\u011fi \u2013 D\u00f6rd\u00fcnc\u00fc Enternasyonal\u2019den kad\u0131nlar\u0131n, 8 Mart Uluslararas\u0131 Kad\u0131nlar G\u00fcn\u00fc \u00fczerine yay\u0131mlad\u0131\u011f\u0131 bildiriyi okurlar\u0131m\u0131zla payla\u015f\u0131yoruz.<\/em><\/p>\n<p>Pandeminin ortaya \u00e7\u0131k\u0131\u015f\u0131ndan yakla\u015f\u0131k bir y\u0131l sonra, kad\u0131nlar\u0131n ya\u015fam ko\u015fullar\u0131 giderek k\u00f6t\u00fcle\u015fiyor. Ekonomik ve emek g\u00fcvencesizli\u011fi, e\u015fitsizlik ve kad\u0131na y\u00f6nelik \u015fiddet, sa\u011fl\u0131k krizi ve kapitalist ekonomik kriz birle\u015ferek, g\u00fcnden g\u00fcne b\u00fcy\u00fcyen ba\u015fka salg\u0131nlar haline gelmi\u015f durumda. Biz kad\u0131nlar olarak sosyal haklardan mahrum edilen, i\u015f g\u00fcvencesi ve s\u00fcreklili\u011fi olmayan ve a\u00e7l\u0131k maa\u015flar\u0131na mahk\u00fbm edilen kay\u0131td\u0131\u015f\u0131 ve ta\u015feron i\u015flerde \u00e7al\u0131\u015fan emek\u00e7ilerin \u00e7o\u011funlu\u011funu olu\u015fturuyoruz. Kriz zamanlar\u0131nda, ilk i\u015ften \u00e7\u0131kar\u0131lan ve d\u00fc\u015f\u00fck maa\u015flarla en savunmas\u0131z duruma d\u00fc\u015f\u00fcr\u00fclen bizleriz. Kendi sa\u011fl\u0131\u011f\u0131m\u0131z ve ailelerimizin sa\u011fl\u0131\u011f\u0131n\u0131 riske atmak pahas\u0131na i\u015fe gitmek ve ge\u00e7im kayna\u011f\u0131 aramak i\u00e7in evde kalamayanlar da bizleriz. \u0130\u015fverenler h\u00fck\u00fcmetlerle i\u015fbirli\u011fi i\u00e7erisinde bizleri a\u015f\u0131r\u0131 s\u00f6m\u00fcrmek i\u00e7in salg\u0131ndan yararlan\u0131yor; \u00f6zellikle gen\u00e7 kad\u0131nlar aras\u0131nda kay\u0131td\u0131\u015f\u0131l\u0131\u011f\u0131n norm haline geldi\u011fi Latin Amerika\u2019n\u0131n tamam\u0131nda oldu\u011fu gibi, d\u00fcnyan\u0131n d\u00f6rt bir yan\u0131ndaki kad\u0131n i\u015f\u00e7ileri etkileyen g\u00fcvencesiz s\u00f6zle\u015fmeleri ve esnekli\u011fi derinle\u015ftiriyorlar.<\/p>\n<p>Sa\u011fl\u0131k sekt\u00f6r\u00fcnde, ki\u015fisel korunma ekipman\u0131 ve malzeme yetersizli\u011fine ra\u011fmen pandemiyle m\u00fccadelenin \u00f6n saflar\u0131nda yer alan hem\u015fire, doktor ve sa\u011fl\u0131k personelinin \u00e7o\u011funlu\u011funu da biz kad\u0131nlar olu\u015fturuyoruz. Yo\u011fun bir \u015fekilde kad\u0131n eme\u011fine dayanan \u2013 kad\u0131nla\u015ft\u0131r\u0131lm\u0131\u015f \u2013 bir di\u011fer sekt\u00f6r olan e\u011fitimde de uzaktan e\u011fitim \u00e7abalar\u0131n\u0131n \u00f6n saflar\u0131nday\u0131z. Pek \u00e7ok \u00fclkede gerekli ve yeterli kaynak ve b\u00fct\u00e7eden yoksun \u015fekilde okullara ve fiziki e\u011fitime d\u00f6nmeye zorlan\u0131yoruz. Buna ek olarak, \u00e7o\u011funlukla bizim \u00fczerimize bindirilen bak\u0131m ve ev i\u015flerindeki art\u0131\u015f bizi g\u00fcnde \u00e7ift, hatta \u00fc\u00e7 vardiya yapmaya zorlayarak bedensel ve zihinsel olarak t\u00fcketiyor. Sanayide ise \u00f6rne\u011fin tekstil sekt\u00f6r\u00fcnde oldu\u011fu gibi, en d\u00fc\u015f\u00fck maa\u015fl\u0131 i\u015flerde \u00e7al\u0131\u015fanlar\u0131n \u00e7o\u011funlu\u011funu gene bizler olu\u015fturuyoruz.<\/p>\n<p>Bu d\u00f6nemde toplumsal cinsiyet \u015fiddeti de ac\u0131mas\u0131zca artmaya devam etti; kad\u0131n cinayetleri h\u00fck\u00fcmetlerin su\u00e7 ortakl\u0131\u011f\u0131 ve cezas\u0131zl\u0131k politikalar\u0131 nedeniyle katland\u0131. Meksika\u2019da salg\u0131n d\u00f6neminde g\u00fcnl\u00fck kad\u0131n cinayeti say\u0131s\u0131 10\u2019dan 11\u2019e y\u00fckseldi; BM ge\u00e7en y\u0131l\u0131n nisan ay\u0131na kadar 243 milyon kad\u0131n\u0131n cinsel veya fiziksel \u015fiddete maruz kald\u0131\u011f\u0131n\u0131 ve bu say\u0131n\u0131n \u00f6n\u00fcm\u00fczdeki aylarda artaca\u011f\u0131n\u0131n tahmin edildi\u011fini s\u00f6yleyen bir a\u00e7\u0131klama yapt\u0131. Karantinalar ve eve kapanmalar s\u0131ras\u0131nda toplumsal cinsiyet \u015fiddetine y\u00f6nelik acil numaralara yap\u0131lan aramalar baz\u0131 \u00fclkelerde be\u015f kata kadar artt\u0131. Farkl\u0131 cinsel kimliklere sahip birey ve gruplara y\u00f6nelik nefret su\u00e7lar\u0131 da durdurulmad\u0131.<\/p>\n<p>Salg\u0131n\u0131n ortas\u0131nda milyonlarca kad\u0131n otoriter rejimlerin zulm\u00fcnden, sava\u015flardan veya yoksulluktan ka\u00e7arak g\u00f6\u00e7e zorlanmaya devam etti. G\u00f6\u00e7men ve m\u00fclteci kad\u0131nlar son derece g\u00fcvencesiz ko\u015fullarda kay\u0131td\u0131\u015f\u0131 \u00e7al\u0131\u015fmaya zorlan\u0131yorlar ve BM, g\u00f6\u00e7 eden kad\u0131nlar\u0131n y\u00fczde 80\u2019inin ge\u00e7i\u015f s\u0131ras\u0131nda cinsel \u015fiddete maruz kald\u0131\u011f\u0131n\u0131 veya seks ka\u00e7ak\u00e7\u0131l\u0131\u011f\u0131 ve s\u00f6m\u00fcr\u00fcs\u00fcn\u00fcn kurban\u0131 oldu\u011funu tahmin ediyor. Dolay\u0131s\u0131yla g\u00f6\u00e7men ve m\u00fclteci kad\u0131nlar, t\u0131pk\u0131 di\u011fer kad\u0131n emek\u00e7iler gibi ekonomik ve fiziksel g\u00fcvensizli\u011fe, yoksullu\u011fa mahk\u00fbm edilirken, bu durumun ya\u015famlar\u0131 \u00fczerindeki etkileri \u00e7ok daha \u015fiddetli oluyor. \u0130\u00e7 sava\u015flar, \u00e7at\u0131\u015fmalar, emperyalist sald\u0131r\u0131lar, g\u00f6\u00e7 ko\u015fullar\u0131, sosyal ve yap\u0131sal ayr\u0131mc\u0131l\u0131k ve yoksulluk nedeniyle temel sa\u011fl\u0131k hizmetlerine eri\u015fim eksikli\u011fi, g\u00f6\u00e7men ve m\u00fclteci kad\u0131nlar\u0131n a\u015f\u0131lara eri\u015fim bir yana, Covid-19\u2019a kar\u015f\u0131 temel tedbir veya tedavilere bile ula\u015fmalar\u0131n\u0131 engelliyor.<\/p>\n<p>T\u00fcm bunlar ya\u015fan\u0131rken h\u00fck\u00fcmetler ise b\u00fcy\u00fck ila\u00e7 \u015firketlerini a\u015f\u0131 patentleriyle zenginle\u015ftirmek, adaletsiz bir a\u015f\u0131 da\u011f\u0131t\u0131m\u0131 yapmak ve sa\u011fl\u0131k hakk\u0131m\u0131z\u0131 k\u0131s\u0131tlamak i\u00e7in salg\u0131ndan yararlanmaya devam etti; bu su\u00e7un cezas\u0131n\u0131 ise en yoksul \u00fclkeler ve bir b\u00fct\u00fcn olarak i\u015f\u00e7i s\u0131n\u0131f\u0131 sa\u011fl\u0131\u011f\u0131 ve hayat\u0131 ile \u00f6demeye devam ediyor. Bu nedenle, birka\u00e7 laboratuvar\u0131n elinde toplanm\u0131\u015f a\u015f\u0131 patentlerinin kald\u0131r\u0131lmas\u0131n\u0131, t\u00fcm \u00fclkelerde kapsaml\u0131 ve \u00fccretsiz bir a\u015f\u0131lama plan\u0131 uygulanmas\u0131n\u0131 talep eden \u201cHerkes i\u00e7in a\u015f\u0131\u201d uluslararas\u0131 kampanyas\u0131n\u0131n bir par\u00e7as\u0131y\u0131z.<\/p>\n<p>\u0130\u015f\u00e7ilerin Uluslararas\u0131 Birli\u011fi \u2013 D\u00f6rd\u00fcnc\u00fc Enternasyonal olarak, bu 8 Mart Emek\u00e7i Kad\u0131nlar G\u00fcn\u00fc\u2019nde t\u00fcm kad\u0131nlar\u0131 d\u00fcnyan\u0131n her yerinde feminist m\u00fccadelenin \u00f6rg\u00fctlenmesini ve seferberli\u011fini g\u00fc\u00e7lendirmeye; haklar\u0131m\u0131z\u0131 elimizden almaya \u00e7al\u0131\u015fan, ba\u015f\u0131m\u0131za bela olan \u015fiddet ve e\u015fitsizli\u011fe kar\u015f\u0131 hi\u00e7bir \u00f6nlem almazken b\u00fcy\u00fck \u015firketlerin k\u00e2rlar\u0131na sahip \u00e7\u0131kmaya ve \u0130MF gibi emperyalist \u00f6rg\u00fctlere d\u0131\u015f bor\u00e7lar\u0131n\u0131 \u00f6demeye devam eden, bu \u015fekilde kapitalist krizin faturas\u0131n\u0131 bizim omuzlar\u0131m\u0131za y\u0131kmaya \u00e7al\u0131\u015fan h\u00fck\u00fcmetlerin kemer s\u0131kma planlar\u0131na kar\u015f\u0131 m\u00fccadele etmeye \u00e7a\u011f\u0131r\u0131yoruz. D\u0131\u015f bor\u00e7lar\u0131n \u00f6denmesi durdurulsun! Cinsiyete dayal\u0131 \u015fiddetin ortadan kald\u0131r\u0131lmas\u0131n\u0131 istiyoruz! Sa\u011fl\u0131k, e\u011fitim ve emek\u00e7iler i\u00e7in b\u00fct\u00e7e istiyoruz! Emek\u00e7i kad\u0131nlar olarak krizin faturas\u0131n\u0131 \u00f6demeyece\u011fiz!<\/p>\n<p>H\u00fck\u00fcmetler, kilise ve di\u011fer t\u00fcm dini kurumlar ve \u00e7okuluslu \u015firketler, \u00f6rne\u011fin Honduras\u2019ta ve Polonya\u2019da k\u00fcrtaj\u0131 neredeyse tamamen yasaklayarak su\u00e7 sayar ya da T\u00fcrkiye\u2019de oldu\u011fu gibi \u015fiddetin \u00f6nlenmesi noktas\u0131nda kad\u0131nlar\u0131n \u00f6nemli bir kazan\u0131m\u0131 olan \u0130stanbul S\u00f6zle\u015fmesi\u2019nden geri \u00e7ekilmeyi g\u00fcndeme getirirken, biz t\u00fcm kad\u0131nlar\u0131 haklar\u0131m\u0131z\u0131 savunmak i\u00e7in harekete ge\u00e7meye ve \u00f6rg\u00fctl\u00fc m\u00fccadeleye sahip \u00e7\u0131kmaya \u00e7a\u011f\u0131r\u0131yoruz. T\u00fcm bu politikalar kad\u0131n haklar\u0131na sald\u0131ran ve kad\u0131n hareketini kriminalize etmeye y\u00f6nelik gerici politikalard\u0131r. Bu kapitalist ve ataerkil toplumda kad\u0131nlar olarak m\u00fccadele etmeyi b\u0131rakmamam\u0131z gerekti\u011fi her ge\u00e7en g\u00fcn daha a\u00e7\u0131k hale geliyor.<\/p>\n<p>T\u00fcm kad\u0131nlar\u0131, h\u00fck\u00fcmetlerden ba\u011f\u0131ms\u0131z bir feminist hareketi y\u00fckseltmeye ve onu g\u00fc\u00e7lendirmek i\u00e7in uluslararas\u0131 kampanyalar etraf\u0131nda birle\u015fmeye \u00e7a\u011f\u0131r\u0131yoruz. Kad\u0131na y\u00f6nelik her t\u00fcrl\u00fc \u015fiddeti sonland\u0131ral\u0131m! 8 Mart\u2019\u0131, salg\u0131na ra\u011fmen sokaklara d\u00f6k\u00fclerek bir \u00f6ld\u00fcr\u00fclm\u00fc\u015f, bir kay\u0131p, bir siyasi tutuklu kad\u0131n daha istemiyoruz, yani \u201cbir kad\u0131n daha eksilmek istemiyoruz\u201d (#NiUnaMenos) diye hayk\u0131raca\u011f\u0131m\u0131z tarihi bir m\u00fccadele g\u00fcn\u00fc olarak in\u015fa edelim! Sa\u011fl\u0131k \u00e7al\u0131\u015fanlar\u0131n\u0131n pandemiyle etkili bir \u015fekilde m\u00fccadele etmelerini sa\u011flayacak d\u00fczg\u00fcn \u00e7al\u0131\u015fma ko\u015fullar\u0131na sahip olma m\u00fccadelelerine tam destek verelim! K\u00fcresel ve eri\u015filebilir a\u015f\u0131lama i\u00e7in a\u015f\u0131 patentlerine kar\u015f\u0131 m\u00fccadele edelim!<\/p>\n<p>Arjantin\u2019den y\u00fckselen ye\u015fil dalgay\u0131, h\u00fck\u00fcmetlerden k\u00fcrtaj\u0131n yasalla\u015fmas\u0131n\u0131 talep etmek i\u00e7in sokaklar\u0131 b\u0131rakmayarak t\u00fcm k\u0131talara yayal\u0131m! G\u00f6\u00e7men ve m\u00fclteci kad\u0131nlar\u0131n t\u00fcm haklar\u0131n\u0131 savunal\u0131m! S\u0131n\u0131rlar a\u00e7\u0131ls\u0131n! Ve son olarak \u0131rk\u00e7\u0131l\u0131\u011fa, yabanc\u0131 d\u00fc\u015fmanl\u0131\u011f\u0131na ve hareketimizin bast\u0131r\u0131lmaya ve kriminalize edilmeye \u00e7al\u0131\u015f\u0131lmas\u0131na kar\u015f\u0131 m\u00fccadelelerimizi birle\u015ftirelim! Haklar\u0131m\u0131z i\u00e7in s\u00fcrd\u00fcrd\u00fc\u011f\u00fcm\u00fcz seferberli\u011fimizi durduramayacaklar! Buna izin vermeyece\u011fiz! Bizi asla susturamayacaklar!<\/p>\n<p>T\u00fcm emek\u00e7i kad\u0131nlar\u0131, g\u00fcvencesiz gen\u00e7leri, g\u00f6\u00e7menleri; i\u015fyerlerinde, okullarda, sendikalarda ve mahallelerde \u00f6rg\u00fctlenmeye, seferberliklere kitlesel olarak kat\u0131lmaya ve sendika b\u00fcrokrasilerinin engelleyici rol\u00fcne ra\u011fmen (feminist) grev ilan edebildi\u011fimiz yerlerde greve kat\u0131lmaya \u00e7a\u011f\u0131r\u0131yoruz. Her t\u00fcr s\u00f6m\u00fcr\u00fc ve bask\u0131ya, dincili\u011fe, kapitalizme, \u0131rk\u00e7\u0131l\u0131\u011fa ve ataerkiye kar\u015f\u0131 feminist hareketi y\u00fckseltelim! Haklar\u0131m\u0131z i\u00e7in ve krizin faturas\u0131n\u0131 kapitalistlerin \u00f6demesi i\u00e7in bu 8 Mart\u2019ta da sokaklarday\u0131z!<\/p>\n<p style=\"text-align: right;\"><em><strong>\u0130UB-DE&#8217;den Kad\u0131nlar<\/strong><\/em><\/p>\n<p>&nbsp;<\/p>\n<p>&nbsp;<\/p>\n","protected":false},"excerpt":{"rendered":"<p>\u0130\u015f\u00e7ilerin Uluslararas\u0131 Birli\u011fi \u2013 D\u00f6rd\u00fcnc\u00fc Enternasyonal\u2019den kad\u0131nlar\u0131n, 8 Mart Uluslararas\u0131 Kad\u0131nlar G\u00fcn\u00fc \u00fczerine yay\u0131mlad\u0131\u011f\u0131 bildiriyi okurlar\u0131m\u0131zla payla\u015f\u0131yoruz. Pandeminin ortaya \u00e7\u0131k\u0131\u015f\u0131ndan yakla\u015f\u0131k bir y\u0131l sonra, kad\u0131nlar\u0131n ya\u015fam ko\u015fullar\u0131 giderek k\u00f6t\u00fcle\u015fiyor. Ekonomik ve emek g\u00fcvencesizli\u011fi, e\u015fitsizlik ve kad\u0131na y\u00f6nelik \u015fiddet, sa\u011fl\u0131k krizi ve kapitalist ekonomik kriz birle\u015ferek, g\u00fcnden g\u00fcne b\u00fcy\u00fcyen ba\u015fka salg\u0131nlar haline gelmi\u015f durumda. Biz kad\u0131nlar [&hellip;]<\/p>\n","protected":false},"author":10,"featured_media":886,"comment_status":"closed","ping_status":"closed","sticky":false,"template":"","format":"standard","meta":{"footnotes":""},"categories":[82],"tags":[120,103],"class_list":["post-885","post","type-post","status-publish","format-standard","has-post-thumbnail","hentry","category-uluslararasi-mucadele","tag-8-mart","tag-uluslararasi-kadin-hareketi"],"_links":{"self":[{"href":"https:\/\/www.kadindayanismasi.net\/index.php\/wp-json\/wp\/v2\/posts\/885","targetHints":{"allow":["GET"]}}],"collection":[{"href":"https:\/\/www.kadindayanismasi.net\/index.php\/wp-json\/wp\/v2\/posts"}],"about":[{"href":"https:\/\/www.kadindayanismasi.net\/index.php\/wp-json\/wp\/v2\/types\/post"}],"author":[{"embeddable":true,"href":"https:\/\/www.kadindayanismasi.net\/index.php\/wp-json\/wp\/v2\/users\/10"}],"replies":[{"embeddable":true,"href":"https:\/\/www.kadindayanismasi.net\/index.php\/wp-json\/wp\/v2\/comments?post=885"}],"version-history":[{"count":1,"href":"https:\/\/www.kadindayanismasi.net\/index.php\/wp-json\/wp\/v2\/posts\/885\/revisions"}],"predecessor-version":[{"id":887,"href":"https:\/\/www.kadindayanismasi.net\/index.php\/wp-json\/wp\/v2\/posts\/885\/revisions\/887"}],"wp:featuredmedia":[{"embeddable":true,"href":"https:\/\/www.kadindayanismasi.net\/index.php\/wp-json\/wp\/v2\/media\/886"}],"wp:attachment":[{"href":"https:\/\/www.kadindayanismasi.net\/index.php\/wp-json\/wp\/v2\/media?parent=885"}],"wp:term":[{"taxonomy":"category","embeddable":true,"href":"https:\/\/www.kadindayanismasi.net\/index.php\/wp-json\/wp\/v2\/categories?post=885"},{"taxonomy":"post_tag","embeddable":true,"href":"https:\/\/www.kadindayanismasi.net\/index.php\/wp-json\/wp\/v2\/tags?post=885"}],"curies":[{"name":"wp","href":"https:\/\/api.w.org\/{rel}","templated":true}]}}