{"id":946,"date":"2021-03-29T12:15:40","date_gmt":"2021-03-29T09:15:40","guid":{"rendered":"https:\/\/www.kadindayanismasi.net\/?p=946"},"modified":"2022-03-12T14:00:42","modified_gmt":"2022-03-12T11:00:42","slug":"haklarimiz-ve-hayatlarimiz-sahipsiz-degildir-istanbul-sozlesmesi-bizimdir","status":"publish","type":"post","link":"https:\/\/www.kadindayanismasi.net\/index.php\/2021\/03\/29\/haklarimiz-ve-hayatlarimiz-sahipsiz-degildir-istanbul-sozlesmesi-bizimdir\/","title":{"rendered":"Haklar\u0131m\u0131z ve hayatlar\u0131m\u0131z sahipsiz de\u011fildir! \u0130stanbul S\u00f6zle\u015fmesi bizimdir!"},"content":{"rendered":"<p>Yaz aylar\u0131nda \u0130stanbul S\u00f6zle\u015fmesi daha hen\u00fcz tart\u0131\u015fmaya a\u00e7\u0131ld\u0131\u011f\u0131nda binlerce kad\u0131n sokaklara d\u00f6k\u00fcld\u00fck. T\u00fcrkiye \u00e7ap\u0131nda pek \u00e7ok ilde \u201c\u0130stanbul S\u00f6zle\u015fmesi\u2019ni&nbsp;tart\u0131\u015fmay\u0131 b\u0131rak\u0131n, etkin uygulay\u0131n\u201d diyerek g\u00fcnlerce ses \u00e7\u0131kard\u0131k. \u0130stanbul S\u00f6zle\u015fmesi aleyhine her haber \u00e7\u0131kt\u0131\u011f\u0131nda daha da b\u00fcy\u00fcd\u00fck, g\u00fc\u00e7lendik; her eylemde yeni insanlarla tan\u0131\u015ft\u0131k, tencere tava \u00e7alarken kendi mahallemizle, kom\u015fumuzla kayna\u015ft\u0131k. 20 Mart gecesi Tek Adam rejimi bir fermanla s\u00f6zle\u015fmeyi feshetti\u011fini a\u00e7\u0131klad\u0131\u011f\u0131nda ise biz zaten birbirimize \u00e7oktan kenetlenmi\u015ftik. Haklar\u0131m\u0131z da \u0130stanbul S\u00f6zle\u015fmesi de sahipsiz de\u011fildir! \u0130stanbul S\u00f6zle\u015fmesi; hayatlar\u0131, haklar\u0131 i\u00e7in m\u00fccadele eden kad\u0131nlar\u0131n ve LGBT\u0130+\u2019lar\u0131nd\u0131r!<\/p>\n<p><strong>Neden \u015fimdi?<\/strong><\/p>\n<p>\u0130ktidar s\u00f6zle\u015fmeden geri \u00e7ekilmeyi aylard\u0131r istiyordu, zaten imzalamay\u0131 da hi\u00e7 istememi\u015fti ki! A\u0130HM karar\u0131 ile mahk\u00fbm edilip k\u0131nand\u0131ktan sonra h\u00fck\u00fcmet, kad\u0131na y\u00f6nelik \u015fiddetle m\u00fccadeleyi AB kar\u015f\u0131s\u0131nda bir proje haline getirerek, itibar\u0131n\u0131 toparlamak i\u00e7in s\u00f6zle\u015fmeyi vitrin olarak kullanm\u0131\u015ft\u0131. Dolay\u0131s\u0131yla bug\u00fcn \u00e7ekilme karar\u0131 da hi\u00e7 \u015fa\u015f\u0131rt\u0131c\u0131 de\u011fil. \u00c7\u00fcnk\u00fc \u0130stanbul S\u00f6zle\u015fmesi sadece \u015fiddete u\u011frayan kad\u0131nlar\u0131 korumaya y\u00f6nelik de\u011fil, ayn\u0131 zamanda kad\u0131nlara ve LGBT\u0130+\u2019lara y\u00f6nelik her t\u00fcrl\u00fc \u015fiddeti \u00f6nlemeye ve ortadan kald\u0131rmaya y\u00f6nelik bir toplumsal in\u015fay\u0131 \u00f6ng\u00f6ren bir s\u00f6zle\u015fme. Bunun i\u00e7in de s\u0131\u011f\u0131nmaevlerine b\u00fct\u00e7e ay\u0131rmak, \u015fiddete u\u011frayan kad\u0131n ve LGBT\u0130+\u2019lara ya\u015fama, \u00e7al\u0131\u015fma haklar\u0131n\u0131 sa\u011flamak ve failleri ger\u00e7ekten cezaland\u0131rmak gerekiyor. Ba\u015f\u0131ndan beri muhafazak\u00e2r ve neoliberal politikalar ekseninde kurgulad\u0131\u011f\u0131 rejimini ilerletmek ad\u0131na toplumsal cinsiyet e\u015fitli\u011finin kar\u015f\u0131s\u0131nda duran, her f\u0131rsatta kad\u0131nlar\u0131n k\u00fcrtaj vb. kazan\u0131lm\u0131\u015f haklar\u0131na y\u00f6nelik gerici hamlelerde bulunan, kad\u0131n ve trans cinayetlerini ve erkek \u015fiddetini cezas\u0131zl\u0131k politikalar\u0131 ile te\u015fvik eden bir h\u00fck\u00fcmetin \u0130stanbul S\u00f6zle\u015fmesi\u2019ni tutacak kadar kayg\u0131lanacak, kaybedecek bir itibar\u0131 da zaten yok.<\/p>\n<p>\u0130stanbul S\u00f6zle\u015fmesi tart\u0131\u015fmalar\u0131n\u0131 genel politik atmosferden ba\u011f\u0131ms\u0131z d\u00fc\u015f\u00fcnmek imk\u00e2ns\u0131z. Fesih karar\u0131n\u0131n arkas\u0131nda gitgide g\u00fc\u00e7s\u00fczle\u015fen, ittifaklar\u0131n\u0131 yitiren ve toplumsal muhalefet\u00e7e s\u0131k\u0131\u015ft\u0131r\u0131lan, y\u00f6netemeyen&nbsp;bir Tek Adam rejiminin, dinci ve milliyet\u00e7i g\u00fc\u00e7 odaklar\u0131yla ittifak\u0131n\u0131 sa\u011flamla\u015ft\u0131rma kayg\u0131s\u0131 oldu\u011funu s\u00f6yleyebiliriz. Ayn\u0131 Ayasofya\u2019n\u0131n ibadete a\u00e7\u0131lmas\u0131 meselesinde oldu\u011fu gibi. Dolay\u0131s\u0131yla zamanlamay\u0131 iktidar\u0131n kendi rejiminin s\u0131n\u0131rlar\u0131 \u00e7er\u00e7evesinde art\u0131k engelleyemedi\u011fi ekonomik y\u0131k\u0131m, giderek kaybedilen toplumsal r\u0131za ve iyice belirginle\u015fen y\u00f6netme beceriksizli\u011fi kar\u015f\u0131s\u0131nda en gerici ve bask\u0131c\u0131 unsurlara dayanarak iktidar\u0131n\u0131n \u00f6mr\u00fcn\u00fc uzatma \u00e7abas\u0131 \u00e7er\u00e7evesinde okuyabiliriz.<\/p>\n<p>Ayn\u0131 zamanda, kad\u0131nlar ev i\u00e7inde en yak\u0131nlar\u0131 taraf\u0131ndan \u00f6ld\u00fcr\u00fclmeye devam ederken, s\u00f6zle\u015fmeyle ilgili hemen her tart\u0131\u015fmada \u201cKad\u0131n g\u00fc\u00e7l\u00fc olursa aile de g\u00fc\u00e7l\u00fc olur\u201d t\u00fcr\u00fc muhafazak\u00e2r s\u00f6ylemler ve 2023 manifestosu i\u00e7in ilan etti\u011fi gibi merkeze kad\u0131n\u0131 de\u011fil, kad\u0131na tahakk\u00fcm \u00fczerine kurulu aileyi alan ifadeler ise&nbsp;kad\u0131n\u0131n e\u015fitlik ve \u00f6zg\u00fcrl\u00fck m\u00fccadelesinin iktidar a\u00e7\u0131s\u0131ndan hem politik hem ekonomik olarak ne denli maliyetli oldu\u011funu a\u00e7\u0131\u011fa \u00e7\u0131kar\u0131yor! Tek Adam rejimi i\u00e7in, ekonomik kriz ko\u015fullar\u0131nda kad\u0131nlara ev i\u00e7i emek k\u00f6leli\u011fini, \u00f6m\u00fcr boyu bak\u0131c\u0131l\u0131\u011f\u0131, \u015fiddeti ve bask\u0131y\u0131 reva g\u00f6ren bug\u00fcnk\u00fc aile d\u00fczenini korumak her zamankinden daha gerekli. Ayr\u0131ca bu y\u00f6ntem,&nbsp;artan kad\u0131n i\u015fsizli\u011fini ev i\u00e7inde gizlemeyi kolayla\u015ft\u0131r\u0131yor. Dolay\u0131s\u0131yla \u0130stanbul S\u00f6zle\u015fmesi ve bu s\u00f6zle\u015fme i\u00e7in sokaklar\u0131 terk etmeyen kad\u0131n hareketinin iktidara neden bu kadar rahats\u0131zl\u0131k verdi\u011fini bu ko\u015fullarla net anlayabiliriz.<\/p>\n<p><strong>Fesih karar\u0131 yaln\u0131zca kad\u0131nlara d\u00f6n\u00fck bir sald\u0131r\u0131 de\u011fildir<\/strong><\/p>\n<p>\u00d6te yandan,<strong>&nbsp;<\/strong>\u0130stanbul S\u00f6zle\u015fmesi\u2019ni fesih karar\u0131 yaln\u0131zca kad\u0131nlara ve LGBT\u0130+\u2019lara de\u011fil, temel hak ve \u00f6zg\u00fcrl\u00fcklerini kullanmak; e\u015fit, \u00f6zg\u00fcr ve \u015fiddetten uzak bir ya\u015fam s\u00fcrmek isteyen herkese kar\u015f\u0131 bir sald\u0131r\u0131d\u0131r. Tek Adam rejimi toplumsal me\u015fruiyetini kazanana kadar K\u00fcrtlere, kad\u0131nlara, \u00f6\u011frencilere, do\u011faya, k\u00fclt\u00fcre, bilime ve eme\u011fe sald\u0131rmaya devam edecek; tabiri caizse ba\u015f\u0131 kesik tavuk gibi \u00f6n\u00fcne \u00e7\u0131kan herkese \u00e7arpacak ve can verene kadar ne kazan\u0131lm\u0131\u015f haklar\u0131m\u0131za d\u00f6n\u00fck sald\u0131r\u0131lar ne de genel olarak muhalif kesimlere d\u00f6n\u00fck artan bask\u0131 ve uygulamalar bitecektir.<\/p>\n<p>Maruz kald\u0131\u011f\u0131m\u0131z siyasi ve ekonomik bask\u0131lar\u0131n sona ermesinin tek yolu, erkek egemen kapitalist sistemle m\u00fccadeleden ge\u00e7iyor. Biz kad\u0131nlar, m\u00fccadelelerle kazan\u0131lm\u0131\u015f haklar\u0131n bir oldubitti ile yok say\u0131lmamas\u0131 i\u00e7in, \u0130stanbul S\u00f6zle\u015fmesi, haklar\u0131m\u0131z ve hayatlar\u0131m\u0131z i\u00e7in m\u00fccadelede \u0131srar edece\u011fiz! Ve ayn\u0131 \u0131srar\u0131 toplumun haklar\u0131 ve iradesi yok say\u0131lan t\u00fcm kesimleri olarak&nbsp;g\u00fcc\u00fcm\u00fcz\u00fc ve m\u00fccadelelerimizi birle\u015ftirme noktas\u0131nda da g\u00f6stermemiz gerekiyor.<\/p>\n","protected":false},"excerpt":{"rendered":"<p>Yaz aylar\u0131nda \u0130stanbul S\u00f6zle\u015fmesi daha hen\u00fcz tart\u0131\u015fmaya a\u00e7\u0131ld\u0131\u011f\u0131nda binlerce kad\u0131n sokaklara d\u00f6k\u00fcld\u00fck. T\u00fcrkiye \u00e7ap\u0131nda pek \u00e7ok ilde \u201c\u0130stanbul S\u00f6zle\u015fmesi\u2019ni&nbsp;tart\u0131\u015fmay\u0131 b\u0131rak\u0131n, etkin uygulay\u0131n\u201d diyerek g\u00fcnlerce ses \u00e7\u0131kard\u0131k. \u0130stanbul S\u00f6zle\u015fmesi aleyhine her haber \u00e7\u0131kt\u0131\u011f\u0131nda daha da b\u00fcy\u00fcd\u00fck, g\u00fc\u00e7lendik; her eylemde yeni insanlarla tan\u0131\u015ft\u0131k, tencere tava \u00e7alarken kendi mahallemizle, kom\u015fumuzla kayna\u015ft\u0131k. 20 Mart gecesi Tek Adam rejimi bir [&hellip;]<\/p>\n","protected":false},"author":2,"featured_media":947,"comment_status":"closed","ping_status":"closed","sticky":false,"template":"","format":"standard","meta":{"footnotes":""},"categories":[126],"tags":[135,159],"class_list":["post-946","post","type-post","status-publish","format-standard","has-post-thumbnail","hentry","category-politika","tag-istanbul-sozlesmesi","tag-kadin-mucadelesi"],"_links":{"self":[{"href":"https:\/\/www.kadindayanismasi.net\/index.php\/wp-json\/wp\/v2\/posts\/946","targetHints":{"allow":["GET"]}}],"collection":[{"href":"https:\/\/www.kadindayanismasi.net\/index.php\/wp-json\/wp\/v2\/posts"}],"about":[{"href":"https:\/\/www.kadindayanismasi.net\/index.php\/wp-json\/wp\/v2\/types\/post"}],"author":[{"embeddable":true,"href":"https:\/\/www.kadindayanismasi.net\/index.php\/wp-json\/wp\/v2\/users\/2"}],"replies":[{"embeddable":true,"href":"https:\/\/www.kadindayanismasi.net\/index.php\/wp-json\/wp\/v2\/comments?post=946"}],"version-history":[{"count":3,"href":"https:\/\/www.kadindayanismasi.net\/index.php\/wp-json\/wp\/v2\/posts\/946\/revisions"}],"predecessor-version":[{"id":1616,"href":"https:\/\/www.kadindayanismasi.net\/index.php\/wp-json\/wp\/v2\/posts\/946\/revisions\/1616"}],"wp:featuredmedia":[{"embeddable":true,"href":"https:\/\/www.kadindayanismasi.net\/index.php\/wp-json\/wp\/v2\/media\/947"}],"wp:attachment":[{"href":"https:\/\/www.kadindayanismasi.net\/index.php\/wp-json\/wp\/v2\/media?parent=946"}],"wp:term":[{"taxonomy":"category","embeddable":true,"href":"https:\/\/www.kadindayanismasi.net\/index.php\/wp-json\/wp\/v2\/categories?post=946"},{"taxonomy":"post_tag","embeddable":true,"href":"https:\/\/www.kadindayanismasi.net\/index.php\/wp-json\/wp\/v2\/tags?post=946"}],"curies":[{"name":"wp","href":"https:\/\/api.w.org\/{rel}","templated":true}]}}